{"id":19296,"date":"2021-05-01T18:18:12","date_gmt":"2021-05-01T18:18:12","guid":{"rendered":"https:\/\/www.mujerhoy.com\/moda\/tendencias\/202105\/01\/vestido-corto-hym-aberturas-manga-abullonada-dos-estampados-casi-agotada-20210430203601.html"},"modified":"2021-05-01T18:18:12","modified_gmt":"2021-05-01T18:18:12","slug":"con-aberturas-manga-abullonada-y-disponible-en-dos-estampados-tu-tambien-querras-tener-este-vestido-corto-de-hm-antes-de-que-se-agote","status":"publish","type":"post","link":"http:\/\/hoycordobaweb.com\/index.php\/2021\/05\/01\/con-aberturas-manga-abullonada-y-disponible-en-dos-estampados-tu-tambien-querras-tener-este-vestido-corto-de-hm-antes-de-que-se-agote\/","title":{"rendered":"Con aberturas, manga abullonada y disponible en dos estampados: t\u00fa tambi\u00e9n querr\u00e1s tener este vestido corto de H&amp;M antes de que se agote"},"content":{"rendered":"<p>Casi en el ecuador de la primavera, nuestras marcas de cabecera siguen present\u00e1ndonos aut\u00e9nticas joyas estil\u00edsticas. Joyas entre las que destacan las <strong>prendas de flores<\/strong>, convertido en el estampado estrella de la temporada. Y es que todas han apostado por la tendencia m\u00e1s alegre de la primavera para salpicar prendas y complementos como el <a href=\"https:\/\/www.mujerhoy.com\/moda\/no-te-pierdas\/202104\/28\/conjunto-camisa-shorts-mas-bonito-barato-low-cost-nueva-coleccion-zara-se-agota-20210427171843.html\">conjunto de short y camiseta<\/a> que acaba de llegar a Zara y tienes que verlo antes de que se agote, el favorecedor y barat\u00edsimo <a href=\"https:\/\/www.mujerhoy.com\/moda\/no-te-pierdas\/202104\/26\/vestido-flores-primark-bonito-favorece-look-primavera-barato-arrasa-instagram-20210426125509.html\">vestido de flores de Primark<\/a>, o el incre\u00edble <a href=\"https:\/\/www.mujerhoy.com\/moda\/no-te-pierdas\/202104\/26\/vestido-flores-primark-bonito-favorece-look-primavera-barato-arrasa-instagram-20210426125509.html\">mono negro con margaritas<\/a> de Stradivarius. <\/p>\n<p>Y si hablamos de prendas de flores, tenemos que hablar de la <strong>colecci\u00f3n de H&amp;M<\/strong>, que nos ha presentado una l\u00ednea muy especial que ya arrasa en la calle y en Instagram, y donde destaca un vestido que nos ha enamorado.<\/p>\n<p>Disponible en dos opciones, una en verde y otra en amarillo, ambas salpicadas de alegres flores, la marca sueca nos propone un <strong>vestido corto<\/strong> s\u00faper bonito, favorecedor y barato.<\/p>\n<div class=\"comp_mm\">\n<figure><picture><source srcset=\"http:\/\/hoycordobaweb.com\/wp-content\/uploads\/2021\/05\/con-aberturas-manga-abullonada-y-disponible-en-dos-estampados-tu-tambien-querras-tener-este-vestido-corto-de-hm-antes-de-que-se-agote.jpg, http:\/\/hoycordobaweb.com\/wp-content\/uploads\/2021\/05\/con-aberturas-manga-abullonada-y-disponible-en-dos-estampados-tu-tambien-querras-tener-este-vestido-corto-de-hm-antes-de-que-se-agote.jpg 2x\" media=\"(min-width: 1054px)\"><source srcset=\"http:\/\/hoycordobaweb.com\/wp-content\/uploads\/2021\/05\/con-aberturas-manga-abullonada-y-disponible-en-dos-estampados-tu-tambien-querras-tener-este-vestido-corto-de-hm-antes-de-que-se-agote.jpg, http:\/\/hoycordobaweb.com\/wp-content\/uploads\/2021\/05\/con-aberturas-manga-abullonada-y-disponible-en-dos-estampados-tu-tambien-querras-tener-este-vestido-corto-de-hm-antes-de-que-se-agote.jpg 2x\" media=\"(min-width: 720px)\"><source srcset=\"https:\/\/resizer.mujerhoy.com\/resizer\/resizer.php?imagen=http:\/\/hoycordobaweb.com\/wp-content\/uploads\/2021\/05\/con-aberturas-manga-abullonada-y-disponible-en-dos-estampados-tu-tambien-querras-tener-este-vestido-corto-de-hm-antes-de-que-se-agote.jpg&amp;nuevoalto=714&amp;nuevoancho=476\"><img src=\"http:\/\/hoycordobaweb.com\/wp-content\/uploads\/2021\/05\/con-aberturas-manga-abullonada-y-disponible-en-dos-estampados-tu-tambien-querras-tener-este-vestido-corto-de-hm-antes-de-que-se-agote.jpg\" alt=\"Disponible en dos colores diferentes, este vestido corto con estampado floral ya se ha convertido en una de las prendas estrella de la colecci&amp;oacute;n.\" title=\"Disponible en dos colores diferentes, este vestido corto con estampado floral ya se ha convertido en una de las prendas estrella de la colecci&amp;oacute;n.\" itemprop=\"image\"><\/picture><figcaption> Disponible en dos colores diferentes, este vestido corto con estampado floral ya se ha convertido en una de las prendas estrella de la colecci\u00f3n. <span class=\"firma\"><\/span><\/figcaption><\/figure>\n<\/div>\n<p>Convertido en una de las estrellas de la colecci\u00f3n, este vestido en tejido flameado cuenta con una <strong>secci\u00f3n cut-out<\/strong> tanto en la parte delantera como en la trasera. <\/p>\n<p>Con mangas cortas abullonadas con remate el\u00e1stico, este vestido tiene un favorecedor escote de pico y un<strong> nudo decorativo<\/strong> que unido a la abertura deja parte del abdomen descubierto.<\/p>\n<div class=\"comp_mm\">\n<figure><picture><source srcset=\"http:\/\/hoycordobaweb.com\/wp-content\/uploads\/2021\/05\/con-aberturas-manga-abullonada-y-disponible-en-dos-estampados-tu-tambien-querras-tener-este-vestido-corto-de-hm-antes-de-que-se-agote-1.jpg, http:\/\/hoycordobaweb.com\/wp-content\/uploads\/2021\/05\/con-aberturas-manga-abullonada-y-disponible-en-dos-estampados-tu-tambien-querras-tener-este-vestido-corto-de-hm-antes-de-que-se-agote-1.jpg 2x\" media=\"(min-width: 1054px)\"><source srcset=\"http:\/\/hoycordobaweb.com\/wp-content\/uploads\/2021\/05\/con-aberturas-manga-abullonada-y-disponible-en-dos-estampados-tu-tambien-querras-tener-este-vestido-corto-de-hm-antes-de-que-se-agote-1.jpg, http:\/\/hoycordobaweb.com\/wp-content\/uploads\/2021\/05\/con-aberturas-manga-abullonada-y-disponible-en-dos-estampados-tu-tambien-querras-tener-este-vestido-corto-de-hm-antes-de-que-se-agote-1.jpg 2x\" media=\"(min-width: 720px)\"><source srcset=\"https:\/\/resizer.mujerhoy.com\/resizer\/resizer.php?imagen=http:\/\/hoycordobaweb.com\/wp-content\/uploads\/2021\/05\/con-aberturas-manga-abullonada-y-disponible-en-dos-estampados-tu-tambien-querras-tener-este-vestido-corto-de-hm-antes-de-que-se-agote-1.jpg&amp;nuevoalto=714&amp;nuevoancho=476\"><img src=\"http:\/\/hoycordobaweb.com\/wp-content\/uploads\/2021\/05\/con-aberturas-manga-abullonada-y-disponible-en-dos-estampados-tu-tambien-querras-tener-este-vestido-corto-de-hm-antes-de-que-se-agote-1.jpg\" alt=\"Con abertura en la parte delantera y en la trasera, este vestido de manga corta y escote de pico sienta de amarilla.\" title=\"Con abertura en la parte delantera y en la trasera, este vestido de manga corta y escote de pico sienta de amarilla.\" itemprop=\"image\"><\/picture><figcaption> Con abertura en la parte delantera y en la trasera, este vestido de manga corta y escote de pico sienta de amarilla. <span class=\"firma\"><\/span><\/figcaption><\/figure>\n<\/div>\n<p>Confeccionada en mezcla de lino y algod\u00f3n org\u00e1nico, esta prenda cuenta con el\u00e1stico en la abertura trasera y falda con vuelo. Un dise\u00f1o muy original que sienta de maravilla.<\/p>\n<p>Disponible desde la talla 32 a la 50, este vestido forma parte de la <strong>colecci\u00f3n de flores silvestres pintadas a mano<\/strong> de H&amp;M Tiene un precio de 24,99 euros.<\/p>\n<div class=\"tb-interesa\">\n<h3>Tambi\u00e9n te interesa<\/h3>\n<\/div>\n","protected":false},"excerpt":{"rendered":"<p>Casi en el ecuador de la primavera, nuestras marcas de cabecera siguen present\u00e1ndonos aut\u00e9nticas joyas estil\u00edsticas. Joyas entre las que destacan las prendas de flores, convertido en el estampado estrella de la temporada. Y es que todas han apostado por la tendencia m\u00e1s alegre de la primavera para salpicar prendas y complementos como el conjunto [&hellip;]<\/p>\n","protected":false},"author":1,"featured_media":19297,"comment_status":"closed","ping_status":"closed","sticky":false,"template":"","format":"standard","meta":[],"categories":[1],"tags":[],"_links":{"self":[{"href":"http:\/\/hoycordobaweb.com\/index.php\/wp-json\/wp\/v2\/posts\/19296"}],"collection":[{"href":"http:\/\/hoycordobaweb.com\/index.php\/wp-json\/wp\/v2\/posts"}],"about":[{"href":"http:\/\/hoycordobaweb.com\/index.php\/wp-json\/wp\/v2\/types\/post"}],"author":[{"embeddable":true,"href":"http:\/\/hoycordobaweb.com\/index.php\/wp-json\/wp\/v2\/users\/1"}],"replies":[{"embeddable":true,"href":"http:\/\/hoycordobaweb.com\/index.php\/wp-json\/wp\/v2\/comments?post=19296"}],"version-history":[{"count":0,"href":"http:\/\/hoycordobaweb.com\/index.php\/wp-json\/wp\/v2\/posts\/19296\/revisions"}],"wp:featuredmedia":[{"embeddable":true,"href":"http:\/\/hoycordobaweb.com\/index.php\/wp-json\/wp\/v2\/media\/19297"}],"wp:attachment":[{"href":"http:\/\/hoycordobaweb.com\/index.php\/wp-json\/wp\/v2\/media?parent=19296"}],"wp:term":[{"taxonomy":"category","embeddable":true,"href":"http:\/\/hoycordobaweb.com\/index.php\/wp-json\/wp\/v2\/categories?post=19296"},{"taxonomy":"post_tag","embeddable":true,"href":"http:\/\/hoycordobaweb.com\/index.php\/wp-json\/wp\/v2\/tags?post=19296"}],"curies":[{"name":"wp","href":"https:\/\/api.w.org\/{rel}","templated":true}]}}