{"id":19282,"date":"2021-05-03T17:18:00","date_gmt":"2021-05-03T17:18:00","guid":{"rendered":"https:\/\/www.ole.com.ar\/san-lorenzo\/murio-rafael-albrecht-san-lorenzo_0_9_CssV8ji.html"},"modified":"2021-05-03T17:18:00","modified_gmt":"2021-05-03T17:18:00","slug":"murio-rafael-albrecht-gloria-de-san-lorenzo","status":"publish","type":"post","link":"http:\/\/hoycordobaweb.com\/index.php\/2021\/05\/03\/murio-rafael-albrecht-gloria-de-san-lorenzo\/","title":{"rendered":"Muri\u00f3 Rafael Albrecht, gloria de San Lorenzo"},"content":{"rendered":"<p><img src=\"http:\/\/hoycordobaweb.com\/wp-content\/uploads\/2021\/05\/murio-rafael-albrecht-gloria-de-san-lorenzo.jpg\"><\/p>\n<div><img src=\"http:\/\/hoycordobaweb.com\/wp-content\/uploads\/2021\/05\/murio-rafael-albrecht-gloria-de-san-lorenzo.jpg\" class=\"ff-og-image-inserted\"><\/div>\n<p><strong>Rafael Albrecht<\/strong>, gloria eterna de San Lorenzo, <strong>muri\u00f3 este lunes a los 79<\/strong>. Hab\u00eda contra\u00eddo coronavirus y pas\u00f3 sus \u00faltimos d\u00edas internado en el Hospital Espa\u00f1ol a ra\u00edz de una neumon\u00eda. <strong>Fue un marcador central que no s\u00f3lo marc\u00f3 \u00e9poca en Boedo, sino tambi\u00e9n en la Selecci\u00f3n.<\/strong> Desde el fondo de la cancha, lleg\u00f3 a marcar <strong>95 goles en sus&nbsp;506 partidos como profesional.<\/strong><\/p>\n<div class=\"sp__Normal htmlLibre\">\n<div class=\"embed-responsive-c\" readability=\"9.8202898550725\">\n<blockquote class=\"twitter-tweet\" readability=\"13.391304347826\">\n<p lang=\"es\" dir=\"ltr\">Jugador extraordinario, de los mejores defensores en la historia del f\u00fatbol argentino, fue emblema de los Matadores que se consagraron campeones invictos en 1968.<\/p>\n<p>Rafael Albrecht, gloria eterna de San Lorenzo, falleci\u00f3 a los 79 a\u00f1os. <\/p>\n<p>\u00a1Nunca te olvidaremos, tucumano querido! <a href=\"https:\/\/t.co\/4TScWW6W0B\">pic.twitter.com\/4TScWW6W0B<\/a><\/p>\n<p>\u2014 San Lorenzo (@SanLorenzo) <a href=\"https:\/\/twitter.com\/SanLorenzo\/status\/1389258673676079108?ref_src=twsrc%5Etfw\">May 3, 2021<\/a><\/p><\/blockquote><\/div>\n<\/div>\n<div class=\"sp__Normal htmlLibre\">\n<div class=\"embed-responsive-c\" readability=\"7.3876221498371\">\n<blockquote class=\"twitter-tweet\" readability=\"9.0293159609121\">\n<p lang=\"es\" dir=\"ltr\"><a href=\"https:\/\/twitter.com\/hashtag\/ProfundoDolor?src=hash&amp;ref_src=twsrc%5Etfw\">#ProfundoDolor<\/a> La <a href=\"https:\/\/twitter.com\/afa?ref_src=twsrc%5Etfw\">@afa<\/a>, a trav\u00e9s de su Presidente Claudio Tapia, manifiesta su dolor por el fallecimiento de Jos\u00e9 Rafael Albrecht, reconocido ex futbolista del f\u00fatbol argentino y la Selecci\u00f3n, y expresa sus condolencias a familiares y seres queridos. <a href=\"https:\/\/t.co\/7lSPW39SR1\">pic.twitter.com\/7lSPW39SR1<\/a><\/p>\n<p>\u2014 AFA (@afa) <a href=\"https:\/\/twitter.com\/afa\/status\/1389259187960655879?ref_src=twsrc%5Etfw\">May 3, 2021<\/a><\/p><\/blockquote><\/div>\n<\/div>\n<p><strong>Lleg\u00f3 al f\u00fatbol profesional en 1957, a los 16 a\u00f1os, en Atl\u00e9tico Tucum\u00e1n. Tres a\u00f1os despu\u00e9s&nbsp; pas\u00f3 a Estudiantes<\/strong>. Y en 1963<u> arranc\u00f3 su etapa m\u00e1s prol\u00edfica en San Lorenzo.&nbsp;<\/u>Primero fue parte de los Carasucias con Narciso Horacio Doval, H\u00e9ctor Rodolfo Veira, Fernando Are\u00e1n, Victorio Casa y Roberto Telch.<\/p>\n<p><strong>Luego fue parte de un equipo que marc\u00f3 historia: Los Matadores.<\/strong> Aquel recordado campe\u00f3n invicto del Metro 98, conducido por el brasile\u00f1o Elba de Padua Lima, m\u00e1s conocido como Tim, quien qued\u00f3 cautivado por el talento de Albrecht.&nbsp;\u00abEs un astro. Ese es de los que conocen la hora de ir y la hora de quedarse. No necesita ninguna clase de consejo. Sabe todo. Puede jugar aqu\u00ed y en cualquier parte. Por calidad, personalidad y temperamento\u00bb.&nbsp;<\/p>\n<p>\u00ab<strong>Jugador extraordinario, de los mejores defensores en la historia del f\u00fatbol argentino, fue emblema de los Matadores <\/strong>que se consagraron campeones invictos en 1968. Rafael Albrecht, gloria eterna de San Lorenzo, falleci\u00f3 a los 79 a\u00f1os. \u00a1Nunca te olvidaremos, tucumano querido!\u00bb, escribi\u00f3 el club en Twitter.<\/p>\n<p>Adem\u00e1s, este segundo marcador centra<strong>l integr\u00f3 la Selecci\u00f3n en&nbsp;el Mundial&nbsp;1962 en Chile. Y en Inglaterra 1966 jug\u00f3 al lado de Roberto Perfumo<\/strong>. Con la Argentina, jug\u00f3 39 partidos y marc\u00f3 dos goles.<\/p>\n<p>Albrecht tambi\u00e9n <strong>dej\u00f3 su marca como experto en penales. Marc\u00f3 35 de los 37 que ejecut\u00f3<\/strong>. Sus \u00faltimos a\u00f1os en el f\u00fatbol fueron&nbsp;en M\u00e9xico. En 1974 se puso la camiseta de Le\u00f3n. Y desde 1975 hasta 1978 estuvo en Atlas, donde le puso punto final a su brillante carrera.&nbsp;<\/p>\n<div class=\"entry-tags\">\n<h2>TEMAS QUE APARECEN EN ESTA NOTA<\/h2>\n<\/p><\/div>\n","protected":false},"excerpt":{"rendered":"<p>Rafael Albrecht, gloria eterna de San Lorenzo, muri\u00f3 este lunes a los 79. Hab\u00eda contra\u00eddo coronavirus y pas\u00f3 sus \u00faltimos d\u00edas internado en el Hospital Espa\u00f1ol a ra\u00edz de una neumon\u00eda. Fue un marcador central que no s\u00f3lo marc\u00f3 \u00e9poca en Boedo, sino tambi\u00e9n en la Selecci\u00f3n. Desde el fondo de la cancha, lleg\u00f3 a [&hellip;]<\/p>\n","protected":false},"author":1,"featured_media":19283,"comment_status":"open","ping_status":"closed","sticky":false,"template":"","format":"standard","meta":[],"categories":[16],"tags":[],"_links":{"self":[{"href":"http:\/\/hoycordobaweb.com\/index.php\/wp-json\/wp\/v2\/posts\/19282"}],"collection":[{"href":"http:\/\/hoycordobaweb.com\/index.php\/wp-json\/wp\/v2\/posts"}],"about":[{"href":"http:\/\/hoycordobaweb.com\/index.php\/wp-json\/wp\/v2\/types\/post"}],"author":[{"embeddable":true,"href":"http:\/\/hoycordobaweb.com\/index.php\/wp-json\/wp\/v2\/users\/1"}],"replies":[{"embeddable":true,"href":"http:\/\/hoycordobaweb.com\/index.php\/wp-json\/wp\/v2\/comments?post=19282"}],"version-history":[{"count":0,"href":"http:\/\/hoycordobaweb.com\/index.php\/wp-json\/wp\/v2\/posts\/19282\/revisions"}],"wp:featuredmedia":[{"embeddable":true,"href":"http:\/\/hoycordobaweb.com\/index.php\/wp-json\/wp\/v2\/media\/19283"}],"wp:attachment":[{"href":"http:\/\/hoycordobaweb.com\/index.php\/wp-json\/wp\/v2\/media?parent=19282"}],"wp:term":[{"taxonomy":"category","embeddable":true,"href":"http:\/\/hoycordobaweb.com\/index.php\/wp-json\/wp\/v2\/categories?post=19282"},{"taxonomy":"post_tag","embeddable":true,"href":"http:\/\/hoycordobaweb.com\/index.php\/wp-json\/wp\/v2\/tags?post=19282"}],"curies":[{"name":"wp","href":"https:\/\/api.w.org\/{rel}","templated":true}]}}