{"id":19269,"date":"2021-05-03T17:46:10","date_gmt":"2021-05-03T17:46:10","guid":{"rendered":"http:\/\/ladecimaweb.com\/?p=9547"},"modified":"2021-05-03T17:46:10","modified_gmt":"2021-05-03T17:46:10","slug":"economia-popular-crean-un-registro-para-los-trabajadores-de-los-paseos-y-ferias-barriales","status":"publish","type":"post","link":"http:\/\/hoycordobaweb.com\/index.php\/2021\/05\/03\/economia-popular-crean-un-registro-para-los-trabajadores-de-los-paseos-y-ferias-barriales\/","title":{"rendered":"Econom\u00eda popular: crean un registro para los trabajadores de los paseos y ferias barriales"},"content":{"rendered":"<p><em>(Info de gobierno)<\/em> El intendente Mart\u00edn Llaryora, acompa\u00f1ado por el secretario de Pol\u00edticas Sociales, Inclusi\u00f3n y Convivencia, Ra\u00fal La Cava y la Subsecretaria de Planificaci\u00f3n y Gesti\u00f3n, Liliana Montero, firm\u00f3 la Resoluci\u00f3n que reglamenta los Paseos de la Econom\u00eda Popular de la ciudad, y cre\u00f3 el Registro Municipal de Trabajadoras y Trabajadores Feriantes de la Econom\u00eda Social y Popular.<\/p>\n<p>La reglamentaci\u00f3n estaba contemplada en la Ordenanza N\u00b012.975 del a\u00f1o 2019, la cual nunca hab\u00eda sido oficializada hasta hoy. De esta manera, la Municipalidad establece el nombre, emplazamiento, espacios, puestos, y dem\u00e1s caracter\u00edsticas de cada feria, oficializ\u00e1ndolas.<\/p>\n<p>\u201cEn virtud de la econom\u00eda, siempre hablo de 4 C: Econom\u00eda del Conocimiento, Creatividad, Circular y Comunitaria, todas con perspectiva de g\u00e9nero y diversidades. Estamos convencidos de que la econom\u00eda social y comunitaria es una realidad para la empleabilidad, y esa es una voluntad pol\u00edtica que plasmamos en acciones\u201d, expres\u00f3 Llaryora.<\/p>\n<p><img loading=\"lazy\" class=\" wp-image-9549 aligncenter\" src=\"http:\/\/hoycordobaweb.com\/wp-content\/uploads\/2021\/05\/economia-popular-crean-un-registro-para-los-trabajadores-de-los-paseos-y-ferias-barriales.jpg\" alt=\"\" width=\"590\" height=\"368\" srcset=\"http:\/\/hoycordobaweb.com\/wp-content\/uploads\/2021\/05\/economia-popular-crean-un-registro-para-los-trabajadores-de-los-paseos-y-ferias-barriales.jpg 1280w, http:\/\/hoycordobaweb.com\/wp-content\/uploads\/2021\/05\/economia-popular-crean-un-registro-para-los-trabajadores-de-los-paseos-y-ferias-barriales-1.jpg 710w, http:\/\/hoycordobaweb.com\/wp-content\/uploads\/2021\/05\/economia-popular-crean-un-registro-para-los-trabajadores-de-los-paseos-y-ferias-barriales-2.jpg 768w\" sizes=\"(max-width: 590px) 100vw, 590px\" \/><\/p>\n<p>En paralelo, en el marco del D\u00eda Internacional del Trabajador, el intendente cre\u00f3 el Registro Municipal de Trabajadoras y Trabajadores Feriantes de la Econom\u00eda Social y Popular, estableciendo un marco legal para la formalizaci\u00f3n de los feriantes.<\/p>\n<p>\u201cSon m\u00e1s de 3.000 trabajadores de la econom\u00eda social que tenemos registrados y hemos dado 1.000 registros para darles visibilidad. Desde esa base de datos podemos dar capacitaciones, ayudarlos con los emprendimientos, vincularlos y potenciarlos\u201d, a\u00f1adi\u00f3 el intendente capitalino.<\/p>\n<p>A su vez, destac\u00f3: \u201cEl 87% de los feriantes son mujeres que salieron a pelear un espacio. Lo que significa que son las m\u00e1s discriminadas en materia de trabajo formal. Por eso, legalizar las ferias es quiz\u00e1s una de las pol\u00edticas de g\u00e9nero m\u00e1s fuertes que podemos hacer para protegerlas\u201d.<\/p>\n<p>Desde el inicio de la gesti\u00f3n, el municipio avanz\u00f3 en la creaci\u00f3n y ordenamiento de 42 Paseos de la Econom\u00eda Popular distribuidos por diversos barrios de la ciudad, por medio del trabajo realizado de la Direcci\u00f3n de la Econom\u00eda Social, perteneciente a Subsecretar\u00eda de Planificaci\u00f3n y Gesti\u00f3n para una Ciudad Inclusiva.<\/p>\n<p>Anteriormente, la mesa de trabajo estaba conformada solo por 14 ferias que no ten\u00edan registro ni estaban autorizadas.<\/p>\n<p>De esta manera, por primera vez la Municipalidad reconoce a los Paseos de la Econom\u00eda Social y les brinda un marco regulatorio. En adelante, las nuevas ferias tendr\u00e1n una Resoluci\u00f3n que le otorgar\u00e1 la habilitaci\u00f3n legal correspondiente.<\/p>\n<div class=\"ubm_banner\"><a href=\"https:\/\/www.youtube.com\/watch?v=4MQW8zM648g\" target=\"_blank\" rel=\"dofollow noopener noreferrer\"><img src=\"http:\/\/hoycordobaweb.com\/wp-content\/uploads\/2021\/05\/economia-popular-crean-un-registro-para-los-trabajadores-de-los-paseos-y-ferias-barriales.gif\" alt=\"\"><\/a><\/div>\n<p>La entrada <a rel=\"nofollow\" href=\"https:\/\/ladecimaweb.com\/economia-popular-crean-un-registro-para-los-trabajadores-de-los-paseos-y-ferias\/\">Econom\u00eda popular: crean un registro para los trabajadores de los paseos y ferias barriales<\/a> se public\u00f3 primero en <a rel=\"nofollow\" href=\"https:\/\/ladecimaweb.com\">LaDecima<\/a>.<\/p>\n","protected":false},"excerpt":{"rendered":"<p>(Info de gobierno) El intendente Mart\u00edn Llaryora, acompa\u00f1ado por el secretario de Pol\u00edticas Sociales, Inclusi\u00f3n y Convivencia, Ra\u00fal La Cava y la Subsecretaria de Planificaci\u00f3n y Gesti\u00f3n, Liliana Montero, firm\u00f3 la Resoluci\u00f3n que reglamenta los Paseos de la Econom\u00eda Popular de la ciudad, y cre\u00f3 el Registro Municipal de Trabajadoras y Trabajadores Feriantes de la [&hellip;]<\/p>\n","protected":false},"author":1,"featured_media":19270,"comment_status":"closed","ping_status":"closed","sticky":false,"template":"","format":"standard","meta":[],"categories":[19],"tags":[],"_links":{"self":[{"href":"http:\/\/hoycordobaweb.com\/index.php\/wp-json\/wp\/v2\/posts\/19269"}],"collection":[{"href":"http:\/\/hoycordobaweb.com\/index.php\/wp-json\/wp\/v2\/posts"}],"about":[{"href":"http:\/\/hoycordobaweb.com\/index.php\/wp-json\/wp\/v2\/types\/post"}],"author":[{"embeddable":true,"href":"http:\/\/hoycordobaweb.com\/index.php\/wp-json\/wp\/v2\/users\/1"}],"replies":[{"embeddable":true,"href":"http:\/\/hoycordobaweb.com\/index.php\/wp-json\/wp\/v2\/comments?post=19269"}],"version-history":[{"count":0,"href":"http:\/\/hoycordobaweb.com\/index.php\/wp-json\/wp\/v2\/posts\/19269\/revisions"}],"wp:featuredmedia":[{"embeddable":true,"href":"http:\/\/hoycordobaweb.com\/index.php\/wp-json\/wp\/v2\/media\/19270"}],"wp:attachment":[{"href":"http:\/\/hoycordobaweb.com\/index.php\/wp-json\/wp\/v2\/media?parent=19269"}],"wp:term":[{"taxonomy":"category","embeddable":true,"href":"http:\/\/hoycordobaweb.com\/index.php\/wp-json\/wp\/v2\/categories?post=19269"},{"taxonomy":"post_tag","embeddable":true,"href":"http:\/\/hoycordobaweb.com\/index.php\/wp-json\/wp\/v2\/tags?post=19269"}],"curies":[{"name":"wp","href":"https:\/\/api.w.org\/{rel}","templated":true}]}}