{"id":19237,"date":"2021-05-02T17:46:00","date_gmt":"2021-05-02T17:46:00","guid":{"rendered":"http:\/\/hoycordobaweb.com\/index.php\/2021\/05\/02\/enacom-ira-a-la-corte-por-la-suspension-del-dnu-que-declara-esencial-a-las-telecomunicaciones\/"},"modified":"2021-05-02T17:46:00","modified_gmt":"2021-05-02T17:46:00","slug":"enacom-ira-a-la-corte-por-la-suspension-del-dnu-que-declara-esencial-a-las-telecomunicaciones","status":"publish","type":"post","link":"http:\/\/hoycordobaweb.com\/index.php\/2021\/05\/02\/enacom-ira-a-la-corte-por-la-suspension-del-dnu-que-declara-esencial-a-las-telecomunicaciones\/","title":{"rendered":"Enacom ir\u00e1 a la Corte por la suspensi\u00f3n del DNU que declara esencial a las telecomunicaciones"},"content":{"rendered":"<p><img src=\"http:\/\/hoycordobaweb.com\/wp-content\/uploads\/2021\/05\/enacom-ira-a-la-corte-por-la-suspension-del-dnu-que-declara-esencial-a-las-telecomunicaciones.jpg\"><\/p>\n<div class=\"image\" id=\"image\" readability=\"7\"> <img src=\"http:\/\/hoycordobaweb.com\/wp-content\/uploads\/2021\/05\/enacom-ira-a-la-corte-por-la-suspension-del-dnu-que-declara-esencial-a-las-telecomunicaciones-2.jpg\" alt=\"La esencialidad del servicio se dict\u00f3 en el inicio de la pandemia.\" title=\"La esencialidad del servicio se dict\u00f3 en el inicio de la pandemia.\"><\/p>\n<p>La esencialidad del servicio se dict\u00f3 en el inicio de la pandemia.<\/p>\n<\/div>\n<p>El vicepresidente del Ente Nacional de Telecomunicaciones (Enacom), <strong>Gustavo L\u00f3pez<\/strong>, ratific\u00f3 este domingo que el Gobierno va a apelar ante la Corte Suprema el fallo de la C\u00e1mara en lo Contencioso Administrativo Federal que otorg\u00f3 una medida cautelar en favor de Telecom Argentina en suspensi\u00f3n de los art\u00edculos del DNU 690\/2020, que declara a las telecomunicaciones como servicio p\u00fablico.<\/p>\n<p><strong>\u201cMillones de argentinos no pueden quedar rehenes de dos personas<\/strong> que deciden por los millones, y que vienen a suplantar al sistema pol\u00edtico y deciden que para una empresa la ley no se aplica\u201d, subray\u00f3 L\u00f3pez.<\/p>\n<p>En esa l\u00ednea explic\u00f3, en di\u00e1logo con radio El Destape, que el Poder Ejecutivo y en cabeza del presidente de la Naci\u00f3n, Alberto Fern\u00e1ndez, dentro de las facultades emanadas de la Constituci\u00f3n Nacional en su art\u00edculo 99, sancion\u00f3 el DNU.<\/p>\n<p>El mismo declar\u00f3 a las telecomunicaciones como servicio p\u00fablico, y defini\u00f3 que<strong> el precio ya no podr\u00eda ser determinado de manera arbitraria por las empresas sino que el Estado iba a intervenir en su fijaci\u00f3n. <\/strong>Adem\u00e1s, se estableci\u00f3 una prestaci\u00f3n b\u00e1sica universal por medio del mismo.<\/p>\n<p>La medida fue tomada en el marco de la pandemia de Covid-19 y con el objetivo de contemplar que en este contexto el acceso a <strong>\u201clas telecomunicaciones son una necesidad, dado que el coronavirus oblig\u00f3 al trabajo de forma remota, a la educaci\u00f3n virtual, e incluso a la realizaci\u00f3n por medio de internet de tr\u00e1mites, pedidos de recetas m\u00e9dicas, e incluso de la inscripci\u00f3n a subsidios, y hoy hasta para inscribirte a la vacunaci\u00f3n\u201d<\/strong>, se\u00f1al\u00f3 L\u00f3pez.<\/p>\n<p><strong>El viernes, la Sala II de la C\u00e1mara en lo Contencioso Administrativo Federal admiti\u00f3 una presentaci\u00f3n de Telecom Argentina<\/strong> y decret\u00f3 una medida cautelar en su favor, con voto mayoritario de los jueces Jos\u00e9 Luis L\u00f3pez Casti\u00f1eira y Luis Mar\u00eda M\u00e1rquez.<\/p>\n<blockquote readability=\"7\">\n<p>\u201cCon esta decisi\u00f3n, millones de personas quedan expuestas a pagar lo que no tienen y quedar afuera de un servicio esencial\u00bb<span class=\"comilla\">\u201d<\/span><\/p>\n<p><span>Gustavo L\u00f3pez<\/span><\/p>\n<\/blockquote>\n<p>Adem\u00e1s, sostuvo que hay una reflexi\u00f3n necesaria derivada de esto que tiene que ver con que <a href=\"https:\/\/www.telam.com.ar\/notas\/202105\/552734-enacom-telecom--cautelar.html\" target=\"_blank\" rel=\"noopener noreferrer\"><strong>\u201clas empresas que no quieren ning\u00fan tipo de regulaci\u00f3n van a la justicia\u201d<\/strong><\/a>, y en ese accionar \u201cse afecta la gobernabilidad y el sistema democr\u00e1tico, si cada vez que no te gusta una decisi\u00f3n de los poderes p\u00fablicos elegidos por voluntad popular vas a buscar a un juez para que suspenda la medida\u201d.<\/p>\n<p>\u201cSe judicializan todas las decisiones pol\u00edticas, y siempre hay alg\u00fan sector de la justicia apresurado por quedar bien con alg\u00fan sector empresarial\u201d, agreg\u00f3.<\/p>\n<p>Tambi\u00e9n contextualiz\u00f3 que<strong> \u00abTelecom, que es del Grupo Clar\u00edn, no est\u00e1 cumpliendo con la norma en cuesti\u00f3n desde el 1 de enero<\/strong>, y viene recibiendo por ello una multa diaria\u201d.&nbsp;La multa tiene fundamento en que el primer d\u00eda del a\u00f1o, \u201cdecidieron un aumento del 20% cuando deb\u00eda ser del 5%\u00bb.<\/p>\n<p>L\u00f3pez tambi\u00e9n dijo que el hecho de <strong>permitir que una compa\u00f1\u00eda decida el precio de un servicio tan esencial afecta adem\u00e1s a la libre competencia <\/strong>respecto de otras empresas del sector, y genera un gran desequilibrio en el mercado, en que el que cumple la ley tiene un precio m\u00e1ximo, y el que est\u00e1 eximido de cumplirla cobra lo que quiere y acumula m\u00e1s ganancias que el resto\u201d.<\/p>\n<blockquote readability=\"8\">\n<p>El Gobierno hab\u00eda declarado servicios p\u00fablicos esenciales y estrat\u00e9gicos en competencia a la telefon\u00eda celular y fija, Internet y la televisi\u00f3n paga, a ra\u00edz de la pandemia<span class=\"comilla\">\u201d<\/span><\/p>\n<\/blockquote>\n<p>Hasta el momento \u201cning\u00fan juez declar\u00f3 la inconstitucionalidad de la norma, por lo que la misma es v\u00e1lida porque es una ley del Congreso Nacional, pero dos jueces sorpresivamente deciden que para una \u00fanica empresa no se aplica\u201d, sostuvo L\u00f3pez.<\/p>\n<p>Por \u00faltimo, el vicepresidente del Enacom dijo que <strong>tanto el organismo como la Jefatura de Gabinete de Ministros, van a apelar el fallo en los pr\u00f3ximos d\u00edas<\/strong> y record\u00f3 que los usuarios tienen a su disposici\u00f3n tambi\u00e9n la posibilidad de pedir un cambio de compa\u00f1\u00eda y suspender el servicio.<\/p>\n<p>Adelant\u00f3 adem\u00e1s, que ma\u00f1ana se publicar\u00e1 una resoluci\u00f3n para que no se pueda cortar el servicio por falta de pago ante sobrefacturaciones por incumplimientos del decreto.<\/p>\n","protected":false},"excerpt":{"rendered":"<p>La esencialidad del servicio se dict\u00f3 en el inicio de la pandemia. El vicepresidente del Ente Nacional de Telecomunicaciones (Enacom), Gustavo L\u00f3pez, ratific\u00f3 este domingo que el Gobierno va a apelar ante la Corte Suprema el fallo de la C\u00e1mara en lo Contencioso Administrativo Federal que otorg\u00f3 una medida cautelar en favor de Telecom Argentina [&hellip;]<\/p>\n","protected":false},"author":1,"featured_media":19238,"comment_status":"open","ping_status":"closed","sticky":false,"template":"","format":"standard","meta":[],"categories":[19],"tags":[],"_links":{"self":[{"href":"http:\/\/hoycordobaweb.com\/index.php\/wp-json\/wp\/v2\/posts\/19237"}],"collection":[{"href":"http:\/\/hoycordobaweb.com\/index.php\/wp-json\/wp\/v2\/posts"}],"about":[{"href":"http:\/\/hoycordobaweb.com\/index.php\/wp-json\/wp\/v2\/types\/post"}],"author":[{"embeddable":true,"href":"http:\/\/hoycordobaweb.com\/index.php\/wp-json\/wp\/v2\/users\/1"}],"replies":[{"embeddable":true,"href":"http:\/\/hoycordobaweb.com\/index.php\/wp-json\/wp\/v2\/comments?post=19237"}],"version-history":[{"count":0,"href":"http:\/\/hoycordobaweb.com\/index.php\/wp-json\/wp\/v2\/posts\/19237\/revisions"}],"wp:featuredmedia":[{"embeddable":true,"href":"http:\/\/hoycordobaweb.com\/index.php\/wp-json\/wp\/v2\/media\/19238"}],"wp:attachment":[{"href":"http:\/\/hoycordobaweb.com\/index.php\/wp-json\/wp\/v2\/media?parent=19237"}],"wp:term":[{"taxonomy":"category","embeddable":true,"href":"http:\/\/hoycordobaweb.com\/index.php\/wp-json\/wp\/v2\/categories?post=19237"},{"taxonomy":"post_tag","embeddable":true,"href":"http:\/\/hoycordobaweb.com\/index.php\/wp-json\/wp\/v2\/tags?post=19237"}],"curies":[{"name":"wp","href":"https:\/\/api.w.org\/{rel}","templated":true}]}}