{"id":19085,"date":"2021-04-30T18:25:00","date_gmt":"2021-04-30T18:25:00","guid":{"rendered":"https:\/\/fm-comunicar.com.ar\/contenido\/17504\/suspendieron-por-21-dias-todas-las-competencias-deportivas"},"modified":"2021-04-30T18:25:00","modified_gmt":"2021-04-30T18:25:00","slug":"suspendieron-por-21-dias-todas-las-competencias-deportivas","status":"publish","type":"post","link":"http:\/\/hoycordobaweb.com\/index.php\/2021\/04\/30\/suspendieron-por-21-dias-todas-las-competencias-deportivas\/","title":{"rendered":"Suspendieron por 21 d\u00edas todas las competencias deportivas"},"content":{"rendered":"<p>La Provincia adhiri\u00f3 a una de las nuevas restricciones del gobierno nacional. La Liga Regional Col\u00f3n de F\u00fatbol, la Asociaci\u00f3n Cordobesa de B\u00e1squet, la Federaci\u00f3n de Hockey y otros torneos amateurs volver\u00edan el 22 de mayo.<img src=\"http:\/\/hoycordobaweb.com\/wp-content\/uploads\/2021\/05\/suspendieron-por-21-dias-todas-las-competencias-deportivas.jpg\"><\/p>\n","protected":false},"excerpt":{"rendered":"<p>La Provincia adhiri\u00f3 a una de las nuevas restricciones del gobierno nacional. La Liga Regional Col\u00f3n de F\u00fatbol, la Asociaci\u00f3n Cordobesa de B\u00e1squet, la Federaci\u00f3n de Hockey y otros torneos amateurs volver\u00edan el 22 de mayo.<\/p>\n","protected":false},"author":1,"featured_media":19086,"comment_status":"closed","ping_status":"closed","sticky":false,"template":"","format":"standard","meta":[],"categories":[18],"tags":[],"_links":{"self":[{"href":"http:\/\/hoycordobaweb.com\/index.php\/wp-json\/wp\/v2\/posts\/19085"}],"collection":[{"href":"http:\/\/hoycordobaweb.com\/index.php\/wp-json\/wp\/v2\/posts"}],"about":[{"href":"http:\/\/hoycordobaweb.com\/index.php\/wp-json\/wp\/v2\/types\/post"}],"author":[{"embeddable":true,"href":"http:\/\/hoycordobaweb.com\/index.php\/wp-json\/wp\/v2\/users\/1"}],"replies":[{"embeddable":true,"href":"http:\/\/hoycordobaweb.com\/index.php\/wp-json\/wp\/v2\/comments?post=19085"}],"version-history":[{"count":0,"href":"http:\/\/hoycordobaweb.com\/index.php\/wp-json\/wp\/v2\/posts\/19085\/revisions"}],"wp:featuredmedia":[{"embeddable":true,"href":"http:\/\/hoycordobaweb.com\/index.php\/wp-json\/wp\/v2\/media\/19086"}],"wp:attachment":[{"href":"http:\/\/hoycordobaweb.com\/index.php\/wp-json\/wp\/v2\/media?parent=19085"}],"wp:term":[{"taxonomy":"category","embeddable":true,"href":"http:\/\/hoycordobaweb.com\/index.php\/wp-json\/wp\/v2\/categories?post=19085"},{"taxonomy":"post_tag","embeddable":true,"href":"http:\/\/hoycordobaweb.com\/index.php\/wp-json\/wp\/v2\/tags?post=19085"}],"curies":[{"name":"wp","href":"https:\/\/api.w.org\/{rel}","templated":true}]}}