{"id":19034,"date":"2021-04-30T01:11:29","date_gmt":"2021-04-30T01:11:29","guid":{"rendered":"https:\/\/www.mujerhoy.com\/moda\/tendencias\/201904\/16\/traje-primavera-zara-mejor-copia-chanel-20190416164915.html"},"modified":"2021-04-30T01:11:29","modified_gmt":"2021-04-30T01:11:29","slug":"el-traje-de-primavera-de-zara-que-todas-tus-amigas-pensaran-que-es-de-chanel","status":"publish","type":"post","link":"http:\/\/hoycordobaweb.com\/index.php\/2021\/04\/30\/el-traje-de-primavera-de-zara-que-todas-tus-amigas-pensaran-que-es-de-chanel\/","title":{"rendered":"El traje de primavera de Zara que todas tus amigas pensar\u00e1n que es de Chanel"},"content":{"rendered":"<p id=\"U701192531446FFF\"><strong>En 1954 Coco Chanel lanz\u00f3 su famoso traje de &#8216;tweed<\/strong>&#8216;. Blanco, con ribetes negros y chaqueta con bolsillos, dicen que Mademoiselle lo cre\u00f3 como una respuesta a la silueta &#8216;new look&#8217; de Dior que reinaba desde 1947. Desde entonces, la pasarela y el &#8216;street style&#8217; han reinterpretado (e imitado) este <a href=\"https:\/\/www.mujerhoy.com\/moda\/no-te-pierdas\/202104\/29\/traje-pantalon-original-nueva-coleccion-zara-sfera-hace-mas-delgada-joven-20210427172932.html\">traje<\/a> mil y una vez, pero ha sido en la primavera de 2019, 55 a\u00f1os despu\u00e9s, cuando <strong>Zara ha puesto a la venta el mejor clon &#8216;low cost&#8217; de esta ic\u00f3nica prenda de la &#8216;maison&#8217;<\/strong>, quiz\u00e1 para plantar cara a <a href=\"https:\/\/www.mujerhoy.com\/moda\/no-te-pierdas\/201904\/05\/look-hortera-primavera-bershka-cristina-pedroche-kim-kardashian-701091990858-ga.html\" title=\"www.mujerhoy.com\">la invasi\u00f3n de neones y pantalones ciclistas<\/a> que intenta imponernos el &#8216;fast fashion&#8217; <a href=\"https:\/\/www.mujerhoy.com\/moda\/tendencias\/201902\/22\/que-se-lleva-esta-primavera-tendencias-zara-mango-stradivarius-70736886679-ga.html\" title=\"www.mujerhoy.com\">esta temporada<\/a>.<\/p>\n<div class=\"comp_mm\">\n<figure><picture><source srcset=\"http:\/\/hoycordobaweb.com\/wp-content\/uploads\/2021\/04\/el-traje-de-primavera-de-zara-que-todas-tus-amigas-pensaran-que-es-de-chanel.jpg, http:\/\/hoycordobaweb.com\/wp-content\/uploads\/2021\/04\/el-traje-de-primavera-de-zara-que-todas-tus-amigas-pensaran-que-es-de-chanel.jpg 2x\" media=\"(min-width: 1054px)\"><source srcset=\"http:\/\/hoycordobaweb.com\/wp-content\/uploads\/2021\/04\/el-traje-de-primavera-de-zara-que-todas-tus-amigas-pensaran-que-es-de-chanel.jpg, http:\/\/hoycordobaweb.com\/wp-content\/uploads\/2021\/04\/el-traje-de-primavera-de-zara-que-todas-tus-amigas-pensaran-que-es-de-chanel.jpg 2x\" media=\"(min-width: 720px)\"><source srcset=\"https:\/\/resizer.mujerhoy.com\/resizer\/resizer.php?imagen=http:\/\/hoycordobaweb.com\/wp-content\/uploads\/2021\/04\/el-traje-de-primavera-de-zara-que-todas-tus-amigas-pensaran-que-es-de-chanel.jpg&amp;nuevoalto=714&amp;nuevoancho=476\"><img src=\"http:\/\/hoycordobaweb.com\/wp-content\/uploads\/2021\/04\/el-traje-de-primavera-de-zara-que-todas-tus-amigas-pensaran-que-es-de-chanel.jpg\" alt title itemprop=\"image\"><\/picture><figcaption><\/figcaption><\/figure>\n<\/div>\n<p>Es verdad que no paramos de encontrar en los lookbooks de las firmas &#8216;low cost&#8217;, temporada tras temporada, inspiraciones de grandes marcas muy reconocibles. Repetimos hasta la saciedad eso de \u00ab*tal firma* copia en versi\u00f3n barata el vestido&#8230;\u00bb, pero esta vez, <strong>Zara ha rozado la perfecci\u00f3n clonera con este dos piezas<\/strong> que parece que ha sido creado en el atelier del 31, Rue Cambon y no en un pol\u00edgono de Arteixo. <\/p>\n<div class=\"comp_mm\">\n<figure><picture><source srcset=\"http:\/\/hoycordobaweb.com\/wp-content\/uploads\/2021\/04\/el-traje-de-primavera-de-zara-que-todas-tus-amigas-pensaran-que-es-de-chanel-1.jpg, http:\/\/hoycordobaweb.com\/wp-content\/uploads\/2021\/04\/el-traje-de-primavera-de-zara-que-todas-tus-amigas-pensaran-que-es-de-chanel-1.jpg 2x\" media=\"(min-width: 1054px)\"><source srcset=\"http:\/\/hoycordobaweb.com\/wp-content\/uploads\/2021\/04\/el-traje-de-primavera-de-zara-que-todas-tus-amigas-pensaran-que-es-de-chanel-1.jpg, http:\/\/hoycordobaweb.com\/wp-content\/uploads\/2021\/04\/el-traje-de-primavera-de-zara-que-todas-tus-amigas-pensaran-que-es-de-chanel-1.jpg 2x\" media=\"(min-width: 720px)\"><source srcset=\"https:\/\/resizer.mujerhoy.com\/resizer\/resizer.php?imagen=http:\/\/hoycordobaweb.com\/wp-content\/uploads\/2021\/04\/el-traje-de-primavera-de-zara-que-todas-tus-amigas-pensaran-que-es-de-chanel-1.jpg&amp;nuevoalto=714&amp;nuevoancho=476\"><img src=\"http:\/\/hoycordobaweb.com\/wp-content\/uploads\/2021\/04\/el-traje-de-primavera-de-zara-que-todas-tus-amigas-pensaran-que-es-de-chanel-1.jpg\" alt=\"El traje de Zara que copia el ic&amp;oacute;nico dos piezas de Chanel\" title=\"El traje de Zara que copia el ic&amp;oacute;nico dos piezas de Chanel\" itemprop=\"image\"><\/picture><figcaption> El traje de Zara que copia el ic\u00f3nico dos piezas de Chanel <span class=\"firma\"><\/span><\/figcaption><\/figure>\n<\/div>\n<p>Y es que si hay una joya que no vamos a dejar escapar en la nueva colecci\u00f3n de Zara, es <strong>este traje de tweed blanco que reinterpreta la famosa &#8216;veste&#8217; con bolsillos y ribetes negros de Chanel<\/strong>, le incorpora un maxicuello Peter Pan y la combina con una falda (algo m\u00e1s corta que la original) a la que no dejar\u00e1s de sacar partido desde ahora, hasta que empiece el invierno.<\/p>\n<div class=\"comp_mm\">\n<figure><picture><source srcset=\"http:\/\/hoycordobaweb.com\/wp-content\/uploads\/2021\/04\/el-traje-de-primavera-de-zara-que-todas-tus-amigas-pensaran-que-es-de-chanel-2.jpg, http:\/\/hoycordobaweb.com\/wp-content\/uploads\/2021\/04\/el-traje-de-primavera-de-zara-que-todas-tus-amigas-pensaran-que-es-de-chanel-2.jpg 2x\" media=\"(min-width: 1054px)\"><source srcset=\"http:\/\/hoycordobaweb.com\/wp-content\/uploads\/2021\/04\/el-traje-de-primavera-de-zara-que-todas-tus-amigas-pensaran-que-es-de-chanel-2.jpg, http:\/\/hoycordobaweb.com\/wp-content\/uploads\/2021\/04\/el-traje-de-primavera-de-zara-que-todas-tus-amigas-pensaran-que-es-de-chanel-2.jpg 2x\" media=\"(min-width: 720px)\"><source srcset=\"https:\/\/resizer.mujerhoy.com\/resizer\/resizer.php?imagen=http:\/\/hoycordobaweb.com\/wp-content\/uploads\/2021\/04\/el-traje-de-primavera-de-zara-que-todas-tus-amigas-pensaran-que-es-de-chanel-2.jpg&amp;nuevoalto=714&amp;nuevoancho=476\"><img src=\"http:\/\/hoycordobaweb.com\/wp-content\/uploads\/2021\/04\/el-traje-de-primavera-de-zara-que-todas-tus-amigas-pensaran-que-es-de-chanel-2.jpg\" alt=\"El traje de Zara que copia el ic&amp;oacute;nico dos piezas de Chanel\" title=\"El traje de Zara que copia el ic&amp;oacute;nico dos piezas de Chanel\" itemprop=\"image\"><\/picture><figcaption> El traje de Zara que copia el ic\u00f3nico dos piezas de Chanel <span class=\"firma\"><\/span><\/figcaption><\/figure>\n<\/div>\n<p>Eso s\u00ed, <strong>un traje similar de la nueva colecci\u00f3n PV2019 de Chanel roza los 7.000 euros<\/strong> en boutiques (algo m\u00e1s de 4.000 euros la chaqueta, y casi 3.000 euros la falda), mientras que <strong>en Zara, salvando las (abismales) distancias, el dos piezas no llega a los 100<\/strong> euros: 69.95\u20ac la chaqueta y 29.95 euros la falda.<\/p>\n<div class=\"comp_mm\">\n<figure><picture><source srcset=\"http:\/\/hoycordobaweb.com\/wp-content\/uploads\/2021\/04\/el-traje-de-primavera-de-zara-que-todas-tus-amigas-pensaran-que-es-de-chanel-3.jpg, http:\/\/hoycordobaweb.com\/wp-content\/uploads\/2021\/04\/el-traje-de-primavera-de-zara-que-todas-tus-amigas-pensaran-que-es-de-chanel-3.jpg 2x\" media=\"(min-width: 1054px)\"><source srcset=\"http:\/\/hoycordobaweb.com\/wp-content\/uploads\/2021\/04\/el-traje-de-primavera-de-zara-que-todas-tus-amigas-pensaran-que-es-de-chanel-3.jpg, http:\/\/hoycordobaweb.com\/wp-content\/uploads\/2021\/04\/el-traje-de-primavera-de-zara-que-todas-tus-amigas-pensaran-que-es-de-chanel-3.jpg 2x\" media=\"(min-width: 720px)\"><source srcset=\"https:\/\/resizer.mujerhoy.com\/resizer\/resizer.php?imagen=http:\/\/hoycordobaweb.com\/wp-content\/uploads\/2021\/04\/el-traje-de-primavera-de-zara-que-todas-tus-amigas-pensaran-que-es-de-chanel-3.jpg&amp;nuevoalto=714&amp;nuevoancho=476\"><img src=\"http:\/\/hoycordobaweb.com\/wp-content\/uploads\/2021\/04\/el-traje-de-primavera-de-zara-que-todas-tus-amigas-pensaran-que-es-de-chanel-3.jpg\" alt=\"In&amp;egrave;s de la Fressange, en una de las campa&amp;ntilde;as de Chanel de los a&amp;ntilde;os '80\" title=\"In&amp;egrave;s de la Fressange, en una de las campa&amp;ntilde;as de Chanel de los a&amp;ntilde;os '80\" itemprop=\"image\"><\/picture><figcaption> In\u00e8s de la Fressange, en una de las campa\u00f1as de Chanel de los a\u00f1os &#8217;80 <span class=\"firma\"><\/span><\/figcaption><\/figure>\n<\/div>\n<h3 class=\"ladillo\">Tambi\u00e9n te interesa&#8230;<\/h3>\n<p>&#8211; <a href=\"https:\/\/www.mujerhoy.com\/moda\/tendencias\/201904\/12\/tendencia-primavera-traje-chaqueta-bermudas-zara-701156010980-ga.html\" title=\"www.mujerhoy.com\">Microtendencia de primavera: \u00bfs\u00ed o no al traje de chaqueta con bermudas?<\/a><\/p>\n<p>&#8211; <a href=\"https:\/\/www.mujerhoy.com\/moda\/no-te-pierdas\/201904\/15\/vestido-zara-marta-ortega-copia-barata-mulaya-20190415105721.html\" title=\"www.mujerhoy.com\">Mulaya copia el vestido m\u00e1s deseado de Zara&#8230; \u00a1y es tres veces m\u00e1s barato!<\/a><\/p>\n<p>&#8211; <a href=\"https:\/\/www.mujerhoy.com\/moda\/no-te-pierdas\/201904\/02\/jersey-mas-bonito-primavera-nueva-coleccion-zara-20190402115844.html\" title=\"www.mujerhoy.com\">El jersey m\u00e1s bonito de la nueva colecci\u00f3n de Zara que agotar\u00e1n las &#8216;influencers&#8217;<\/a><\/p>\n","protected":false},"excerpt":{"rendered":"<p>En 1954 Coco Chanel lanz\u00f3 su famoso traje de &#8216;tweed&#8216;. Blanco, con ribetes negros y chaqueta con bolsillos, dicen que Mademoiselle lo cre\u00f3 como una respuesta a la silueta &#8216;new look&#8217; de Dior que reinaba desde 1947. Desde entonces, la pasarela y el &#8216;street style&#8217; han reinterpretado (e imitado) este traje mil y una vez, [&hellip;]<\/p>\n","protected":false},"author":1,"featured_media":19035,"comment_status":"closed","ping_status":"closed","sticky":false,"template":"","format":"standard","meta":[],"categories":[1],"tags":[],"_links":{"self":[{"href":"http:\/\/hoycordobaweb.com\/index.php\/wp-json\/wp\/v2\/posts\/19034"}],"collection":[{"href":"http:\/\/hoycordobaweb.com\/index.php\/wp-json\/wp\/v2\/posts"}],"about":[{"href":"http:\/\/hoycordobaweb.com\/index.php\/wp-json\/wp\/v2\/types\/post"}],"author":[{"embeddable":true,"href":"http:\/\/hoycordobaweb.com\/index.php\/wp-json\/wp\/v2\/users\/1"}],"replies":[{"embeddable":true,"href":"http:\/\/hoycordobaweb.com\/index.php\/wp-json\/wp\/v2\/comments?post=19034"}],"version-history":[{"count":0,"href":"http:\/\/hoycordobaweb.com\/index.php\/wp-json\/wp\/v2\/posts\/19034\/revisions"}],"wp:featuredmedia":[{"embeddable":true,"href":"http:\/\/hoycordobaweb.com\/index.php\/wp-json\/wp\/v2\/media\/19035"}],"wp:attachment":[{"href":"http:\/\/hoycordobaweb.com\/index.php\/wp-json\/wp\/v2\/media?parent=19034"}],"wp:term":[{"taxonomy":"category","embeddable":true,"href":"http:\/\/hoycordobaweb.com\/index.php\/wp-json\/wp\/v2\/categories?post=19034"},{"taxonomy":"post_tag","embeddable":true,"href":"http:\/\/hoycordobaweb.com\/index.php\/wp-json\/wp\/v2\/tags?post=19034"}],"curies":[{"name":"wp","href":"https:\/\/api.w.org\/{rel}","templated":true}]}}