{"id":19010,"date":"2021-04-30T12:12:17","date_gmt":"2021-04-30T12:12:17","guid":{"rendered":"https:\/\/www.ole.com.ar\/coronavirus\/coronavirus-nuevas-medidas-alberto-fernandez_0_8HgLuuTs-.html"},"modified":"2021-04-30T12:12:17","modified_gmt":"2021-04-30T12:12:17","slug":"en-vivo-las-nuevas-medidas-de-alberto-fernandez","status":"publish","type":"post","link":"http:\/\/hoycordobaweb.com\/index.php\/2021\/04\/30\/en-vivo-las-nuevas-medidas-de-alberto-fernandez\/","title":{"rendered":"En vivo: las nuevas medidas de Alberto Fern\u00e1ndez"},"content":{"rendered":"<p><img src=\"http:\/\/hoycordobaweb.com\/wp-content\/uploads\/2021\/04\/en-vivo-las-nuevas-medidas-de-alberto-fernandez.jpg\"><\/p>\n<div><img src=\"http:\/\/hoycordobaweb.com\/wp-content\/uploads\/2021\/04\/en-vivo-las-nuevas-medidas-de-alberto-fernandez.jpg\" class=\"ff-og-image-inserted\"><\/div>\n<p><em>Noticia en desarrollo&#8230;<\/em><\/p>\n<h2>Todo el discurso de Alberto Fern\u00e1ndez:<\/h2>\n<p>Comenzamos enero con un rebrote, seguramente vinculado a las fiestas, que nos oblig\u00f3 a tomar medidas sobre la nocturnidad. Despu\u00e9s de esas medidas pudimos atravesar el verano con cuidados y sin mayores restricciones. El 18 de marzo me dirig\u00ed a todos a todos ustedes para convocarlos a reforzar la prevenci\u00f3n ante el riesgo de una segunda ola y de las nuevas variantes del Covid que aparec\u00edan. M\u00e1s de la mitad de quienes ten\u00edan reservas que para hacer turismo en el exterior en Semana Santa decidieron cancelarlas, mientras nosotros manten\u00edamos cerradas las fronteras y suspend\u00edamos vuelos hacia algunos pa\u00edses. Ante el crecimiento de casos, el 7 de abril anunciamos nuevas restricciones a la circulaci\u00f3n, y adem\u00e1s medidas de cuidado. En los d\u00edas siguientes, los casos continuaron aumentando de manera exponencial.<\/p>\n<p>Las terapias intensivas comenzaron a ocuparse de manera muy veloz. Personalmente, todos los d\u00edas, reviso la cantidad de pasos, la ocupaci\u00f3n de camas en terapia intensiva y los fallecimientos que ocurren en Argentina. Ante esos datos, me dirig\u00ed a ustedes hace apenas dos semanas, porque resultaba imperioso establecer nuevas decisiones y hacer todo lo posible para evitar la saturaci\u00f3n del sistema de salud.&nbsp;Fundamentalmente en el \u00c1rea Metropolitana de Buenos Aires, el epicentro de la pandemia. Estas medidas est\u00e1n mostrando buenos resultados porque hemos contenido el crecimiento exponencial en el AMBA y tambi\u00e9n en otros lugares del pa\u00eds. Si no lo hubi\u00e9ramos hecho, seguramente la curva siguiera creciendo y el sistema de salud hoy estar\u00eda mucho m\u00e1s complicado de lo que lo est\u00e1.<\/p>\n<div class=\"sp__Normal htmlLibre\" readability=\"6\">\n<div class=\"mt\" readability=\"7\">\n<h2>El anuncio en vivo de Alberto Fern\u00e1ndez<\/h2>\n<p>(video Youtube Casa Rosada)<\/p>\n<hr>\n<\/div>\n<p><iframe width=\"560\" height=\"315\" src=\"\/\/www.youtube.com\/embed\/1SGPOU3Tr9o\" title=\"YouTube video player\" frameborder=\"0\" allow=\"accelerometer; autoplay; clipboard-write; encrypted-media; gyroscope; picture-in-picture\" allowfullscreen>[embedded content]<\/iframe><\/p>\n<\/div>\n<div class=\"entry-tags\">\n<h2>TEMAS QUE APARECEN EN ESTA NOTA<\/h2>\n<\/p><\/div>\n","protected":false},"excerpt":{"rendered":"<p>Noticia en desarrollo&#8230; Todo el discurso de Alberto Fern\u00e1ndez: Comenzamos enero con un rebrote, seguramente vinculado a las fiestas, que nos oblig\u00f3 a tomar medidas sobre la nocturnidad. Despu\u00e9s de esas medidas pudimos atravesar el verano con cuidados y sin mayores restricciones. El 18 de marzo me dirig\u00ed a todos a todos ustedes para convocarlos [&hellip;]<\/p>\n","protected":false},"author":1,"featured_media":19011,"comment_status":"open","ping_status":"closed","sticky":false,"template":"","format":"standard","meta":[],"categories":[16],"tags":[],"_links":{"self":[{"href":"http:\/\/hoycordobaweb.com\/index.php\/wp-json\/wp\/v2\/posts\/19010"}],"collection":[{"href":"http:\/\/hoycordobaweb.com\/index.php\/wp-json\/wp\/v2\/posts"}],"about":[{"href":"http:\/\/hoycordobaweb.com\/index.php\/wp-json\/wp\/v2\/types\/post"}],"author":[{"embeddable":true,"href":"http:\/\/hoycordobaweb.com\/index.php\/wp-json\/wp\/v2\/users\/1"}],"replies":[{"embeddable":true,"href":"http:\/\/hoycordobaweb.com\/index.php\/wp-json\/wp\/v2\/comments?post=19010"}],"version-history":[{"count":0,"href":"http:\/\/hoycordobaweb.com\/index.php\/wp-json\/wp\/v2\/posts\/19010\/revisions"}],"wp:featuredmedia":[{"embeddable":true,"href":"http:\/\/hoycordobaweb.com\/index.php\/wp-json\/wp\/v2\/media\/19011"}],"wp:attachment":[{"href":"http:\/\/hoycordobaweb.com\/index.php\/wp-json\/wp\/v2\/media?parent=19010"}],"wp:term":[{"taxonomy":"category","embeddable":true,"href":"http:\/\/hoycordobaweb.com\/index.php\/wp-json\/wp\/v2\/categories?post=19010"},{"taxonomy":"post_tag","embeddable":true,"href":"http:\/\/hoycordobaweb.com\/index.php\/wp-json\/wp\/v2\/tags?post=19010"}],"curies":[{"name":"wp","href":"https:\/\/api.w.org\/{rel}","templated":true}]}}