{"id":18989,"date":"2021-04-29T13:36:54","date_gmt":"2021-04-29T13:36:54","guid":{"rendered":"http:\/\/fono.fcm.unc.edu.ar\/?p=6103"},"modified":"2021-04-29T13:36:54","modified_gmt":"2021-04-29T13:36:54","slug":"reunion-con-colegio-de-fonoaudiologos-de-cordoba","status":"publish","type":"post","link":"http:\/\/hoycordobaweb.com\/index.php\/2021\/04\/29\/reunion-con-colegio-de-fonoaudiologos-de-cordoba\/","title":{"rendered":"Reuni\u00f3n con Colegio de Fonoaudi\u00f3logos de C\u00f3rdoba"},"content":{"rendered":"<h2 class=\"fusion-post-title\">Reuni\u00f3n con Colegio de Fonoaudi\u00f3logos de C\u00f3rdoba<\/h2>\n<div class=\"post-content\" readability=\"36\">\n<p><img loading=\"lazy\" class=\"size-medium wp-image-6104 alignright\" src=\"https:\/\/fono.fcm.unc.edu.ar\/wp-content\/uploads\/sites\/14\/2021\/04\/WhatsApp-Image-2021-04-29-at-10.23.41-300x300.jpeg\" alt width=\"300\" height=\"300\" srcset=\"https:\/\/fono.fcm.unc.edu.ar\/wp-content\/uploads\/sites\/14\/2021\/04\/WhatsApp-Image-2021-04-29-at-10.23.41-66x66.jpeg 66w, https:\/\/fono.fcm.unc.edu.ar\/wp-content\/uploads\/sites\/14\/2021\/04\/WhatsApp-Image-2021-04-29-at-10.23.41-150x150.jpeg 150w, https:\/\/fono.fcm.unc.edu.ar\/wp-content\/uploads\/sites\/14\/2021\/04\/WhatsApp-Image-2021-04-29-at-10.23.41-200x200.jpeg 200w, https:\/\/fono.fcm.unc.edu.ar\/wp-content\/uploads\/sites\/14\/2021\/04\/WhatsApp-Image-2021-04-29-at-10.23.41-300x300.jpeg 300w, https:\/\/fono.fcm.unc.edu.ar\/wp-content\/uploads\/sites\/14\/2021\/04\/WhatsApp-Image-2021-04-29-at-10.23.41-400x400.jpeg 400w, https:\/\/fono.fcm.unc.edu.ar\/wp-content\/uploads\/sites\/14\/2021\/04\/WhatsApp-Image-2021-04-29-at-10.23.41-600x600.jpeg 600w, https:\/\/fono.fcm.unc.edu.ar\/wp-content\/uploads\/sites\/14\/2021\/04\/WhatsApp-Image-2021-04-29-at-10.23.41-768x768.jpeg 768w, https:\/\/fono.fcm.unc.edu.ar\/wp-content\/uploads\/sites\/14\/2021\/04\/WhatsApp-Image-2021-04-29-at-10.23.41-800x800.jpeg 800w, https:\/\/fono.fcm.unc.edu.ar\/wp-content\/uploads\/sites\/14\/2021\/04\/WhatsApp-Image-2021-04-29-at-10.23.41-1024x1024.jpeg 1024w, https:\/\/fono.fcm.unc.edu.ar\/wp-content\/uploads\/sites\/14\/2021\/04\/WhatsApp-Image-2021-04-29-at-10.23.41.jpeg 1080w\" sizes=\"(max-width: 300px) 100vw, 300px\">Durante la ma\u00f1ana de hoy se llev\u00f3 a cabo una reuni\u00f3n entre las autoridades de nuestra Escuela con el Consejo Directivo del Colegio de Fonoaudi\u00f3logos de C\u00f3rdoba (CFC)&nbsp; para analizar aspectos de nuestras leyes (Nacional y Provincial) y alcances del T\u00edtulo.<\/p>\n<p>Trabajando en equipo para nuestra Disciplina.<\/p>\n<\/p><\/div>\n","protected":false},"excerpt":{"rendered":"<p>Reuni\u00f3n con Colegio de Fonoaudi\u00f3logos de C\u00f3rdoba Durante la ma\u00f1ana de hoy se llev\u00f3 a cabo una reuni\u00f3n entre las autoridades de nuestra Escuela con el Consejo Directivo del Colegio de Fonoaudi\u00f3logos de C\u00f3rdoba (CFC)&nbsp; para analizar aspectos de nuestras leyes (Nacional y Provincial) y alcances del T\u00edtulo. Trabajando en equipo para nuestra Disciplina.<\/p>\n","protected":false},"author":1,"featured_media":0,"comment_status":"closed","ping_status":"closed","sticky":false,"template":"","format":"standard","meta":[],"categories":[1],"tags":[],"_links":{"self":[{"href":"http:\/\/hoycordobaweb.com\/index.php\/wp-json\/wp\/v2\/posts\/18989"}],"collection":[{"href":"http:\/\/hoycordobaweb.com\/index.php\/wp-json\/wp\/v2\/posts"}],"about":[{"href":"http:\/\/hoycordobaweb.com\/index.php\/wp-json\/wp\/v2\/types\/post"}],"author":[{"embeddable":true,"href":"http:\/\/hoycordobaweb.com\/index.php\/wp-json\/wp\/v2\/users\/1"}],"replies":[{"embeddable":true,"href":"http:\/\/hoycordobaweb.com\/index.php\/wp-json\/wp\/v2\/comments?post=18989"}],"version-history":[{"count":0,"href":"http:\/\/hoycordobaweb.com\/index.php\/wp-json\/wp\/v2\/posts\/18989\/revisions"}],"wp:attachment":[{"href":"http:\/\/hoycordobaweb.com\/index.php\/wp-json\/wp\/v2\/media?parent=18989"}],"wp:term":[{"taxonomy":"category","embeddable":true,"href":"http:\/\/hoycordobaweb.com\/index.php\/wp-json\/wp\/v2\/categories?post=18989"},{"taxonomy":"post_tag","embeddable":true,"href":"http:\/\/hoycordobaweb.com\/index.php\/wp-json\/wp\/v2\/tags?post=18989"}],"curies":[{"name":"wp","href":"https:\/\/api.w.org\/{rel}","templated":true}]}}