{"id":18895,"date":"2021-04-28T16:43:05","date_gmt":"2021-04-28T16:43:05","guid":{"rendered":"http:\/\/fono.fcm.unc.edu.ar\/?p=6093"},"modified":"2021-04-28T16:43:05","modified_gmt":"2021-04-28T16:43:05","slug":"28-de-abril-dia-internacional-de-concientizacion-sobre-el-ruido","status":"publish","type":"post","link":"http:\/\/hoycordobaweb.com\/index.php\/2021\/04\/28\/28-de-abril-dia-internacional-de-concientizacion-sobre-el-ruido\/","title":{"rendered":"28 de abril: D\u00eda Internacional de Concientizaci\u00f3n sobre el Ruido"},"content":{"rendered":"<h2 class=\"fusion-post-title\">28 de abril: D\u00eda Internacional de Concientizaci\u00f3n sobre el Ruido<\/h2>\n<div class=\"post-content\" readability=\"34.222222222222\">\n<p><img loading=\"lazy\" class=\"alignright wp-image-6094 size-fusion-400\" src=\"https:\/\/fono.fcm.unc.edu.ar\/wp-content\/uploads\/sites\/14\/2021\/04\/efemerideruido-400x542.jpg\" alt width=\"400\" height=\"542\" srcset=\"https:\/\/fono.fcm.unc.edu.ar\/wp-content\/uploads\/sites\/14\/2021\/04\/efemerideruido-200x271.jpg 200w, https:\/\/fono.fcm.unc.edu.ar\/wp-content\/uploads\/sites\/14\/2021\/04\/efemerideruido-221x300.jpg 221w, https:\/\/fono.fcm.unc.edu.ar\/wp-content\/uploads\/sites\/14\/2021\/04\/efemerideruido-400x542.jpg 400w, https:\/\/fono.fcm.unc.edu.ar\/wp-content\/uploads\/sites\/14\/2021\/04\/efemerideruido.jpg 440w\" sizes=\"(max-width: 400px) 100vw, 400px\">Las asignaturas <em><strong>Talleres Interdisciplinarios<\/strong><\/em> y <em><strong>Fonoaudiolog\u00eda Legal<\/strong><\/em> invitan a participar de una breve encuesta enmarcada dentro de la actividad&nbsp; extensionista seg\u00fan RHCD1626\/19.<\/p>\n<p>Para completar la encuesta ingrese&nbsp;<a href=\"https:\/\/forms.gle\/4updzNrxsRwBYXyz9\" target=\"_blank\" rel=\"noopener noreferrer\">AQU\u00cd<\/a><\/p>\n<\/p><\/div>\n","protected":false},"excerpt":{"rendered":"<p>28 de abril: D\u00eda Internacional de Concientizaci\u00f3n sobre el Ruido Las asignaturas Talleres Interdisciplinarios y Fonoaudiolog\u00eda Legal invitan a participar de una breve encuesta enmarcada dentro de la actividad&nbsp; extensionista seg\u00fan RHCD1626\/19. Para completar la encuesta ingrese&nbsp;AQU\u00cd<\/p>\n","protected":false},"author":1,"featured_media":0,"comment_status":"closed","ping_status":"closed","sticky":false,"template":"","format":"standard","meta":[],"categories":[1],"tags":[],"_links":{"self":[{"href":"http:\/\/hoycordobaweb.com\/index.php\/wp-json\/wp\/v2\/posts\/18895"}],"collection":[{"href":"http:\/\/hoycordobaweb.com\/index.php\/wp-json\/wp\/v2\/posts"}],"about":[{"href":"http:\/\/hoycordobaweb.com\/index.php\/wp-json\/wp\/v2\/types\/post"}],"author":[{"embeddable":true,"href":"http:\/\/hoycordobaweb.com\/index.php\/wp-json\/wp\/v2\/users\/1"}],"replies":[{"embeddable":true,"href":"http:\/\/hoycordobaweb.com\/index.php\/wp-json\/wp\/v2\/comments?post=18895"}],"version-history":[{"count":0,"href":"http:\/\/hoycordobaweb.com\/index.php\/wp-json\/wp\/v2\/posts\/18895\/revisions"}],"wp:attachment":[{"href":"http:\/\/hoycordobaweb.com\/index.php\/wp-json\/wp\/v2\/media?parent=18895"}],"wp:term":[{"taxonomy":"category","embeddable":true,"href":"http:\/\/hoycordobaweb.com\/index.php\/wp-json\/wp\/v2\/categories?post=18895"},{"taxonomy":"post_tag","embeddable":true,"href":"http:\/\/hoycordobaweb.com\/index.php\/wp-json\/wp\/v2\/tags?post=18895"}],"curies":[{"name":"wp","href":"https:\/\/api.w.org\/{rel}","templated":true}]}}