{"id":18855,"date":"2021-04-22T11:09:23","date_gmt":"2021-04-22T11:09:23","guid":{"rendered":"https:\/\/www.mujerhoy.com\/moda\/tendencias\/202104\/22\/vestidos-rayas-estilizan-rejuvenecen-massimo-dutti-hym-baratos-hacen-tipazo-20210421192458.html"},"modified":"2021-04-22T11:09:23","modified_gmt":"2021-04-22T11:09:23","slug":"corto-o-largo-dos-vestidos-muy-diferentes-y-comodos-para-llevar-la-tendencia-navy-con-rayas-que-estilizan-a-tus-looks","status":"publish","type":"post","link":"http:\/\/hoycordobaweb.com\/index.php\/2021\/04\/22\/corto-o-largo-dos-vestidos-muy-diferentes-y-comodos-para-llevar-la-tendencia-navy-con-rayas-que-estilizan-a-tus-looks\/","title":{"rendered":"\u00bfCorto o largo? Dos vestidos muy diferentes y c\u00f3modos para llevar la tendencia navy con rayas que estilizan a tus looks"},"content":{"rendered":"<p>Si algo nos ha dejado claro el arranque de las colecciones de la primavera es que el estampado de rayas es ese dise\u00f1o <a href=\"https:\/\/www.mujerhoy.com\/moda\/tendencias\/202102\/22\/camiseta-rayas-marineras-nueva-coleccion-primavera-pull-and-bear-combina-con-todo-20210221214115.html\" target=\"_blank\" rel=\"noopener noreferrer\">que no te vas a dejar de poner<\/a>, tanto si vienen en su versi\u00f3n horizontal como si apuestan por la versi\u00f3n vertical que <a href=\"https:\/\/www.mujerhoy.com\/moda\/no-te-pierdas\/202104\/17\/vestido-rayas-verticales-sfera-estiliza-figura-rejuvenece-a-partir-50-anos-20210416112751.html\" target=\"_blank\" rel=\"noopener noreferrer\">estiliza la figura a m\u00e1s no poder y rejuvenece a partir de los 50<\/a>. Pero si lo que quieres es sumarte a <strong>la tendencia navy con rayas que estilizan<\/strong> con la comodidad por bandera tenemos dos vestidos muy diferentes con los que conseguirlo en todos tus estilismos. <\/p>\n<p>Porque tanto si apuestas por su versi\u00f3n m\u00e1s corta como si lo haces por la m\u00e1s larga, <strong>el dise\u00f1o de rayas en azul marino sobre fondo en blanco o crudo es uno de los dise\u00f1os que arrasa esta primavera<\/strong>. Y aunque las primeras en sumarse a ella fueron las camisetas y jers\u00e9is, ahora son los vestidos los que apuesta por esta propuesta llena de estilo. <\/p>\n<div class=\"comp_mm\">\n<figure><picture><source srcset=\"http:\/\/hoycordobaweb.com\/wp-content\/uploads\/2021\/04\/corto-o-largo-dos-vestidos-muy-diferentes-y-comodos-para-llevar-la-tendencia-navy-con-rayas-que-estilizan-a-tus-looks.jpg, http:\/\/hoycordobaweb.com\/wp-content\/uploads\/2021\/04\/corto-o-largo-dos-vestidos-muy-diferentes-y-comodos-para-llevar-la-tendencia-navy-con-rayas-que-estilizan-a-tus-looks.jpg 2x\" media=\"(min-width: 1054px)\"><source srcset=\"http:\/\/hoycordobaweb.com\/wp-content\/uploads\/2021\/04\/corto-o-largo-dos-vestidos-muy-diferentes-y-comodos-para-llevar-la-tendencia-navy-con-rayas-que-estilizan-a-tus-looks.jpg, http:\/\/hoycordobaweb.com\/wp-content\/uploads\/2021\/04\/corto-o-largo-dos-vestidos-muy-diferentes-y-comodos-para-llevar-la-tendencia-navy-con-rayas-que-estilizan-a-tus-looks.jpg 2x\" media=\"(min-width: 720px)\"><source srcset=\"https:\/\/resizer.mujerhoy.com\/resizer\/resizer.php?imagen=http:\/\/hoycordobaweb.com\/wp-content\/uploads\/2021\/04\/corto-o-largo-dos-vestidos-muy-diferentes-y-comodos-para-llevar-la-tendencia-navy-con-rayas-que-estilizan-a-tus-looks.jpg&amp;nuevoalto=714&amp;nuevoancho=476\"><img src=\"http:\/\/hoycordobaweb.com\/wp-content\/uploads\/2021\/04\/corto-o-largo-dos-vestidos-muy-diferentes-y-comodos-para-llevar-la-tendencia-navy-con-rayas-que-estilizan-a-tus-looks.jpg\" alt title itemprop=\"image\"><\/picture><figcaption><span class=\"firma\"><\/span><\/figcaption><\/figure>\n<\/div>\n<p>La propuesta <strong>m\u00e1s vistosa y c\u00f3moda es este vestido largo de rayas azul marino<\/strong> sobre fondo en color crudo de Massimo Dutti que est\u00e1 confeccionado con al menos un 50% de algod\u00f3n org\u00e1nico.<\/p>\n<div class=\"comp_mm\">\n<figure><picture><source srcset=\"http:\/\/hoycordobaweb.com\/wp-content\/uploads\/2021\/04\/corto-o-largo-dos-vestidos-muy-diferentes-y-comodos-para-llevar-la-tendencia-navy-con-rayas-que-estilizan-a-tus-looks-1.jpg, http:\/\/hoycordobaweb.com\/wp-content\/uploads\/2021\/04\/corto-o-largo-dos-vestidos-muy-diferentes-y-comodos-para-llevar-la-tendencia-navy-con-rayas-que-estilizan-a-tus-looks-1.jpg 2x\" media=\"(min-width: 1054px)\"><source srcset=\"http:\/\/hoycordobaweb.com\/wp-content\/uploads\/2021\/04\/corto-o-largo-dos-vestidos-muy-diferentes-y-comodos-para-llevar-la-tendencia-navy-con-rayas-que-estilizan-a-tus-looks-1.jpg, http:\/\/hoycordobaweb.com\/wp-content\/uploads\/2021\/04\/corto-o-largo-dos-vestidos-muy-diferentes-y-comodos-para-llevar-la-tendencia-navy-con-rayas-que-estilizan-a-tus-looks-1.jpg 2x\" media=\"(min-width: 720px)\"><source srcset=\"https:\/\/resizer.mujerhoy.com\/resizer\/resizer.php?imagen=http:\/\/hoycordobaweb.com\/wp-content\/uploads\/2021\/04\/corto-o-largo-dos-vestidos-muy-diferentes-y-comodos-para-llevar-la-tendencia-navy-con-rayas-que-estilizan-a-tus-looks-1.jpg&amp;nuevoalto=714&amp;nuevoancho=476\"><img src=\"http:\/\/hoycordobaweb.com\/wp-content\/uploads\/2021\/04\/corto-o-largo-dos-vestidos-muy-diferentes-y-comodos-para-llevar-la-tendencia-navy-con-rayas-que-estilizan-a-tus-looks-1.jpg\" alt title itemprop=\"image\"><\/picture><figcaption><span class=\"firma\"><\/span><\/figcaption><\/figure>\n<\/div>\n<p>De corte recto y cuello caja, tiene <strong>las mangas cortas y la costura del hombro ca\u00edda <\/strong>y podemos encontrarlo entre las tallas XS y L por 49,95 euros. <\/p>\n<div class=\"comp_mm\">\n<figure><picture><source srcset=\"http:\/\/hoycordobaweb.com\/wp-content\/uploads\/2021\/04\/corto-o-largo-dos-vestidos-muy-diferentes-y-comodos-para-llevar-la-tendencia-navy-con-rayas-que-estilizan-a-tus-looks-2.jpg, http:\/\/hoycordobaweb.com\/wp-content\/uploads\/2021\/04\/corto-o-largo-dos-vestidos-muy-diferentes-y-comodos-para-llevar-la-tendencia-navy-con-rayas-que-estilizan-a-tus-looks-2.jpg 2x\" media=\"(min-width: 1054px)\"><source srcset=\"http:\/\/hoycordobaweb.com\/wp-content\/uploads\/2021\/04\/corto-o-largo-dos-vestidos-muy-diferentes-y-comodos-para-llevar-la-tendencia-navy-con-rayas-que-estilizan-a-tus-looks-2.jpg, http:\/\/hoycordobaweb.com\/wp-content\/uploads\/2021\/04\/corto-o-largo-dos-vestidos-muy-diferentes-y-comodos-para-llevar-la-tendencia-navy-con-rayas-que-estilizan-a-tus-looks-2.jpg 2x\" media=\"(min-width: 720px)\"><source srcset=\"https:\/\/resizer.mujerhoy.com\/resizer\/resizer.php?imagen=http:\/\/hoycordobaweb.com\/wp-content\/uploads\/2021\/04\/corto-o-largo-dos-vestidos-muy-diferentes-y-comodos-para-llevar-la-tendencia-navy-con-rayas-que-estilizan-a-tus-looks-2.jpg&amp;nuevoalto=714&amp;nuevoancho=476\"><img src=\"http:\/\/hoycordobaweb.com\/wp-content\/uploads\/2021\/04\/corto-o-largo-dos-vestidos-muy-diferentes-y-comodos-para-llevar-la-tendencia-navy-con-rayas-que-estilizan-a-tus-looks-2.jpg\" alt title itemprop=\"image\"><\/picture><figcaption><span class=\"firma\"><\/span><\/figcaption><\/figure>\n<\/div>\n<p>En H&amp;M lo han lanzado en una de las versiones m\u00e1s casual y polivalentes del momento, con<strong> un vestido camiseta perfecto para llevar solo o con unos pantalones<\/strong>. Con rayas horizontales en azul marino anchas y fondo blanco, queda por encima de la rodilla.<\/p>\n<div class=\"comp_mm\">\n<figure><picture><source srcset=\"http:\/\/hoycordobaweb.com\/wp-content\/uploads\/2021\/04\/corto-o-largo-dos-vestidos-muy-diferentes-y-comodos-para-llevar-la-tendencia-navy-con-rayas-que-estilizan-a-tus-looks-3.jpg, http:\/\/hoycordobaweb.com\/wp-content\/uploads\/2021\/04\/corto-o-largo-dos-vestidos-muy-diferentes-y-comodos-para-llevar-la-tendencia-navy-con-rayas-que-estilizan-a-tus-looks-3.jpg 2x\" media=\"(min-width: 1054px)\"><source srcset=\"http:\/\/hoycordobaweb.com\/wp-content\/uploads\/2021\/04\/corto-o-largo-dos-vestidos-muy-diferentes-y-comodos-para-llevar-la-tendencia-navy-con-rayas-que-estilizan-a-tus-looks-3.jpg, http:\/\/hoycordobaweb.com\/wp-content\/uploads\/2021\/04\/corto-o-largo-dos-vestidos-muy-diferentes-y-comodos-para-llevar-la-tendencia-navy-con-rayas-que-estilizan-a-tus-looks-3.jpg 2x\" media=\"(min-width: 720px)\"><source srcset=\"https:\/\/resizer.mujerhoy.com\/resizer\/resizer.php?imagen=http:\/\/hoycordobaweb.com\/wp-content\/uploads\/2021\/04\/corto-o-largo-dos-vestidos-muy-diferentes-y-comodos-para-llevar-la-tendencia-navy-con-rayas-que-estilizan-a-tus-looks-3.jpg&amp;nuevoalto=714&amp;nuevoancho=476\"><img src=\"http:\/\/hoycordobaweb.com\/wp-content\/uploads\/2021\/04\/corto-o-largo-dos-vestidos-muy-diferentes-y-comodos-para-llevar-la-tendencia-navy-con-rayas-que-estilizan-a-tus-looks-3.jpg\" alt title itemprop=\"image\"><\/picture><figcaption><span class=\"firma\"><\/span><\/figcaption><\/figure>\n<\/div>\n<p>Confeccionado <strong>en punto suave de algod\u00f3n, con cuello redondo ribeteado en canal\u00e9<\/strong>, hombros marcadamente ca\u00eddos y mangas cortas, cuesta 14,99 euros y est\u00e1 disponible entre las tallas XS y XXL.<\/p>\n<div class=\"tb-interesa\">\n<h3>Tambi\u00e9n te interesa<\/h3>\n<\/div>\n","protected":false},"excerpt":{"rendered":"<p>Si algo nos ha dejado claro el arranque de las colecciones de la primavera es que el estampado de rayas es ese dise\u00f1o que no te vas a dejar de poner, tanto si vienen en su versi\u00f3n horizontal como si apuestan por la versi\u00f3n vertical que estiliza la figura a m\u00e1s no poder y rejuvenece [&hellip;]<\/p>\n","protected":false},"author":1,"featured_media":18856,"comment_status":"closed","ping_status":"closed","sticky":false,"template":"","format":"standard","meta":[],"categories":[1],"tags":[],"_links":{"self":[{"href":"http:\/\/hoycordobaweb.com\/index.php\/wp-json\/wp\/v2\/posts\/18855"}],"collection":[{"href":"http:\/\/hoycordobaweb.com\/index.php\/wp-json\/wp\/v2\/posts"}],"about":[{"href":"http:\/\/hoycordobaweb.com\/index.php\/wp-json\/wp\/v2\/types\/post"}],"author":[{"embeddable":true,"href":"http:\/\/hoycordobaweb.com\/index.php\/wp-json\/wp\/v2\/users\/1"}],"replies":[{"embeddable":true,"href":"http:\/\/hoycordobaweb.com\/index.php\/wp-json\/wp\/v2\/comments?post=18855"}],"version-history":[{"count":0,"href":"http:\/\/hoycordobaweb.com\/index.php\/wp-json\/wp\/v2\/posts\/18855\/revisions"}],"wp:featuredmedia":[{"embeddable":true,"href":"http:\/\/hoycordobaweb.com\/index.php\/wp-json\/wp\/v2\/media\/18856"}],"wp:attachment":[{"href":"http:\/\/hoycordobaweb.com\/index.php\/wp-json\/wp\/v2\/media?parent=18855"}],"wp:term":[{"taxonomy":"category","embeddable":true,"href":"http:\/\/hoycordobaweb.com\/index.php\/wp-json\/wp\/v2\/categories?post=18855"},{"taxonomy":"post_tag","embeddable":true,"href":"http:\/\/hoycordobaweb.com\/index.php\/wp-json\/wp\/v2\/tags?post=18855"}],"curies":[{"name":"wp","href":"https:\/\/api.w.org\/{rel}","templated":true}]}}