{"id":1868,"date":"2020-09-18T16:13:44","date_gmt":"2020-09-18T16:13:44","guid":{"rendered":"http:\/\/fono.fcm.unc.edu.ar\/?p=5023"},"modified":"2020-09-18T16:13:44","modified_gmt":"2020-09-18T16:13:44","slug":"camino-al-8-foro-de-extension-universitaria","status":"publish","type":"post","link":"http:\/\/hoycordobaweb.com\/index.php\/2020\/09\/18\/camino-al-8-foro-de-extension-universitaria\/","title":{"rendered":"Camino al 8\u00b0 Foro de Extensi\u00f3n Universitaria"},"content":{"rendered":"<h2 class=\"fusion-post-title\">Camino al 8\u00b0 Foro de Extensi\u00f3n Universitaria<\/h2>\n<div class=\"post-content\" readability=\"54.241674595623\">\n<p><span lang=\"ES-AR\"><img loading=\"lazy\" class=\" wp-image-5024 alignright\" src=\"https:\/\/fono.fcm.unc.edu.ar\/wp-content\/uploads\/sites\/14\/2020\/09\/unnamed-1-300x157.jpg\" alt width=\"426\" height=\"223\" srcset=\"https:\/\/fono.fcm.unc.edu.ar\/wp-content\/uploads\/sites\/14\/2020\/09\/unnamed-1-200x105.jpg 200w, https:\/\/fono.fcm.unc.edu.ar\/wp-content\/uploads\/sites\/14\/2020\/09\/unnamed-1-300x157.jpg 300w, https:\/\/fono.fcm.unc.edu.ar\/wp-content\/uploads\/sites\/14\/2020\/09\/unnamed-1-400x210.jpg 400w, https:\/\/fono.fcm.unc.edu.ar\/wp-content\/uploads\/sites\/14\/2020\/09\/unnamed-1-600x315.jpg 600w, https:\/\/fono.fcm.unc.edu.ar\/wp-content\/uploads\/sites\/14\/2020\/09\/unnamed-1-768x403.jpg 768w, https:\/\/fono.fcm.unc.edu.ar\/wp-content\/uploads\/sites\/14\/2020\/09\/unnamed-1-800x420.jpg 800w, https:\/\/fono.fcm.unc.edu.ar\/wp-content\/uploads\/sites\/14\/2020\/09\/unnamed-1-1024x538.jpg 1024w, https:\/\/fono.fcm.unc.edu.ar\/wp-content\/uploads\/sites\/14\/2020\/09\/unnamed-1-1200x630.jpg 1200w, https:\/\/fono.fcm.unc.edu.ar\/wp-content\/uploads\/sites\/14\/2020\/09\/unnamed-1-1536x806.jpg 1536w\" sizes=\"(max-width: 426px) 100vw, 426px\">El 22 y 23 de octubre, se realizar\u00e1 de manera virtual el <b>8vo Foro de Extensi\u00f3n Universitaria&nbsp;<\/b>bajo el lema&nbsp;<i>\u201cPensando la extensi\u00f3n en escenarios de presencialidad y virtualidad\u201d<\/i>.<\/span><\/p>\n<p><span lang=\"ES-AR\">Antes de esas jornadas, se planificaron charlas y talleres relacionadas con uno de los objetivos de esta edici\u00f3n 2020: propiciar un espacio de di\u00e1logo multidisciplinar relacionando experiencias de car\u00e1cter extensionista y reflexionar sobre los nuevos significados de la extensi\u00f3n universitaria a partir del impacto de la pandemia COVID 19.<\/span><\/p>\n<p><span lang=\"ES-AR\">En este sentido, se programaron 18 propuestas gratuitas destinadas a p\u00fablicos espec\u00edficos, como por ejemplo el encuentro de becarios y becarias y ayudantes extensionistas, o bien actividades abiertas que se transmitir\u00e1n en vivo por el canal de youtube de Extensi\u00f3n UNC.<\/span><\/p>\n<p><span lang=\"ES-AR\"> Para consultar el programa completo de actividades&nbsp;Camino al 8vo Foro de Extensi\u00f3n, hacer click&nbsp;<strong><a href=\"https:\/\/www.unc.edu.ar\/extensi%C3%B3n\/8%C2%BA-foro-de-extensi%C3%B3n-c%C3%B3rdoba-2020\">AQUI<\/a><\/strong><\/span><\/p>\n<p><span lang=\"ES-AR\">Links de inscripci\u00f3n y transmisiones, disertantes y m\u00e1s datos de cada una de las actividades, consultar en <\/span><span lang=\"ES-AR\"><a href=\"http:\/\/www.unc.edu.ar\/extensi%C3%B3n\" target=\"_blank\" rel=\"noopener noreferrer\" data-saferedirecturl=\"https:\/\/www.google.com\/url?q=http:\/\/www.unc.edu.ar\/extensi%25C3%25B3n&amp;source=gmail&amp;ust=1600520990521000&amp;usg=AFQjCNGvyt1c-s6qyVQ9ypVTLfqG0JEvqA\">www.unc.edu.ar\/extensi\u00f3n<\/a><\/span><span lang=\"ES-AR\">&nbsp;o&nbsp;<\/span><span lang=\"ES-AR\"><a href=\"https:\/\/www.unc.edu.ar\/extensi%C3%B3n\/8%C2%BA-foro-de-extensi%C3%B3n-c%C3%B3rdoba-2020\" target=\"_blank\" rel=\"noopener noreferrer\" data-saferedirecturl=\"https:\/\/www.google.com\/url?q=https:\/\/www.unc.edu.ar\/extensi%25C3%25B3n\/8%25C2%25BA-foro-de-extensi%25C3%25B3n-c%25C3%25B3rdoba-2020&amp;source=gmail&amp;ust=1600520990521000&amp;usg=AFQjCNGIMlJuoWGfMiJt-goO6dRMvJK3VQ\">AQUI<\/a><\/span><\/p>\n<\/p><\/div>\n","protected":false},"excerpt":{"rendered":"<p>Camino al 8\u00b0 Foro de Extensi\u00f3n Universitaria El 22 y 23 de octubre, se realizar\u00e1 de manera virtual el 8vo Foro de Extensi\u00f3n Universitaria&nbsp;bajo el lema&nbsp;\u201cPensando la extensi\u00f3n en escenarios de presencialidad y virtualidad\u201d. Antes de esas jornadas, se planificaron charlas y talleres relacionadas con uno de los objetivos de esta edici\u00f3n 2020: propiciar un [&hellip;]<\/p>\n","protected":false},"author":1,"featured_media":0,"comment_status":"closed","ping_status":"closed","sticky":false,"template":"","format":"standard","meta":[],"categories":[1],"tags":[],"_links":{"self":[{"href":"http:\/\/hoycordobaweb.com\/index.php\/wp-json\/wp\/v2\/posts\/1868"}],"collection":[{"href":"http:\/\/hoycordobaweb.com\/index.php\/wp-json\/wp\/v2\/posts"}],"about":[{"href":"http:\/\/hoycordobaweb.com\/index.php\/wp-json\/wp\/v2\/types\/post"}],"author":[{"embeddable":true,"href":"http:\/\/hoycordobaweb.com\/index.php\/wp-json\/wp\/v2\/users\/1"}],"replies":[{"embeddable":true,"href":"http:\/\/hoycordobaweb.com\/index.php\/wp-json\/wp\/v2\/comments?post=1868"}],"version-history":[{"count":0,"href":"http:\/\/hoycordobaweb.com\/index.php\/wp-json\/wp\/v2\/posts\/1868\/revisions"}],"wp:attachment":[{"href":"http:\/\/hoycordobaweb.com\/index.php\/wp-json\/wp\/v2\/media?parent=1868"}],"wp:term":[{"taxonomy":"category","embeddable":true,"href":"http:\/\/hoycordobaweb.com\/index.php\/wp-json\/wp\/v2\/categories?post=1868"},{"taxonomy":"post_tag","embeddable":true,"href":"http:\/\/hoycordobaweb.com\/index.php\/wp-json\/wp\/v2\/tags?post=1868"}],"curies":[{"name":"wp","href":"https:\/\/api.w.org\/{rel}","templated":true}]}}