{"id":18647,"date":"2021-04-21T18:46:20","date_gmt":"2021-04-21T18:46:20","guid":{"rendered":"http:\/\/ladecimaweb.com\/?p=9316"},"modified":"2021-04-21T18:46:20","modified_gmt":"2021-04-21T18:46:20","slug":"polemica-entre-los-feriantes-de-villa-el-libertador-por-el-cobro-de-los-puestos","status":"publish","type":"post","link":"http:\/\/hoycordobaweb.com\/index.php\/2021\/04\/21\/polemica-entre-los-feriantes-de-villa-el-libertador-por-el-cobro-de-los-puestos\/","title":{"rendered":"Pol\u00e9mica entre los feriantes de Villa El Libertador por el cobro de los puestos"},"content":{"rendered":"<p><strong><em>Los defensores se\u00f1alan que &#8220;es un pedido de colaboraci\u00f3n&#8221; para afrontar los gastos de la comisi\u00f3n, mientras que los cr\u00edticos rechazan cualquier tipo de cobros.<\/em><\/strong><\/p>\n<p>Fue caliente el \u00faltimo domingo en Villa El Libertador, y no solo porque el sol acompa\u00f1\u00f3 todo el d\u00eda. Lo fue entre los feriantes de la plaza principal que discutieron acaloradamente por la pretensi\u00f3n de algunos delegados de cobrar por la instalaci\u00f3n de los puestos.<\/p>\n<p>Tambi\u00e9n hubo escenas de nerviosismo por la captura de una supuesta mechera que fue escrachada por las redes sociales entre sollozos y amenazas mientras se esperaba el patrullero que nunca apareci\u00f3. La inseguridad en el principal paseo del barrio es tan moneda corriente como la ausencia policial absoluta.<\/p>\n<p>Pero \u00bfqu\u00e9 pasa entre los feriantes? Pasa que trabajaron un mont\u00f3n con el Estado municipal para organizarse y volver al trabajo luego de un a\u00f1o con la feria cerrada por la cuarentena del coronavirus, y ahora empezaron a aflorar algunas diferencias. Los desacuerdos entre los delegados son hist\u00f3ricos, los hubo siempre; lo destacable ahora es que al menos nadie esgrime un arma para resolver los conflictos.<\/p>\n<div class=\"fitvids-video\"><iframe title=\"20 de abril de 2021\" width=\"800\" height=\"450\" src=\"https:\/\/www.youtube.com\/embed\/KaIGe1r-Ie8?feature=oembed\" frameborder=\"0\" allow=\"accelerometer; autoplay; clipboard-write; encrypted-media; gyroscope; picture-in-picture\" allowfullscreen><\/iframe><\/div>\n<p><em>(Video: momento m\u00e1s tenso, el domingo, cuando los delegados discuten por la pretensi\u00f3n de cobro)<\/em><\/p>\n<p><strong>Cristina Condor\u00ed es la delegada del sector Naranja<\/strong>, uno de los cuatros en que fue dividido el territorio de la plaza para poder trabajar mejor; los otros son: Celeste, Rojo y Verde. Como representante del sector Naranja, Condor\u00ed rechaza la incorporaci\u00f3n de feriantes nuevos y que se cobre por los puestos.<\/p>\n<p><strong>&#8220;Venimos a trabajar a la plaza por necesidad, no podemos estar pagando nada&#8221;<\/strong>, argumenta ante la consulta de La D\u00e9cima. &#8220;Hay gente en la lista de espera, pero ellos traen a visitantes a ocupar esos puestos&#8221;, denuncia, aludiendo con &#8220;ellos&#8221; a los delegados de los otros sectores. Adem\u00e1s, rechaza pagar por un adicional. &#8220;Para qu\u00e9 un adicional, si roban todo el tiempo en la plaza&#8221;, reflexiona.\u00a0 Por \u00faltimo acusa actitud &#8220;patoteril&#8221; de los otros sectores. &#8220;Si no pagas, no te dejan trabajar&#8221;, dice, y denuncia que a una compa\u00f1era le quisieron cobrar 450 pesos y despu\u00e9s de rogar la dejaron trabajar por la mitad.<\/p>\n<div class=\"fitvids-video\"><iframe title=\"21 de abril de 2021\" width=\"800\" height=\"450\" src=\"https:\/\/www.youtube.com\/embed\/Hsw34-X7MWk?feature=oembed\" frameborder=\"0\" allow=\"accelerometer; autoplay; clipboard-write; encrypted-media; gyroscope; picture-in-picture\" allowfullscreen><\/iframe><\/div>\n<p><em>(Video aportado por Luj\u00e1n de la asamblea cuando se debati\u00f3 el tema de los &#8220;feriantes visitantes&#8221;)<\/em><\/p>\n<p>Condor\u00ed discuti\u00f3 fuertemente el domingo con <strong>Beatriz Luj\u00e1n, delegada del sector Rojo<\/strong> y uno de los referentes fuertes de los feriantes. &#8220;En primer lugar, dejame aclarar que <strong>los puestos no se cobran, sino que se les pide una colaboraci\u00f3n<\/strong> de cien pesos a los visitantes (feriantes nuevos) porque as\u00ed fue acordado entre todos&#8221;, explica Luj\u00e1n al peri\u00f3dico. Y detalla mejor la idea de &#8220;tarifar&#8221; los puestos: &#8220;Al pedir una colaboraci\u00f3n a los nuevos, lo que hacemos es cuidar el lugar para evitar el desorden que hubo siempre en la plaza, donde ven\u00eda cualquiera de otro barrio y tiraba un trapo para vender&#8221;.<\/p>\n<p>El cobro, entonces, busca operar como un freno para mantener un orden.<\/p>\n<p>Desmiente en forma categ\u00f3rica &#8220;que no se deje trabajar a la gente&#8221; y justifica el pedido de una colaboraci\u00f3n para afrontar los gastos de comisi\u00f3n (desde fotocopias, movilidad e insumos para la feria) y el <strong>pago de dos adicionales de polic\u00eda l<\/strong>os fines de semana. &#8220;Como el Estado no nos env\u00eda polic\u00edas, tuvimos que pagarle a dos adicionales porque la inseguridad es mucha&#8221;, dice Luj\u00e1n, quien agrega que los que tengan dudas del destino del dinero que &#8220;pidan ver el libro de actas, ah\u00ed figura todo&#8221;.<\/p>\n<p>&nbsp;<\/p>\n<div class=\"fitvids-video\"><iframe title=\"21 de abril de 2021\" width=\"800\" height=\"450\" src=\"https:\/\/www.youtube.com\/embed\/VIKj3tySix4?feature=oembed\" frameborder=\"0\" allow=\"accelerometer; autoplay; clipboard-write; encrypted-media; gyroscope; picture-in-picture\" allowfullscreen><\/iframe><\/div>\n<p><em>(Video aportado por Luj\u00e1n de cuando Condor\u00ed fue elegida delegada y reinaba la armon\u00eda entre todos)<\/em><\/p>\n<p>&#8220;Lo que pasa -apunta Luj\u00e1n- es que hay feriantes del sector Naranja que no respetan la cantidad de metros acordada para trabajar durante la pandemia, que son dos y tres metros por puesto, y ahora est\u00e1n en rebeld\u00eda&#8221;.\u00a0 Y aclara: &#8220;Los puestos que se le ofrecen a los visitantes son lugares que ocupaban gente que se hab\u00eda empadronado y no vino m\u00e1s&#8221;.<\/p>\n<p>Cuando en junio del a\u00f1o pasado se llev\u00f3 a cabo el operativo de empadronamiento se anotaron alrededor <strong>de 330 feriantes; hoy la lista se redujo a 260<\/strong>. En el nuevo padr\u00f3n figuran alrededor de diez nuevos feriantes visitantes que pasar\u00e1n a ser fijos.<\/p>\n<p>&#8220;Algunos deber\u00edan entender que la plaza es de todos, pero hay una organizaci\u00f3n&#8221;, advierte Luj\u00e1n, quien reclama al Estado municipal que avance con la promesa de enviar inspectores para ayudarlos con la organizaci\u00f3n. &#8220;Si bien nos reunimos con el Estado, todav\u00eda no vemos demasiados avances y soluciones&#8221;, plantea, cr\u00edtica, la delegada.<\/p>\n<p><strong>Promesa de avances<\/strong><\/p>\n<p>Consultada sobre el asunto, la subsecretaria municipal de Planificaci\u00f3n y Gesti\u00f3n para una Ciudad Inclusiva, Liliana Montero adelant\u00f3 a La D\u00e9cima que &#8220;en los pr\u00f3ximos d\u00edas habr\u00e1 un operativo municipal en la plaza para avanzar hacia la ratificaci\u00f3n o rectificaci\u00f3n de la cantidad de feriantes de acuerdo al censo realizado&#8221;.<\/p>\n<p>Y subray\u00f3 &#8220;el compromiso&#8221; de la gesti\u00f3n del intendente Mart\u00edn Llaryora en &#8220;potenciar&#8221; y &#8220;fortalecer&#8221; a los sectores de la econom\u00eda popular o social como un &#8220;dinamizador&#8221; en el marco del contexto recesivo.<\/p>\n<p>La funcionaria dijo no estar enterada de la pol\u00e9mica entre los feriantes del barrio al ped\u00edrsele una opini\u00f3n de lo ocurrido el domingo.<\/p>\n<p>&nbsp;<\/p>\n<p><strong><em>La foto principal es de junio del a\u00f1o pasado, cuando los feriantes comenzaron a organizarse para presionar ante el Estado para volver a trabajar en el marco de la pandemia (archivo de La D\u00e9cima)<\/em><\/strong><\/p>\n<p>&nbsp;<\/p>\n<div class=\"ubm_banner\"><a href=\"https:\/\/www.youtube.com\/watch?v=4MQW8zM648g\" target=\"_blank\" rel=\"dofollow noopener noreferrer\"><img src=\"http:\/\/hoycordobaweb.com\/wp-content\/uploads\/2021\/04\/polemica-entre-los-feriantes-de-villa-el-libertador-por-el-cobro-de-los-puestos.gif\" alt=\"\"><\/a><\/div>\n<p>La entrada <a rel=\"nofollow\" href=\"https:\/\/ladecimaweb.com\/polemica-entre-los-feriantes-de-villa-el-libertador-por-el-cobro-de-los-puestos\/\">Pol\u00e9mica entre los feriantes de Villa El Libertador por el cobro de los puestos<\/a> se public\u00f3 primero en <a rel=\"nofollow\" href=\"https:\/\/ladecimaweb.com\">LaDecima<\/a>.<\/p>\n","protected":false},"excerpt":{"rendered":"<p>Los defensores se\u00f1alan que &#8220;es un pedido de colaboraci\u00f3n&#8221; para afrontar los gastos de la comisi\u00f3n, mientras que los cr\u00edticos rechazan cualquier tipo de cobros. Fue caliente el \u00faltimo domingo en Villa El Libertador, y no solo porque el sol acompa\u00f1\u00f3 todo el d\u00eda. Lo fue entre los feriantes de la plaza principal que discutieron [&hellip;]<\/p>\n","protected":false},"author":1,"featured_media":18648,"comment_status":"closed","ping_status":"closed","sticky":false,"template":"","format":"standard","meta":[],"categories":[19],"tags":[],"_links":{"self":[{"href":"http:\/\/hoycordobaweb.com\/index.php\/wp-json\/wp\/v2\/posts\/18647"}],"collection":[{"href":"http:\/\/hoycordobaweb.com\/index.php\/wp-json\/wp\/v2\/posts"}],"about":[{"href":"http:\/\/hoycordobaweb.com\/index.php\/wp-json\/wp\/v2\/types\/post"}],"author":[{"embeddable":true,"href":"http:\/\/hoycordobaweb.com\/index.php\/wp-json\/wp\/v2\/users\/1"}],"replies":[{"embeddable":true,"href":"http:\/\/hoycordobaweb.com\/index.php\/wp-json\/wp\/v2\/comments?post=18647"}],"version-history":[{"count":0,"href":"http:\/\/hoycordobaweb.com\/index.php\/wp-json\/wp\/v2\/posts\/18647\/revisions"}],"wp:featuredmedia":[{"embeddable":true,"href":"http:\/\/hoycordobaweb.com\/index.php\/wp-json\/wp\/v2\/media\/18648"}],"wp:attachment":[{"href":"http:\/\/hoycordobaweb.com\/index.php\/wp-json\/wp\/v2\/media?parent=18647"}],"wp:term":[{"taxonomy":"category","embeddable":true,"href":"http:\/\/hoycordobaweb.com\/index.php\/wp-json\/wp\/v2\/categories?post=18647"},{"taxonomy":"post_tag","embeddable":true,"href":"http:\/\/hoycordobaweb.com\/index.php\/wp-json\/wp\/v2\/tags?post=18647"}],"curies":[{"name":"wp","href":"https:\/\/api.w.org\/{rel}","templated":true}]}}