{"id":18617,"date":"2021-04-25T00:06:00","date_gmt":"2021-04-25T00:06:00","guid":{"rendered":"http:\/\/hoycordobaweb.com\/index.php\/2021\/04\/25\/formosa-incorporan-24-camas-y-ya-son-108-las-plazas-de-uti-para-pacientes-con-coronavirus\/"},"modified":"2021-04-25T00:06:00","modified_gmt":"2021-04-25T00:06:00","slug":"formosa-incorporan-24-camas-y-ya-son-108-las-plazas-de-uti-para-pacientes-con-coronavirus","status":"publish","type":"post","link":"http:\/\/hoycordobaweb.com\/index.php\/2021\/04\/25\/formosa-incorporan-24-camas-y-ya-son-108-las-plazas-de-uti-para-pacientes-con-coronavirus\/","title":{"rendered":"Formosa: incorporan 24 camas y ya son 108 las plazas de UTI para pacientes con coronavirus"},"content":{"rendered":"<p><img src=\"http:\/\/hoycordobaweb.com\/wp-content\/uploads\/2021\/04\/formosa-incorporan-24-camas-y-ya-son-108-las-plazas-de-uti-para-pacientes-con-coronavirus.jpg\"><\/p>\n<div class=\"image\" id=\"image\" readability=\"7\"> <img src=\"http:\/\/hoycordobaweb.com\/wp-content\/uploads\/2021\/04\/formosa-incorporan-24-camas-y-ya-son-108-las-plazas-de-uti-para-pacientes-con-coronavirus-2.jpg\" alt=\"Formosa tiene 108 las plazas de UTI para pacientes con coronavirus.\" title=\"Formosa tiene 108 las plazas de UTI para pacientes con coronavirus.\"><\/p>\n<p>Formosa tiene 108 las plazas de UTI para pacientes con coronavirus.<\/p>\n<\/div>\n<p>Un total de 24 camas de terapia intensiva se incorporaron al sistema sanitario de la provincia de Formosa con lo que esa jurisdicci\u00f3n ya cuenta con 108 camas exclusivas para pacientes con coronavirus, inform\u00f3 el gobierno provincial.<\/p>\n<p>Las camas fueron incorporadas al Hospital Interdistrital Evita que tiene 64 unidades de terapia intensiva.<\/p>\n<p>Juli\u00e1n Bibolini, miembro del Consejo de Atenci\u00f3n Integral de la Emergencia de coronavirus se\u00f1al\u00f3 que \u201cen virtud de que en los \u00faltimos d\u00edas aumentaron los casos se activ\u00f3 un protocolo relacionado con el uso de terapia intensiva\u201d.<\/p>\n<p>\u201cPor lo tanto se increment\u00f3 el n\u00famero de camas en el hospital interdistrital. Lo que se hizo fue a la cama de sala general agregarle el equipo para transformarla en una cama de terapia intensiva\u201d, explic\u00f3.<\/p>\n<p>Indic\u00f3 asimismo que en total la provincia cuenta con \u201c108 camas de terapia intensiva para atenci\u00f3n exclusiva a pacientes con coronavirus\u201d.<\/p>\n<p>Detall\u00f3 adem\u00e1s que las unidades de terapia constan \u201cde una cama el\u00e9ctrica con su respectivo respirador de \u00faltima generaci\u00f3n, monitores multiparam\u00e9tricos, cinco bombas de infusi\u00f3n para la administraci\u00f3n de medicamentos, una jeribomba y una bomba enteral para la administraci\u00f3n de alimentos\u201d.<\/p>\n<p>Estas unidades son para atender la emergencia del Covid-19 y \u201cse suman a las instaladas en el Hospital del Alta Complejidad \u201cJuan Domingo Per\u00f3n\u201d, en el Hospital Distrital N\u00ba 8, en el Hospital Central, en el Hospital de la Madre y el Ni\u00f1o de la capital, y en el Hospital Distrital de Clorinda\u201d. <\/p>\n","protected":false},"excerpt":{"rendered":"<p>Formosa tiene 108 las plazas de UTI para pacientes con coronavirus. Un total de 24 camas de terapia intensiva se incorporaron al sistema sanitario de la provincia de Formosa con lo que esa jurisdicci\u00f3n ya cuenta con 108 camas exclusivas para pacientes con coronavirus, inform\u00f3 el gobierno provincial. Las camas fueron incorporadas al Hospital Interdistrital [&hellip;]<\/p>\n","protected":false},"author":1,"featured_media":18618,"comment_status":"open","ping_status":"closed","sticky":false,"template":"","format":"standard","meta":[],"categories":[19],"tags":[],"_links":{"self":[{"href":"http:\/\/hoycordobaweb.com\/index.php\/wp-json\/wp\/v2\/posts\/18617"}],"collection":[{"href":"http:\/\/hoycordobaweb.com\/index.php\/wp-json\/wp\/v2\/posts"}],"about":[{"href":"http:\/\/hoycordobaweb.com\/index.php\/wp-json\/wp\/v2\/types\/post"}],"author":[{"embeddable":true,"href":"http:\/\/hoycordobaweb.com\/index.php\/wp-json\/wp\/v2\/users\/1"}],"replies":[{"embeddable":true,"href":"http:\/\/hoycordobaweb.com\/index.php\/wp-json\/wp\/v2\/comments?post=18617"}],"version-history":[{"count":0,"href":"http:\/\/hoycordobaweb.com\/index.php\/wp-json\/wp\/v2\/posts\/18617\/revisions"}],"wp:featuredmedia":[{"embeddable":true,"href":"http:\/\/hoycordobaweb.com\/index.php\/wp-json\/wp\/v2\/media\/18618"}],"wp:attachment":[{"href":"http:\/\/hoycordobaweb.com\/index.php\/wp-json\/wp\/v2\/media?parent=18617"}],"wp:term":[{"taxonomy":"category","embeddable":true,"href":"http:\/\/hoycordobaweb.com\/index.php\/wp-json\/wp\/v2\/categories?post=18617"},{"taxonomy":"post_tag","embeddable":true,"href":"http:\/\/hoycordobaweb.com\/index.php\/wp-json\/wp\/v2\/tags?post=18617"}],"curies":[{"name":"wp","href":"https:\/\/api.w.org\/{rel}","templated":true}]}}