{"id":18613,"date":"2021-04-24T18:10:30","date_gmt":"2021-04-24T18:10:30","guid":{"rendered":"https:\/\/www.trendencias.com\/alfombra-roja\/alfombra-roja-festival-cine-ibiza-andrea-duro-iciar-castro-eva-isanta-piensan-verano-sus-looks"},"modified":"2021-04-24T18:10:30","modified_gmt":"2021-04-24T18:10:30","slug":"alfombra-roja-del-festival-de-cine-de-ibiza-andrea-duro-iciar-castro-y-eva-isanta-ya-piensan-en-verano-con-sus-looks","status":"publish","type":"post","link":"http:\/\/hoycordobaweb.com\/index.php\/2021\/04\/24\/alfombra-roja-del-festival-de-cine-de-ibiza-andrea-duro-iciar-castro-y-eva-isanta-ya-piensan-en-verano-con-sus-looks\/","title":{"rendered":"Alfombra roja del Festival de Cine de Ibiza: Andrea Duro, Iciar Castro y Eva Isanta ya piensan en verano con sus looks"},"content":{"rendered":"<p>El <strong>Festival<\/strong> Internacional de <strong>Cine<\/strong> Independiente de <strong>Ibiza, IbizaCineFest, ha <\/strong>comenzado su quinta edici\u00f3n anoche con el estreno del documental sobre los 50 a\u00f1os de la Moda Adlib y hoy continua con la entrega de premios Astart\u00e9 y <a href=\"https:\/\/www.trendencias.com\/ocio\/ibiza-mucho-que-veranos-locos-suenos-hippies-paco-leon-premio-honor-festival-ibicine-que-se-entregaran-otros-19-premios-al-cine-espanol\">homenaje a Paco Le\u00f3n<\/a>, Premio de Honor del Festival Ibicine.<\/p>\n<p><!-- BREAK 1 --><\/p>\n<p>En la alfombra roja hemos podido ver a varias actrices como <strong>Andrea Duro, Iciar Castro<\/strong> o <strong>Eva Isanta<\/strong> con <em>looks<\/em> perfectos para lucir en la isla, un tel\u00f3n de fondo ideal para celebrar este festival. Estilismos que nos inspiran para las noches de verano que est\u00e1n por llegar.<\/p>\n<p><!-- BREAK 2 --> <\/p>\n<div class=\"article-asset article-asset-normal article-asset-center\">\n<div class=\"desvio-container\">\n<div class=\"desvio\">\n<div class=\"desvio-figure js-desvio-figure\"> <a href=\"https:\/\/www.trendencias.com\/ocio\/ibiza-mucho-que-veranos-locos-suenos-hippies-paco-leon-premio-honor-festival-ibicine-que-se-entregaran-otros-19-premios-al-cine-espanol\"> <img alt=\"Ibiza es mucho m\u00e1s que veranos locos y sue\u00f1os hippies: Paco Le\u00f3n, Premio de Honor del Festival Ibicine (en el que se entregar\u00e1n otros 19 premios al cine espa\u00f1ol) \" src=\"http:\/\/hoycordobaweb.com\/wp-content\/uploads\/2021\/04\/alfombra-roja-del-festival-de-cine-de-ibiza-andrea-duro-iciar-castro-y-eva-isanta-ya-piensan-en-verano-con-sus-looks.jpg\"> <\/a> <\/div>\n<div class=\"desvio-summary\">\n<div class=\"desvio-taxonomy js-desvio-taxonomy\"> <a href=\"https:\/\/www.trendencias.com\/ocio\/ibiza-mucho-que-veranos-locos-suenos-hippies-paco-leon-premio-honor-festival-ibicine-que-se-entregaran-otros-19-premios-al-cine-espanol\" class=\"desvio-taxonomy-anchor\">En Trendencias<\/a> <\/div>\n<p> <a href=\"https:\/\/www.trendencias.com\/ocio\/ibiza-mucho-que-veranos-locos-suenos-hippies-paco-leon-premio-honor-festival-ibicine-que-se-entregaran-otros-19-premios-al-cine-espanol\" class=\"desvio-title js-desvio-title\">Ibiza es mucho m\u00e1s que veranos locos y sue\u00f1os hippies: Paco Le\u00f3n, Premio de Honor del Festival Ibicine (en el que se entregar\u00e1n otros 19 premios al cine espa\u00f1ol) <\/a> <\/div><\/div><\/div>\n<\/div>\n<h2>Andrea Duro<\/h2>\n<div class=\"article-asset-image article-asset-normal article-asset-center\">\n<div class=\"asset-content\"> <img class=\"sf-lazy centro_sinmarco\" data-sf-srcset=\"http:\/\/hoycordobaweb.com\/wp-content\/uploads\/2021\/04\/alfombra-roja-del-festival-de-cine-de-ibiza-andrea-duro-iciar-castro-y-eva-isanta-ya-piensan-en-verano-con-sus-looks-1.jpg 450w, http:\/\/hoycordobaweb.com\/wp-content\/uploads\/2021\/04\/alfombra-roja-del-festival-de-cine-de-ibiza-andrea-duro-iciar-castro-y-eva-isanta-ya-piensan-en-verano-con-sus-looks-9.jpg 681w,http:\/\/hoycordobaweb.com\/wp-content\/uploads\/2021\/04\/alfombra-roja-del-festival-de-cine-de-ibiza-andrea-duro-iciar-castro-y-eva-isanta-ya-piensan-en-verano-con-sus-looks-10.jpg 1024w, http:\/\/hoycordobaweb.com\/wp-content\/uploads\/2021\/04\/alfombra-roja-del-festival-de-cine-de-ibiza-andrea-duro-iciar-castro-y-eva-isanta-ya-piensan-en-verano-con-sus-looks-11.jpg 1366w,\" data-sf-src=\"http:\/\/hoycordobaweb.com\/wp-content\/uploads\/2021\/04\/alfombra-roja-del-festival-de-cine-de-ibiza-andrea-duro-iciar-castro-y-eva-isanta-ya-piensan-en-verano-con-sus-looks-1.jpg\" alt=\"andrea duro\"> <noscript><img alt=\"andrea duro\" class=\"centro_sinmarco\" src=\"http:\/\/hoycordobaweb.com\/wp-content\/uploads\/2021\/04\/alfombra-roja-del-festival-de-cine-de-ibiza-andrea-duro-iciar-castro-y-eva-isanta-ya-piensan-en-verano-con-sus-looks-1.jpg\"><\/noscript> <\/div>\n<\/div>\n<p><a href=\"https:\/\/www.trendencias.com\/belleza\/estais-pensando-cambiar-look-corte-pelo-bob-andrea-duro-gran-inspiracion\" rel=\"noopener noreferrer\" data-id=\"noopener noreferrer\">Andrea Duro<\/a> se ha decantado por un atrevido estilismo en color negro. Un dos piezas formado por <em>top crop<\/em> de rejilla y mini falda a juego con braga de talle alto. Un <em>look<\/em> de <strong>Longchamp <\/strong>que ha completado con una <em>blazer <\/em>en el mismo tono.<\/p>\n<p><!-- BREAK 3 --><\/p>\n<div class=\"article-asset-image article-asset-normal article-asset-center\">\n<div class=\"asset-content\"> <img class=\"sf-lazy centro_sinmarco\" data-sf-srcset=\"http:\/\/hoycordobaweb.com\/wp-content\/uploads\/2021\/04\/alfombra-roja-del-festival-de-cine-de-ibiza-andrea-duro-iciar-castro-y-eva-isanta-ya-piensan-en-verano-con-sus-looks-2.jpg 450w, http:\/\/hoycordobaweb.com\/wp-content\/uploads\/2021\/04\/alfombra-roja-del-festival-de-cine-de-ibiza-andrea-duro-iciar-castro-y-eva-isanta-ya-piensan-en-verano-con-sus-looks-12.jpg 681w,http:\/\/hoycordobaweb.com\/wp-content\/uploads\/2021\/04\/alfombra-roja-del-festival-de-cine-de-ibiza-andrea-duro-iciar-castro-y-eva-isanta-ya-piensan-en-verano-con-sus-looks-13.jpg 1024w, http:\/\/hoycordobaweb.com\/wp-content\/uploads\/2021\/04\/alfombra-roja-del-festival-de-cine-de-ibiza-andrea-duro-iciar-castro-y-eva-isanta-ya-piensan-en-verano-con-sus-looks-14.jpg 1366w,\" data-sf-src=\"http:\/\/hoycordobaweb.com\/wp-content\/uploads\/2021\/04\/alfombra-roja-del-festival-de-cine-de-ibiza-andrea-duro-iciar-castro-y-eva-isanta-ya-piensan-en-verano-con-sus-looks-2.jpg\" alt=\"Andrea Duro\"> <noscript><img alt=\"Andrea Duro\" class=\"centro_sinmarco\" src=\"http:\/\/hoycordobaweb.com\/wp-content\/uploads\/2021\/04\/alfombra-roja-del-festival-de-cine-de-ibiza-andrea-duro-iciar-castro-y-eva-isanta-ya-piensan-en-verano-con-sus-looks-2.jpg\"><\/noscript> <\/div>\n<\/div>\n<p>Un <em>outfit<\/em> que ha combinado con sandalias negras de <strong>Stuart Weitzman, <\/strong>gafas de sol de pasta negra y lente ovalada de <strong>Missoni<\/strong> y joyas de <strong>Pandora, <\/strong><a href=\"https:\/\/www.trendencias.com\/noticias-de-la-industria\/andrea-duro-nuevo-fichaje-estrella-pandora\">firma de la que es embajadora.<\/a> Lookazo de su estilista Freddy Alonso.<\/p>\n<p><!-- BREAK 4 --><\/p>\n<div class=\"article-asset-image article-asset-normal article-asset-center\">\n<div class=\"asset-content\"> <img class=\"sf-lazy centro_sinmarco\" data-sf-srcset=\"http:\/\/hoycordobaweb.com\/wp-content\/uploads\/2021\/04\/alfombra-roja-del-festival-de-cine-de-ibiza-andrea-duro-iciar-castro-y-eva-isanta-ya-piensan-en-verano-con-sus-looks-3.jpg 450w, http:\/\/hoycordobaweb.com\/wp-content\/uploads\/2021\/04\/alfombra-roja-del-festival-de-cine-de-ibiza-andrea-duro-iciar-castro-y-eva-isanta-ya-piensan-en-verano-con-sus-looks-15.jpg 681w,http:\/\/hoycordobaweb.com\/wp-content\/uploads\/2021\/04\/alfombra-roja-del-festival-de-cine-de-ibiza-andrea-duro-iciar-castro-y-eva-isanta-ya-piensan-en-verano-con-sus-looks-16.jpg 1024w, http:\/\/hoycordobaweb.com\/wp-content\/uploads\/2021\/04\/alfombra-roja-del-festival-de-cine-de-ibiza-andrea-duro-iciar-castro-y-eva-isanta-ya-piensan-en-verano-con-sus-looks-17.jpg 1366w,\" data-sf-src=\"http:\/\/hoycordobaweb.com\/wp-content\/uploads\/2021\/04\/alfombra-roja-del-festival-de-cine-de-ibiza-andrea-duro-iciar-castro-y-eva-isanta-ya-piensan-en-verano-con-sus-looks-3.jpg\" alt=\"andra duro\"> <noscript><img alt=\"andra duro\" class=\"centro_sinmarco\" src=\"http:\/\/hoycordobaweb.com\/wp-content\/uploads\/2021\/04\/alfombra-roja-del-festival-de-cine-de-ibiza-andrea-duro-iciar-castro-y-eva-isanta-ya-piensan-en-verano-con-sus-looks-3.jpg\"><\/noscript> <\/div>\n<\/div>\n<h2>Eva Isanta<\/h2>\n<div class=\"article-asset-image article-asset-normal article-asset-center\">\n<div class=\"asset-content\"> <img class=\"sf-lazy centro_sinmarco\" data-sf-srcset=\"http:\/\/hoycordobaweb.com\/wp-content\/uploads\/2021\/04\/alfombra-roja-del-festival-de-cine-de-ibiza-andrea-duro-iciar-castro-y-eva-isanta-ya-piensan-en-verano-con-sus-looks-4.jpg 450w, http:\/\/hoycordobaweb.com\/wp-content\/uploads\/2021\/04\/alfombra-roja-del-festival-de-cine-de-ibiza-andrea-duro-iciar-castro-y-eva-isanta-ya-piensan-en-verano-con-sus-looks-18.jpg 681w,http:\/\/hoycordobaweb.com\/wp-content\/uploads\/2021\/04\/alfombra-roja-del-festival-de-cine-de-ibiza-andrea-duro-iciar-castro-y-eva-isanta-ya-piensan-en-verano-con-sus-looks-19.jpg 1024w, http:\/\/hoycordobaweb.com\/wp-content\/uploads\/2021\/04\/alfombra-roja-del-festival-de-cine-de-ibiza-andrea-duro-iciar-castro-y-eva-isanta-ya-piensan-en-verano-con-sus-looks-20.jpg 1366w,\" data-sf-src=\"http:\/\/hoycordobaweb.com\/wp-content\/uploads\/2021\/04\/alfombra-roja-del-festival-de-cine-de-ibiza-andrea-duro-iciar-castro-y-eva-isanta-ya-piensan-en-verano-con-sus-looks-4.jpg\" alt=\"Eva Isanta\"> <noscript><img alt=\"Eva Isanta\" class=\"centro_sinmarco\" src=\"http:\/\/hoycordobaweb.com\/wp-content\/uploads\/2021\/04\/alfombra-roja-del-festival-de-cine-de-ibiza-andrea-duro-iciar-castro-y-eva-isanta-ya-piensan-en-verano-con-sus-looks-4.jpg\"><\/noscript> <\/div>\n<\/div>\n<p><strong>Eva Isanta<\/strong> ha apostado por un vestido <em>midi <\/em>de <em>crochet <\/em>con hojas<em> <\/em>blanco de tirantes. Un dise\u00f1o firmado por <strong>Benjam\u00edn Friman <\/strong>perfecto para las noches de verano y para presumir de bronceado. Un estilismo que ha combinado con sandalias negras y joyas de <strong>Joaqu\u00edn Berao.<\/strong><\/p>\n<p><!-- BREAK 5 --><\/p>\n<h2>Itziar Castro<\/h2>\n<div class=\"article-asset-image article-asset-normal article-asset-center\">\n<div class=\"asset-content\"> <img class=\"sf-lazy centro_sinmarco\" data-sf-srcset=\"http:\/\/hoycordobaweb.com\/wp-content\/uploads\/2021\/04\/alfombra-roja-del-festival-de-cine-de-ibiza-andrea-duro-iciar-castro-y-eva-isanta-ya-piensan-en-verano-con-sus-looks-5.jpg 450w, http:\/\/hoycordobaweb.com\/wp-content\/uploads\/2021\/04\/alfombra-roja-del-festival-de-cine-de-ibiza-andrea-duro-iciar-castro-y-eva-isanta-ya-piensan-en-verano-con-sus-looks-21.jpg 681w,http:\/\/hoycordobaweb.com\/wp-content\/uploads\/2021\/04\/alfombra-roja-del-festival-de-cine-de-ibiza-andrea-duro-iciar-castro-y-eva-isanta-ya-piensan-en-verano-con-sus-looks-22.jpg 1024w, http:\/\/hoycordobaweb.com\/wp-content\/uploads\/2021\/04\/alfombra-roja-del-festival-de-cine-de-ibiza-andrea-duro-iciar-castro-y-eva-isanta-ya-piensan-en-verano-con-sus-looks-23.jpg 1366w,\" data-sf-src=\"http:\/\/hoycordobaweb.com\/wp-content\/uploads\/2021\/04\/alfombra-roja-del-festival-de-cine-de-ibiza-andrea-duro-iciar-castro-y-eva-isanta-ya-piensan-en-verano-con-sus-looks-5.jpg\" alt=\"Itziar Castro\"> <noscript><img alt=\"Itziar Castro\" class=\"centro_sinmarco\" src=\"http:\/\/hoycordobaweb.com\/wp-content\/uploads\/2021\/04\/alfombra-roja-del-festival-de-cine-de-ibiza-andrea-duro-iciar-castro-y-eva-isanta-ya-piensan-en-verano-con-sus-looks-5.jpg\"><\/noscript> <\/div>\n<\/div>\n<p><strong>Itziar Castro<\/strong> se ha decantado por un maxi vestido de estampado de flores multicolor con cintur\u00f3n negro de <strong>SPG Woman,<\/strong> que ha combinado con maxi pendientes de colores y <em>clutch <\/em>de <strong>Acus.<\/strong><\/p>\n<p><!-- BREAK 6 --><\/p>\n<h2>Paco Le\u00f3n<\/h2>\n<div class=\"article-asset-image article-asset-normal article-asset-center\">\n<div class=\"asset-content\"> <img class=\"sf-lazy centro_sinmarco\" data-sf-srcset=\"http:\/\/hoycordobaweb.com\/wp-content\/uploads\/2021\/04\/alfombra-roja-del-festival-de-cine-de-ibiza-andrea-duro-iciar-castro-y-eva-isanta-ya-piensan-en-verano-con-sus-looks-6.jpg 450w, http:\/\/hoycordobaweb.com\/wp-content\/uploads\/2021\/04\/alfombra-roja-del-festival-de-cine-de-ibiza-andrea-duro-iciar-castro-y-eva-isanta-ya-piensan-en-verano-con-sus-looks-24.jpg 681w,http:\/\/hoycordobaweb.com\/wp-content\/uploads\/2021\/04\/alfombra-roja-del-festival-de-cine-de-ibiza-andrea-duro-iciar-castro-y-eva-isanta-ya-piensan-en-verano-con-sus-looks-25.jpg 1024w, http:\/\/hoycordobaweb.com\/wp-content\/uploads\/2021\/04\/alfombra-roja-del-festival-de-cine-de-ibiza-andrea-duro-iciar-castro-y-eva-isanta-ya-piensan-en-verano-con-sus-looks-26.jpg 1366w,\" data-sf-src=\"http:\/\/hoycordobaweb.com\/wp-content\/uploads\/2021\/04\/alfombra-roja-del-festival-de-cine-de-ibiza-andrea-duro-iciar-castro-y-eva-isanta-ya-piensan-en-verano-con-sus-looks-6.jpg\" alt=\"Paco Le\u00f3n\"> <noscript><img alt=\"Paco Le\u00f3n\" class=\"centro_sinmarco\" src=\"http:\/\/hoycordobaweb.com\/wp-content\/uploads\/2021\/04\/alfombra-roja-del-festival-de-cine-de-ibiza-andrea-duro-iciar-castro-y-eva-isanta-ya-piensan-en-verano-con-sus-looks-6.jpg\"><\/noscript> <\/div>\n<\/div>\n<p><strong>Paco Le\u00f3n<\/strong> se ha decantado por un elegante traje negro de Lanvin con jersey de cuello italiano verde.<\/p>\n<p><!-- BREAK 7 --><\/p>\n<h2>Rub\u00e9n Ochandiano<\/h2>\n<div class=\"article-asset-image article-asset-normal article-asset-center\">\n<div class=\"asset-content\"> <img class=\"sf-lazy centro_sinmarco\" data-sf-srcset=\"http:\/\/hoycordobaweb.com\/wp-content\/uploads\/2021\/04\/alfombra-roja-del-festival-de-cine-de-ibiza-andrea-duro-iciar-castro-y-eva-isanta-ya-piensan-en-verano-con-sus-looks-7.jpg 450w, http:\/\/hoycordobaweb.com\/wp-content\/uploads\/2021\/04\/alfombra-roja-del-festival-de-cine-de-ibiza-andrea-duro-iciar-castro-y-eva-isanta-ya-piensan-en-verano-con-sus-looks-27.jpg 681w,http:\/\/hoycordobaweb.com\/wp-content\/uploads\/2021\/04\/alfombra-roja-del-festival-de-cine-de-ibiza-andrea-duro-iciar-castro-y-eva-isanta-ya-piensan-en-verano-con-sus-looks-28.jpg 1024w, http:\/\/hoycordobaweb.com\/wp-content\/uploads\/2021\/04\/alfombra-roja-del-festival-de-cine-de-ibiza-andrea-duro-iciar-castro-y-eva-isanta-ya-piensan-en-verano-con-sus-looks-29.jpg 1366w,\" data-sf-src=\"http:\/\/hoycordobaweb.com\/wp-content\/uploads\/2021\/04\/alfombra-roja-del-festival-de-cine-de-ibiza-andrea-duro-iciar-castro-y-eva-isanta-ya-piensan-en-verano-con-sus-looks-7.jpg\" alt=\"Rub\u00e9n Ochandiano\"> <noscript><img alt=\"Rub\u00e9n Ochandiano\" class=\"centro_sinmarco\" src=\"http:\/\/hoycordobaweb.com\/wp-content\/uploads\/2021\/04\/alfombra-roja-del-festival-de-cine-de-ibiza-andrea-duro-iciar-castro-y-eva-isanta-ya-piensan-en-verano-con-sus-looks-7.jpg\"><\/noscript> <\/div>\n<\/div>\n<p>El actor <strong>Rub\u00e9n Ochandiano <\/strong>ha optado por un esmoquin negro combinado con jersey italiano en negro.<\/p>\n<p><!-- BREAK 8 --><\/p>\n<p>Fotos | Gtres<\/p>\n","protected":false},"excerpt":{"rendered":"<p>El Festival Internacional de Cine Independiente de Ibiza, IbizaCineFest, ha comenzado su quinta edici\u00f3n anoche con el estreno del documental sobre los 50 a\u00f1os de la Moda Adlib y hoy continua con la entrega de premios Astart\u00e9 y homenaje a Paco Le\u00f3n, Premio de Honor del Festival Ibicine. En la alfombra roja hemos podido ver [&hellip;]<\/p>\n","protected":false},"author":1,"featured_media":18614,"comment_status":"closed","ping_status":"closed","sticky":false,"template":"","format":"standard","meta":[],"categories":[1],"tags":[],"_links":{"self":[{"href":"http:\/\/hoycordobaweb.com\/index.php\/wp-json\/wp\/v2\/posts\/18613"}],"collection":[{"href":"http:\/\/hoycordobaweb.com\/index.php\/wp-json\/wp\/v2\/posts"}],"about":[{"href":"http:\/\/hoycordobaweb.com\/index.php\/wp-json\/wp\/v2\/types\/post"}],"author":[{"embeddable":true,"href":"http:\/\/hoycordobaweb.com\/index.php\/wp-json\/wp\/v2\/users\/1"}],"replies":[{"embeddable":true,"href":"http:\/\/hoycordobaweb.com\/index.php\/wp-json\/wp\/v2\/comments?post=18613"}],"version-history":[{"count":0,"href":"http:\/\/hoycordobaweb.com\/index.php\/wp-json\/wp\/v2\/posts\/18613\/revisions"}],"wp:featuredmedia":[{"embeddable":true,"href":"http:\/\/hoycordobaweb.com\/index.php\/wp-json\/wp\/v2\/media\/18614"}],"wp:attachment":[{"href":"http:\/\/hoycordobaweb.com\/index.php\/wp-json\/wp\/v2\/media?parent=18613"}],"wp:term":[{"taxonomy":"category","embeddable":true,"href":"http:\/\/hoycordobaweb.com\/index.php\/wp-json\/wp\/v2\/categories?post=18613"},{"taxonomy":"post_tag","embeddable":true,"href":"http:\/\/hoycordobaweb.com\/index.php\/wp-json\/wp\/v2\/tags?post=18613"}],"curies":[{"name":"wp","href":"https:\/\/api.w.org\/{rel}","templated":true}]}}