{"id":18560,"date":"2021-04-22T18:04:59","date_gmt":"2021-04-22T18:04:59","guid":{"rendered":"http:\/\/ladecimaweb.com\/?p=9352"},"modified":"2021-04-22T18:04:59","modified_gmt":"2021-04-22T18:04:59","slug":"convertiremos-a-la-feria-de-villa-el-libertador-en-un-paseo-de-atraccion-turistica","status":"publish","type":"post","link":"http:\/\/hoycordobaweb.com\/index.php\/2021\/04\/22\/convertiremos-a-la-feria-de-villa-el-libertador-en-un-paseo-de-atraccion-turistica\/","title":{"rendered":"\u201cConvertiremos a la feria de Villa El Libertador en un paseo de atracci\u00f3n tur\u00edstica\u201d"},"content":{"rendered":"<p>La subsecretaria de Planificaci\u00f3n y Gesti\u00f3n para una Ciudad Inclusiva, Liliana Montero fue consultada acerca del plan que la gesti\u00f3n del intendente Mart\u00edn Llaryora tiene en carpeta para la Feria de Villa El Libertador.<\/p>\n<p>La funcionaria dijo que en el marco de la crisis econ\u00f3mica actual, &#8220;el sector de la <strong>econom\u00eda social<\/strong> tiene que ser un sector dinamizador y debe ser fortalecido para poder prestar servicios y ofrecer sus productos en mejores condiciones&#8221;.<\/p>\n<p>Destac\u00f3 que al asumir el cargo &#8220;hab\u00eda 14 ferias&#8221; en la ciudad, y que <strong>&#8220;hoy hay 42 paseos con m\u00e1s de 3 mil feriantes&#8221; regularizados.\u00a0 \u00a0<\/strong><\/p>\n<p>Explic\u00f3 que existen <strong>&#8220;tres tipos de modalidades de ferias&#8221;<\/strong>. Las municipales, son las ferias &#8220;donde el municipio pone la infraestructura&#8221;; mencion\u00f3 como ejemplos, las de San Vicente y bulevar Las Heras. Las ferias &#8220;de gesti\u00f3n mixta&#8221;, entre los feriantes y el Estado. Y, por \u00faltimo, las ferias &#8220;autogestivas&#8221;.<\/p>\n<p><img loading=\"lazy\" class=\"wp-image-9389 aligncenter\" src=\"http:\/\/hoycordobaweb.com\/wp-content\/uploads\/2021\/04\/convertiremos-a-la-feria-de-villa-el-libertador-en-un-paseo-de-atraccion-turistica.jpg\" alt=\"\" width=\"497\" height=\"302\" srcset=\"http:\/\/hoycordobaweb.com\/wp-content\/uploads\/2021\/04\/convertiremos-a-la-feria-de-villa-el-libertador-en-un-paseo-de-atraccion-turistica.jpg 800w, http:\/\/hoycordobaweb.com\/wp-content\/uploads\/2021\/04\/convertiremos-a-la-feria-de-villa-el-libertador-en-un-paseo-de-atraccion-turistica-1.jpg 729w, http:\/\/hoycordobaweb.com\/wp-content\/uploads\/2021\/04\/convertiremos-a-la-feria-de-villa-el-libertador-en-un-paseo-de-atraccion-turistica-2.jpg 768w\" sizes=\"(max-width: 497px) 100vw, 497px\" \/><\/p>\n<p>Dijo que la feria de <strong>Villa El Libertador es de gesti\u00f3n mixta<\/strong>, pero la intenci\u00f3n es que se convierta en municipal a partir de la inversi\u00f3n que el Estado tiene pensado en ejecutar para potenciarla.<\/p>\n<p>&#8220;Hasta ahora viene siendo de gesti\u00f3n mixta porque el municipio trata de aportar algunas cosas pero <strong>es muy probable que est\u00e9 m\u00e1s cerca de ser municipal&#8221;<\/strong>, dijo. Y destac\u00f3 como avances la realizaci\u00f3n de un censo y el di\u00e1logo permanente con los puesteros.<\/p>\n<p>&#8220;Ahora estamos <strong>avanzando hacia la autorizaci\u00f3n definitiva de los feriantes\u00a0 empadronados&#8221;<\/strong>, dijo, y agreg\u00f3 que en los pr\u00f3ximos d\u00edas habr\u00e1 novedades al respecto.<\/p>\n<p>Respecto al plan integral para el sector, puntualiz\u00f3: &#8220;Venimos a regularizar y darles mejores condiciones a quienes ya tienen un trayecto hist\u00f3rico para que <strong>el lugar se convierta no solo en un paseo al servicio de la zona sur, sino en otro atractivo tur\u00edstico de C\u00f3rdoba&#8221;<\/strong>. As\u00ed como lo son otros barrios tradicionales de la capital como Alberdi y San Vicente.<\/p>\n<p>En ese sentido, <strong>prometi\u00f3 una &#8220;fuerte inversi\u00f3n en infraestructura&#8221;<\/strong> por parte del Estado municipal para realzar y ordenar el sector. Hasta el momento, la inversi\u00f3n se limit\u00f3 a algunas mejoras sobre la plaza 12 de Octubre.<\/p>\n<p>Subray\u00f3 que <strong>&#8220;las mejoras redundar\u00e1n en beneficio para los feriantes y los comerciantes&#8221;.<\/strong> De todos modos, hay comerciantes en alerta porque rechazan el avance de la feria a las calles adyacentes a la plaza.<\/p>\n<p><em>Foto principal de Aldo Ortega. Foto intercalada al texto del Twitter de Liliana Montero; en la imagen aparece junto a su superior, el secretario de Pol\u00edticas Sociales, Ra\u00fal La Cava.\u00a0<\/em><\/p>\n<div class=\"ubm_banner\"><a href=\"https:\/\/www.youtube.com\/watch?v=4MQW8zM648g\" target=\"_blank\" rel=\"dofollow noopener noreferrer\"><img src=\"http:\/\/hoycordobaweb.com\/wp-content\/uploads\/2021\/04\/convertiremos-a-la-feria-de-villa-el-libertador-en-un-paseo-de-atraccion-turistica.gif\" alt=\"\"><\/a><\/div>\n<p>&nbsp;<\/p>\n<p>La entrada <a rel=\"nofollow\" href=\"https:\/\/ladecimaweb.com\/convertiremos-a-la-feria-de-villa-el-libertador-en-un-paseo-de-atraccion-turistica\/\">&#8220;Convertiremos a la feria de Villa El Libertador en un paseo de atracci\u00f3n tur\u00edstica&#8221;<\/a> se public\u00f3 primero en <a rel=\"nofollow\" href=\"https:\/\/ladecimaweb.com\">LaDecima<\/a>.<\/p>\n","protected":false},"excerpt":{"rendered":"<p>La subsecretaria de Planificaci\u00f3n y Gesti\u00f3n para una Ciudad Inclusiva, Liliana Montero fue consultada acerca del plan que la gesti\u00f3n del intendente Mart\u00edn Llaryora tiene en carpeta para la Feria de Villa El Libertador. La funcionaria dijo que en el marco de la crisis econ\u00f3mica actual, &#8220;el sector de la econom\u00eda social tiene que ser [&hellip;]<\/p>\n","protected":false},"author":1,"featured_media":18561,"comment_status":"closed","ping_status":"closed","sticky":false,"template":"","format":"standard","meta":[],"categories":[19],"tags":[],"_links":{"self":[{"href":"http:\/\/hoycordobaweb.com\/index.php\/wp-json\/wp\/v2\/posts\/18560"}],"collection":[{"href":"http:\/\/hoycordobaweb.com\/index.php\/wp-json\/wp\/v2\/posts"}],"about":[{"href":"http:\/\/hoycordobaweb.com\/index.php\/wp-json\/wp\/v2\/types\/post"}],"author":[{"embeddable":true,"href":"http:\/\/hoycordobaweb.com\/index.php\/wp-json\/wp\/v2\/users\/1"}],"replies":[{"embeddable":true,"href":"http:\/\/hoycordobaweb.com\/index.php\/wp-json\/wp\/v2\/comments?post=18560"}],"version-history":[{"count":0,"href":"http:\/\/hoycordobaweb.com\/index.php\/wp-json\/wp\/v2\/posts\/18560\/revisions"}],"wp:featuredmedia":[{"embeddable":true,"href":"http:\/\/hoycordobaweb.com\/index.php\/wp-json\/wp\/v2\/media\/18561"}],"wp:attachment":[{"href":"http:\/\/hoycordobaweb.com\/index.php\/wp-json\/wp\/v2\/media?parent=18560"}],"wp:term":[{"taxonomy":"category","embeddable":true,"href":"http:\/\/hoycordobaweb.com\/index.php\/wp-json\/wp\/v2\/categories?post=18560"},{"taxonomy":"post_tag","embeddable":true,"href":"http:\/\/hoycordobaweb.com\/index.php\/wp-json\/wp\/v2\/tags?post=18560"}],"curies":[{"name":"wp","href":"https:\/\/api.w.org\/{rel}","templated":true}]}}