{"id":18551,"date":"2021-04-24T15:35:00","date_gmt":"2021-04-24T15:35:00","guid":{"rendered":"https:\/\/fm-comunicar.com.ar\/contenido\/17467\/con-polideportivo-renovado-este-lunes-comienzan-las-nuevas-actividades-deportiva"},"modified":"2021-04-24T15:35:00","modified_gmt":"2021-04-24T15:35:00","slug":"con-polideportivo-renovado-este-lunes-comienzan-las-nuevas-actividades-deportivas","status":"publish","type":"post","link":"http:\/\/hoycordobaweb.com\/index.php\/2021\/04\/24\/con-polideportivo-renovado-este-lunes-comienzan-las-nuevas-actividades-deportivas\/","title":{"rendered":"Con Polideportivo renovado, este lunes comienzan las nuevas actividades deportivas"},"content":{"rendered":"<p>El sal\u00f3n del predio fue refuncionalizado por completo y convertido en gimnasio. Tambi\u00e9n se arreglaron las gradas y pisos del play\u00f3n principal. En la nota, el cronograma para todas las edades.<img src=\"http:\/\/hoycordobaweb.com\/wp-content\/uploads\/2021\/04\/con-polideportivo-renovado-este-lunes-comienzan-las-nuevas-actividades-deportivas.jpg\"><\/p>\n","protected":false},"excerpt":{"rendered":"<p>El sal\u00f3n del predio fue refuncionalizado por completo y convertido en gimnasio. Tambi\u00e9n se arreglaron las gradas y pisos del play\u00f3n principal. En la nota, el cronograma para todas las edades.<\/p>\n","protected":false},"author":1,"featured_media":18552,"comment_status":"closed","ping_status":"closed","sticky":false,"template":"","format":"standard","meta":[],"categories":[18],"tags":[],"_links":{"self":[{"href":"http:\/\/hoycordobaweb.com\/index.php\/wp-json\/wp\/v2\/posts\/18551"}],"collection":[{"href":"http:\/\/hoycordobaweb.com\/index.php\/wp-json\/wp\/v2\/posts"}],"about":[{"href":"http:\/\/hoycordobaweb.com\/index.php\/wp-json\/wp\/v2\/types\/post"}],"author":[{"embeddable":true,"href":"http:\/\/hoycordobaweb.com\/index.php\/wp-json\/wp\/v2\/users\/1"}],"replies":[{"embeddable":true,"href":"http:\/\/hoycordobaweb.com\/index.php\/wp-json\/wp\/v2\/comments?post=18551"}],"version-history":[{"count":0,"href":"http:\/\/hoycordobaweb.com\/index.php\/wp-json\/wp\/v2\/posts\/18551\/revisions"}],"wp:featuredmedia":[{"embeddable":true,"href":"http:\/\/hoycordobaweb.com\/index.php\/wp-json\/wp\/v2\/media\/18552"}],"wp:attachment":[{"href":"http:\/\/hoycordobaweb.com\/index.php\/wp-json\/wp\/v2\/media?parent=18551"}],"wp:term":[{"taxonomy":"category","embeddable":true,"href":"http:\/\/hoycordobaweb.com\/index.php\/wp-json\/wp\/v2\/categories?post=18551"},{"taxonomy":"post_tag","embeddable":true,"href":"http:\/\/hoycordobaweb.com\/index.php\/wp-json\/wp\/v2\/tags?post=18551"}],"curies":[{"name":"wp","href":"https:\/\/api.w.org\/{rel}","templated":true}]}}