{"id":18542,"date":"2021-04-25T02:00:00","date_gmt":"2021-04-25T02:00:00","guid":{"rendered":"http:\/\/hoycordobaweb.com\/index.php\/2021\/04\/25\/independiente-solo-pudo-empatar-frente-a-union\/"},"modified":"2021-04-25T02:00:00","modified_gmt":"2021-04-25T02:00:00","slug":"independiente-solo-pudo-empatar-frente-a-union","status":"publish","type":"post","link":"http:\/\/hoycordobaweb.com\/index.php\/2021\/04\/25\/independiente-solo-pudo-empatar-frente-a-union\/","title":{"rendered":"Independiente s\u00f3lo pudo empatar frente a Uni\u00f3n"},"content":{"rendered":"<p><img src=\"http:\/\/hoycordobaweb.com\/wp-content\/uploads\/2021\/04\/independiente-solo-pudo-empatar-frente-a-union.jpg\"><\/p>\n<div class=\"image\" id=\"image\" readability=\"7\"> <img src=\"http:\/\/hoycordobaweb.com\/wp-content\/uploads\/2021\/04\/independiente-solo-pudo-empatar-frente-a-union-2.jpg\" alt=\"Foto: Independiente (Twitter).\" title=\"Foto: Independiente (Twitter).\"><\/p>\n<p>Foto: Independiente (Twitter).<\/p>\n<\/div>\n<p>Independiente no pudo en Santa Fe ante Uni\u00f3n, con el que igual\u00f3 sin abrir el marcador en un pobre partido correspondiente a la und\u00e9cima fecha de la zona 2 de la Copa de la Liga Profesional de f\u00fatbol.<\/p>\n<p>Previo al comienzo del partido se hizo un minuto de silencio en memoria del exdelantero de Uni\u00f3n Dante Fern\u00e1ndez, fallecido el \u00faltimo mi\u00e9rcoles a la edad de 53 a\u00f1os, y por quien el plantel &#8216;tatengue&#8217; pos\u00f3 con una bandera con su nombre.<\/p>\n<p>Una vez que se pusieron en acci\u00f3n, ambos equipos intentaron posicionarse con la tenencia de la pelota para generar las maniobras ofensivas, pero tal fue la superpoblaci\u00f3n de la zona media que el bal\u00f3n cambi\u00f3 de due\u00f1o continuamente.<\/p>\n<p>Con eso, las llegadas de peligro ante los arcos fueron escasas y la mayor\u00eda terminadas en forma ineficaz por tomar malas decisiones los hombres de avanzada de cada bando.<\/p>\n<p>Independiente, que volvi\u00f3 a estar a cargo de Omar Piccoli -el DT Julio Falcioni, recuperado de Covid-19, regresar\u00e1 a la cancha el pr\u00f3ximo mi\u00e9rcoles ante Montevideo City Torque, por la Copa Sudamericana, en Avellaneda-, concluy\u00f3 con leve predominio al final del intrascendente primer cap\u00edtulo.<\/p>\n<p>De ese mismo modo comenz\u00f3 la segunda etapa, pero sin inquietar al arquero local, hasta que un equivocado pase de Nelson Acevedo hacia Facundo Moyano, lo intercept\u00f3 Silvio Romero para encarar hacia el arco enfrentando al guardavalla, quien supo cubrir el mano a mano (13 min).<\/p>\n<p>M\u00e1s tarde, respondi\u00f3 Uni\u00f3n con un desborde de Mauro Pitt\u00f3n, cuyo centro a\u00e9reo al borde del \u00e1rea chica lo conect\u00f3 con deficiencia el ingresado Gast\u00f3n Comas y termin\u00f3 la jugada Juan Manuel Garc\u00eda, con un tiro por sobre el travesa\u00f1o desde inmejorable posici\u00f3n (23 min).<\/p>\n<p>Fue lo \u00fanico rescatable de un pobre encuentro, en el que la igualdad result\u00f3 inobjetable y con la que el que m\u00e1s se perjudic\u00f3 fue Uni\u00f3n en su intenci\u00f3n de clasificar a la fase final del certamen.<\/p>\n<p>A Independiente el punto le sirve para mantenerse en el lote de los que por ahora est\u00e1n clasificando, aunque depender\u00e1 de lo que pase ma\u00f1ana con Lan\u00fas y Talleres, de C\u00f3rdoba, en sus respectivos cotejos ante V\u00e9lez y Atl\u00e9tico Tucum\u00e1n.<\/p>\n<p>Los de Avellaneda al menos pudieron cortar la racha adversa de tres derrotas consecutivas de visitantes. En cambio, el &#8216;Tatengue&#8217; mantuvo el invicto en su casa al sumar dos \u00e9xitos y cuatro empates.<\/p>\n<p>Por la 12va fecha, Uni\u00f3n visitar\u00e1 a Defensa y Justicia; en tanto que Independiente ser\u00e1 local ante Atl\u00e9tico Tucum\u00e1n.<\/p>\n","protected":false},"excerpt":{"rendered":"<p>Foto: Independiente (Twitter). Independiente no pudo en Santa Fe ante Uni\u00f3n, con el que igual\u00f3 sin abrir el marcador en un pobre partido correspondiente a la und\u00e9cima fecha de la zona 2 de la Copa de la Liga Profesional de f\u00fatbol. Previo al comienzo del partido se hizo un minuto de silencio en memoria del [&hellip;]<\/p>\n","protected":false},"author":1,"featured_media":18543,"comment_status":"open","ping_status":"closed","sticky":false,"template":"","format":"standard","meta":[],"categories":[16],"tags":[],"_links":{"self":[{"href":"http:\/\/hoycordobaweb.com\/index.php\/wp-json\/wp\/v2\/posts\/18542"}],"collection":[{"href":"http:\/\/hoycordobaweb.com\/index.php\/wp-json\/wp\/v2\/posts"}],"about":[{"href":"http:\/\/hoycordobaweb.com\/index.php\/wp-json\/wp\/v2\/types\/post"}],"author":[{"embeddable":true,"href":"http:\/\/hoycordobaweb.com\/index.php\/wp-json\/wp\/v2\/users\/1"}],"replies":[{"embeddable":true,"href":"http:\/\/hoycordobaweb.com\/index.php\/wp-json\/wp\/v2\/comments?post=18542"}],"version-history":[{"count":0,"href":"http:\/\/hoycordobaweb.com\/index.php\/wp-json\/wp\/v2\/posts\/18542\/revisions"}],"wp:featuredmedia":[{"embeddable":true,"href":"http:\/\/hoycordobaweb.com\/index.php\/wp-json\/wp\/v2\/media\/18543"}],"wp:attachment":[{"href":"http:\/\/hoycordobaweb.com\/index.php\/wp-json\/wp\/v2\/media?parent=18542"}],"wp:term":[{"taxonomy":"category","embeddable":true,"href":"http:\/\/hoycordobaweb.com\/index.php\/wp-json\/wp\/v2\/categories?post=18542"},{"taxonomy":"post_tag","embeddable":true,"href":"http:\/\/hoycordobaweb.com\/index.php\/wp-json\/wp\/v2\/tags?post=18542"}],"curies":[{"name":"wp","href":"https:\/\/api.w.org\/{rel}","templated":true}]}}