{"id":18466,"date":"2021-04-22T10:42:00","date_gmt":"2021-04-22T10:42:00","guid":{"rendered":"https:\/\/fm-comunicar.com.ar\/contenido\/17459\/un-joven-caroyense-fue-condenado-a-14-anos-de-prision-por-grooming"},"modified":"2021-04-22T10:42:00","modified_gmt":"2021-04-22T10:42:00","slug":"un-joven-caroyense-fue-condenado-a-14-anos-de-prision-por-grooming","status":"publish","type":"post","link":"http:\/\/hoycordobaweb.com\/index.php\/2021\/04\/22\/un-joven-caroyense-fue-condenado-a-14-anos-de-prision-por-grooming\/","title":{"rendered":"Un joven caroyense fue condenado a 14 a\u00f1os de prisi\u00f3n por Grooming"},"content":{"rendered":"<p>Fue detenido en marzo de 2019 despu\u00e9s de una investigaci\u00f3n que comprob\u00f3 la modalidad del depravado virtual. Las v\u00edctimas eran ni\u00f1os de varios pa\u00edses, a quienes amenazaba cuando obten\u00eda contenido pornogr\u00e1fico.<img src=\"http:\/\/hoycordobaweb.com\/wp-content\/uploads\/2021\/04\/un-joven-caroyense-fue-condenado-a-14-anos-de-prision-por-grooming.jpg\"><\/p>\n","protected":false},"excerpt":{"rendered":"<p>Fue detenido en marzo de 2019 despu\u00e9s de una investigaci\u00f3n que comprob\u00f3 la modalidad del depravado virtual. Las v\u00edctimas eran ni\u00f1os de varios pa\u00edses, a quienes amenazaba cuando obten\u00eda contenido pornogr\u00e1fico.<\/p>\n","protected":false},"author":1,"featured_media":18467,"comment_status":"closed","ping_status":"closed","sticky":false,"template":"","format":"standard","meta":[],"categories":[18],"tags":[],"_links":{"self":[{"href":"http:\/\/hoycordobaweb.com\/index.php\/wp-json\/wp\/v2\/posts\/18466"}],"collection":[{"href":"http:\/\/hoycordobaweb.com\/index.php\/wp-json\/wp\/v2\/posts"}],"about":[{"href":"http:\/\/hoycordobaweb.com\/index.php\/wp-json\/wp\/v2\/types\/post"}],"author":[{"embeddable":true,"href":"http:\/\/hoycordobaweb.com\/index.php\/wp-json\/wp\/v2\/users\/1"}],"replies":[{"embeddable":true,"href":"http:\/\/hoycordobaweb.com\/index.php\/wp-json\/wp\/v2\/comments?post=18466"}],"version-history":[{"count":0,"href":"http:\/\/hoycordobaweb.com\/index.php\/wp-json\/wp\/v2\/posts\/18466\/revisions"}],"wp:featuredmedia":[{"embeddable":true,"href":"http:\/\/hoycordobaweb.com\/index.php\/wp-json\/wp\/v2\/media\/18467"}],"wp:attachment":[{"href":"http:\/\/hoycordobaweb.com\/index.php\/wp-json\/wp\/v2\/media?parent=18466"}],"wp:term":[{"taxonomy":"category","embeddable":true,"href":"http:\/\/hoycordobaweb.com\/index.php\/wp-json\/wp\/v2\/categories?post=18466"},{"taxonomy":"post_tag","embeddable":true,"href":"http:\/\/hoycordobaweb.com\/index.php\/wp-json\/wp\/v2\/tags?post=18466"}],"curies":[{"name":"wp","href":"https:\/\/api.w.org\/{rel}","templated":true}]}}