{"id":18459,"date":"2021-04-23T20:19:55","date_gmt":"2021-04-23T20:19:55","guid":{"rendered":"http:\/\/fono.fcm.unc.edu.ar\/?p=6065"},"modified":"2021-04-23T20:19:55","modified_gmt":"2021-04-23T20:19:55","slug":"reunion-con-universidad-nacional-federico-villarreal-peru","status":"publish","type":"post","link":"http:\/\/hoycordobaweb.com\/index.php\/2021\/04\/23\/reunion-con-universidad-nacional-federico-villarreal-peru\/","title":{"rendered":"Reuni\u00f3n con Universidad Nacional Federico Villarreal-Per\u00fa"},"content":{"rendered":"<h2 class=\"fusion-post-title\">Reuni\u00f3n con Universidad Nacional Federico Villarreal-Per\u00fa<\/h2>\n<div class=\"post-content\" readability=\"38\">\n<p><img loading=\"lazy\" class=\"size-medium wp-image-6066 alignright\" src=\"https:\/\/fono.fcm.unc.edu.ar\/wp-content\/uploads\/sites\/14\/2021\/04\/WhatsApp-Image-2021-04-23-at-17.06.05-300x300.jpeg\" alt width=\"300\" height=\"300\" srcset=\"https:\/\/fono.fcm.unc.edu.ar\/wp-content\/uploads\/sites\/14\/2021\/04\/WhatsApp-Image-2021-04-23-at-17.06.05-66x66.jpeg 66w, https:\/\/fono.fcm.unc.edu.ar\/wp-content\/uploads\/sites\/14\/2021\/04\/WhatsApp-Image-2021-04-23-at-17.06.05-150x150.jpeg 150w, https:\/\/fono.fcm.unc.edu.ar\/wp-content\/uploads\/sites\/14\/2021\/04\/WhatsApp-Image-2021-04-23-at-17.06.05-200x200.jpeg 200w, https:\/\/fono.fcm.unc.edu.ar\/wp-content\/uploads\/sites\/14\/2021\/04\/WhatsApp-Image-2021-04-23-at-17.06.05-300x300.jpeg 300w, https:\/\/fono.fcm.unc.edu.ar\/wp-content\/uploads\/sites\/14\/2021\/04\/WhatsApp-Image-2021-04-23-at-17.06.05-400x400.jpeg 400w, https:\/\/fono.fcm.unc.edu.ar\/wp-content\/uploads\/sites\/14\/2021\/04\/WhatsApp-Image-2021-04-23-at-17.06.05-600x600.jpeg 600w, https:\/\/fono.fcm.unc.edu.ar\/wp-content\/uploads\/sites\/14\/2021\/04\/WhatsApp-Image-2021-04-23-at-17.06.05-768x768.jpeg 768w, https:\/\/fono.fcm.unc.edu.ar\/wp-content\/uploads\/sites\/14\/2021\/04\/WhatsApp-Image-2021-04-23-at-17.06.05-800x800.jpeg 800w, https:\/\/fono.fcm.unc.edu.ar\/wp-content\/uploads\/sites\/14\/2021\/04\/WhatsApp-Image-2021-04-23-at-17.06.05-1024x1024.jpeg 1024w, https:\/\/fono.fcm.unc.edu.ar\/wp-content\/uploads\/sites\/14\/2021\/04\/WhatsApp-Image-2021-04-23-at-17.06.05.jpeg 1080w\" sizes=\"(max-width: 300px) 100vw, 300px\">En un nuevo encuentro realizado ayer entre la Direcci\u00f3n, la Secretar\u00eda Acad\u00e9mica y la Secretqr\u00eda de Relaciones Internacionales de nuestra Escuela de Fonoaudiolog\u00eda con representantes de la Universidad Nacional Federico Villarreal, de Per\u00fa, se avanzaron en acuerdos para construir escenarios acad\u00e9micos que sean de inter\u00e9s para las instituciones intervinientes.<\/p>\n<\/p><\/div>\n","protected":false},"excerpt":{"rendered":"<p>Reuni\u00f3n con Universidad Nacional Federico Villarreal-Per\u00fa En un nuevo encuentro realizado ayer entre la Direcci\u00f3n, la Secretar\u00eda Acad\u00e9mica y la Secretqr\u00eda de Relaciones Internacionales de nuestra Escuela de Fonoaudiolog\u00eda con representantes de la Universidad Nacional Federico Villarreal, de Per\u00fa, se avanzaron en acuerdos para construir escenarios acad\u00e9micos que sean de inter\u00e9s para las instituciones intervinientes.<\/p>\n","protected":false},"author":1,"featured_media":0,"comment_status":"closed","ping_status":"closed","sticky":false,"template":"","format":"standard","meta":[],"categories":[1],"tags":[],"_links":{"self":[{"href":"http:\/\/hoycordobaweb.com\/index.php\/wp-json\/wp\/v2\/posts\/18459"}],"collection":[{"href":"http:\/\/hoycordobaweb.com\/index.php\/wp-json\/wp\/v2\/posts"}],"about":[{"href":"http:\/\/hoycordobaweb.com\/index.php\/wp-json\/wp\/v2\/types\/post"}],"author":[{"embeddable":true,"href":"http:\/\/hoycordobaweb.com\/index.php\/wp-json\/wp\/v2\/users\/1"}],"replies":[{"embeddable":true,"href":"http:\/\/hoycordobaweb.com\/index.php\/wp-json\/wp\/v2\/comments?post=18459"}],"version-history":[{"count":0,"href":"http:\/\/hoycordobaweb.com\/index.php\/wp-json\/wp\/v2\/posts\/18459\/revisions"}],"wp:attachment":[{"href":"http:\/\/hoycordobaweb.com\/index.php\/wp-json\/wp\/v2\/media?parent=18459"}],"wp:term":[{"taxonomy":"category","embeddable":true,"href":"http:\/\/hoycordobaweb.com\/index.php\/wp-json\/wp\/v2\/categories?post=18459"},{"taxonomy":"post_tag","embeddable":true,"href":"http:\/\/hoycordobaweb.com\/index.php\/wp-json\/wp\/v2\/tags?post=18459"}],"curies":[{"name":"wp","href":"https:\/\/api.w.org\/{rel}","templated":true}]}}