{"id":18258,"date":"2021-04-20T20:00:28","date_gmt":"2021-04-20T20:00:28","guid":{"rendered":"https:\/\/www.trendencias.com\/lenceria-y-bano\/lara-alvarez-tiene-bikinis-banadores-dolores-cortes-que-vas-a-querer-lucir-este-verano"},"modified":"2021-04-20T20:00:28","modified_gmt":"2021-04-20T20:00:28","slug":"lara-alvarez-tiene-los-bikinis-y-banadores-de-dolores-cortes-que-vas-a-querer-lucir-este-verano","status":"publish","type":"post","link":"http:\/\/hoycordobaweb.com\/index.php\/2021\/04\/20\/lara-alvarez-tiene-los-bikinis-y-banadores-de-dolores-cortes-que-vas-a-querer-lucir-este-verano\/","title":{"rendered":"Lara \u00c1lvarez tiene los bikinis y ba\u00f1adores de Dolores Cort\u00e9s que vas a querer lucir este verano"},"content":{"rendered":"<p>Comienza la cuenta atr\u00e1s para el verano, para esos d\u00edas de sol, playa y piscina. Ganas de presumir de bronceado y de <a href=\"https:\/\/www.trendencias.com\/tendencias\/banadores-bikinis-alta-costura-sorprendentes-firma-victoria-cimadevilla-vienen-dispuestos-a-arrasar-este-verano\">estrenar <em>look <\/em>de ba\u00f1o,<\/a> como los de <a href=\"https:\/\/www.trendencias.com\/fitness\/este-entrenamiento-hiit-que-lara-alvarez-consigue-cuerpo-fibrado-perfecto\">Lara \u00c1lvarez.<\/a><\/p>\n<p><!-- BREAK 1 --><\/p>\n<p>Como en cada edici\u00f3n del <em>reality<\/em> <em>Supervivientes, <\/em>la presentadora<strong> <\/strong>se convierte en la protagonista de los <em>lookazos<\/em> de playa m\u00e1s ideales. Lara se lleva de viaje una maleta cargada de <strong>m\u00e1s de 150 de trajes de ba\u00f1o<\/strong> para lucir cada d\u00eda un modelito diferente. <a href=\"https:\/\/www.trendencias.com\/tag\/moda-bano\">Ba\u00f1adores, bikinis y triquinis <\/a>combinados con multitud de accesorios y complementos consiguiendo estilismos fabulosos que todas queremos copiar. Ella se atreve con todo y nosotras queremos copiarla.<\/p>\n<p><!-- BREAK 2 --> <\/p>\n<div class=\"article-asset article-asset-normal article-asset-center\">\n<div class=\"desvio-container\">\n<div class=\"desvio\">\n<div class=\"desvio-figure js-desvio-figure\"> <a href=\"https:\/\/www.trendencias.com\/tendencias\/banadores-bikinis-alta-costura-sorprendentes-firma-victoria-cimadevilla-vienen-dispuestos-a-arrasar-este-verano\"> <img alt=\"Los ba\u00f1adores y bikinis de Alta Costura m\u00e1s sorprendentes los firma Victoria Cimadevilla y vienen dispuestos a arrasar este verano\" src=\"http:\/\/hoycordobaweb.com\/wp-content\/uploads\/2021\/04\/lara-alvarez-tiene-los-bikinis-y-banadores-de-dolores-cortes-que-vas-a-querer-lucir-este-verano.jpg\"> <\/a> <\/div><\/div><\/div>\n<\/div>\n<div class=\"article-asset-image article-asset-normal article-asset-center\">\n<div class=\"asset-content\"> <img class=\"sf-lazy centro_sinmarco\" data-sf-srcset=\"http:\/\/hoycordobaweb.com\/wp-content\/uploads\/2021\/04\/lara-alvarez-tiene-los-bikinis-y-banadores-de-dolores-cortes-que-vas-a-querer-lucir-este-verano-1.jpg 450w, http:\/\/hoycordobaweb.com\/wp-content\/uploads\/2021\/04\/lara-alvarez-tiene-los-bikinis-y-banadores-de-dolores-cortes-que-vas-a-querer-lucir-este-verano-9.jpg 681w,http:\/\/hoycordobaweb.com\/wp-content\/uploads\/2021\/04\/lara-alvarez-tiene-los-bikinis-y-banadores-de-dolores-cortes-que-vas-a-querer-lucir-este-verano-10.jpg 1024w, http:\/\/hoycordobaweb.com\/wp-content\/uploads\/2021\/04\/lara-alvarez-tiene-los-bikinis-y-banadores-de-dolores-cortes-que-vas-a-querer-lucir-este-verano-11.jpg 1366w,\" data-sf-src=\"http:\/\/hoycordobaweb.com\/wp-content\/uploads\/2021\/04\/lara-alvarez-tiene-los-bikinis-y-banadores-de-dolores-cortes-que-vas-a-querer-lucir-este-verano-1.jpg\" alt=\"Lara Alvarez Looks De Playa 1\"> <noscript><img alt=\"Lara Alvarez Looks De Playa 1\" class=\"centro_sinmarco\" src=\"http:\/\/hoycordobaweb.com\/wp-content\/uploads\/2021\/04\/lara-alvarez-tiene-los-bikinis-y-banadores-de-dolores-cortes-que-vas-a-querer-lucir-este-verano-1.jpg\"><\/noscript> <\/div>\n<\/div>\n<p><a href=\"https:\/\/www.trendencias.com\/lenceria-y-bano\/bikinis-banadores-rebajados-dolores-cortes-asi-ideales-estrena-nueva-marca-piensa-todos-cuerpos-tallas\" rel=\"noopener noreferrer\" data-id=\"noopener noreferrer\">Dolores Cort\u00e9s<\/a> es una de las firmas de cabecera de la presentadora, ya que la acompa\u00f1a desde sus inicios, desde su primer programa como presentadora del <em>reality. <\/em>Sin duda es la marca m\u00e1s repetidas en su maleta. Sus estampados \u00fanicos, con especial protagonismo a los de estilo \u00e9tnico, se encuentran entro los favoritos de la presentadora.<\/p>\n<p><!-- BREAK 3 --><\/p>\n<div class=\"article-asset-image article-asset-normal article-asset-center\">\n<div class=\"asset-content\"> <img class=\"sf-lazy centro_sinmarco\" data-sf-srcset=\"http:\/\/hoycordobaweb.com\/wp-content\/uploads\/2021\/04\/lara-alvarez-tiene-los-bikinis-y-banadores-de-dolores-cortes-que-vas-a-querer-lucir-este-verano-2.jpg 450w, http:\/\/hoycordobaweb.com\/wp-content\/uploads\/2021\/04\/lara-alvarez-tiene-los-bikinis-y-banadores-de-dolores-cortes-que-vas-a-querer-lucir-este-verano-12.jpg 681w,http:\/\/hoycordobaweb.com\/wp-content\/uploads\/2021\/04\/lara-alvarez-tiene-los-bikinis-y-banadores-de-dolores-cortes-que-vas-a-querer-lucir-este-verano-13.jpg 1024w, http:\/\/hoycordobaweb.com\/wp-content\/uploads\/2021\/04\/lara-alvarez-tiene-los-bikinis-y-banadores-de-dolores-cortes-que-vas-a-querer-lucir-este-verano-14.jpg 1366w,\" data-sf-src=\"http:\/\/hoycordobaweb.com\/wp-content\/uploads\/2021\/04\/lara-alvarez-tiene-los-bikinis-y-banadores-de-dolores-cortes-que-vas-a-querer-lucir-este-verano-2.jpg\" alt=\"Lara Alvarez Looks De Playa 4\"> <noscript><img alt=\"Lara Alvarez Looks De Playa 4\" class=\"centro_sinmarco\" src=\"http:\/\/hoycordobaweb.com\/wp-content\/uploads\/2021\/04\/lara-alvarez-tiene-los-bikinis-y-banadores-de-dolores-cortes-que-vas-a-querer-lucir-este-verano-2.jpg\"><\/noscript> <\/div>\n<\/div>\n<p>En las dos semanas de diferentes programas, Lara ha lucido tres modelos de la marca que te van a encantar para lucir este verano: dos bikinis y un triquini. Todos los looks responsabilidad de su estilista <strong>Susana Garcil\u00e1n.<\/strong><\/p>\n<p><!-- BREAK 4 --><\/p>\n<p>El<em> look<\/em> m\u00e1s atrevido ha sido este trikini de estampado \u00e9tnico multicolor de la colecci\u00f3n 2016 que ha combinado con una mini falda pareo en negro y collar \u00e9tnico. El conjunto queda as\u00ed de ideal y sexy.<\/p>\n<p><!-- BREAK 5 --><\/p>\n<div class=\"article-asset-image article-asset-normal article-asset-center\">\n<div class=\"asset-content\"> <img class=\"sf-lazy centro_sinmarco\" data-sf-srcset=\"http:\/\/hoycordobaweb.com\/wp-content\/uploads\/2021\/04\/lara-alvarez-tiene-los-bikinis-y-banadores-de-dolores-cortes-que-vas-a-querer-lucir-este-verano-3.jpg 450w, http:\/\/hoycordobaweb.com\/wp-content\/uploads\/2021\/04\/lara-alvarez-tiene-los-bikinis-y-banadores-de-dolores-cortes-que-vas-a-querer-lucir-este-verano-15.jpg 681w,http:\/\/hoycordobaweb.com\/wp-content\/uploads\/2021\/04\/lara-alvarez-tiene-los-bikinis-y-banadores-de-dolores-cortes-que-vas-a-querer-lucir-este-verano-16.jpg 1024w, http:\/\/hoycordobaweb.com\/wp-content\/uploads\/2021\/04\/lara-alvarez-tiene-los-bikinis-y-banadores-de-dolores-cortes-que-vas-a-querer-lucir-este-verano-17.jpg 1366w,\" data-sf-src=\"http:\/\/hoycordobaweb.com\/wp-content\/uploads\/2021\/04\/lara-alvarez-tiene-los-bikinis-y-banadores-de-dolores-cortes-que-vas-a-querer-lucir-este-verano-3.jpg\" alt=\"Lara Alvarez Looks De Playa 1\"> <noscript><img alt=\"Lara Alvarez Looks De Playa 1\" class=\"centro_sinmarco\" src=\"http:\/\/hoycordobaweb.com\/wp-content\/uploads\/2021\/04\/lara-alvarez-tiene-los-bikinis-y-banadores-de-dolores-cortes-que-vas-a-querer-lucir-este-verano-3.jpg\"><\/noscript> <\/div>\n<\/div>\n<p>Uno de los bikinis con m\u00e1s \u00e9xito es este dise\u00f1o estampado en tonos azules de la colecci\u00f3n verano 2021 de la colecci\u00f3n Pasarela al Agua. Su precio es de <a href=\"https:\/\/www.dolorescortesonline.com\/a\/7092\/1703-3-bikini-bandeau\">125 euros.<\/a><\/p>\n<p><!-- BREAK 6 --><\/p>\n<div class=\"article-asset-image article-asset-normal article-asset-center\">\n<div class=\"asset-content\"> <img class=\"sf-lazy centro_sinmarco\" data-sf-srcset=\"http:\/\/hoycordobaweb.com\/wp-content\/uploads\/2021\/04\/lara-alvarez-tiene-los-bikinis-y-banadores-de-dolores-cortes-que-vas-a-querer-lucir-este-verano-4.jpg 450w, http:\/\/hoycordobaweb.com\/wp-content\/uploads\/2021\/04\/lara-alvarez-tiene-los-bikinis-y-banadores-de-dolores-cortes-que-vas-a-querer-lucir-este-verano-18.jpg 681w,http:\/\/hoycordobaweb.com\/wp-content\/uploads\/2021\/04\/lara-alvarez-tiene-los-bikinis-y-banadores-de-dolores-cortes-que-vas-a-querer-lucir-este-verano-19.jpg 1024w, http:\/\/hoycordobaweb.com\/wp-content\/uploads\/2021\/04\/lara-alvarez-tiene-los-bikinis-y-banadores-de-dolores-cortes-que-vas-a-querer-lucir-este-verano-20.jpg 1366w,\" data-sf-src=\"http:\/\/hoycordobaweb.com\/wp-content\/uploads\/2021\/04\/lara-alvarez-tiene-los-bikinis-y-banadores-de-dolores-cortes-que-vas-a-querer-lucir-este-verano-4.jpg\" alt=\"Lara Alvarez Looks De Playa 3\"> <noscript><img alt=\"Lara Alvarez Looks De Playa 3\" class=\"centro_sinmarco\" src=\"http:\/\/hoycordobaweb.com\/wp-content\/uploads\/2021\/04\/lara-alvarez-tiene-los-bikinis-y-banadores-de-dolores-cortes-que-vas-a-querer-lucir-este-verano-4.jpg\"><\/noscript> <\/div>\n<\/div>\n<p><a href=\"https:\/\/www.trendencias.com\/tag\/dolores-cortes\" rel=\"noopener noreferrer\" data-id=\"noopener noreferrer\">Dolores Cort\u00e9s<\/a> estren\u00f3 nueva marca el verano pasado:<strong> <\/strong><a href=\"https:\/\/www.trendencias.com\/lenceria-y-bano\/bikinis-banadores-rebajados-dolores-cortes-asi-ideales-estrena-nueva-marca-piensa-todos-cuerpos-tallas\">Lola-Dolores Cort\u00e9s. <\/a>Modelos m\u00e1s juveniles, perfectos para una mujer amante de las \u00faltimas tendencias y de una fant\u00e1stica calidad. Sus precios son algo menores a los de la colecci\u00f3n de siempre e incluye hasta la talla L y copa C.<\/p>\n<p><!-- BREAK 7 --><\/p>\n<div class=\"article-asset-image article-asset-normal article-asset-center\">\n<div class=\"asset-content\"> <img class=\"sf-lazy centro_sinmarco\" data-sf-srcset=\"http:\/\/hoycordobaweb.com\/wp-content\/uploads\/2021\/04\/lara-alvarez-tiene-los-bikinis-y-banadores-de-dolores-cortes-que-vas-a-querer-lucir-este-verano-5.jpg 450w, http:\/\/hoycordobaweb.com\/wp-content\/uploads\/2021\/04\/lara-alvarez-tiene-los-bikinis-y-banadores-de-dolores-cortes-que-vas-a-querer-lucir-este-verano-21.jpg 681w,http:\/\/hoycordobaweb.com\/wp-content\/uploads\/2021\/04\/lara-alvarez-tiene-los-bikinis-y-banadores-de-dolores-cortes-que-vas-a-querer-lucir-este-verano-22.jpg 1024w, http:\/\/hoycordobaweb.com\/wp-content\/uploads\/2021\/04\/lara-alvarez-tiene-los-bikinis-y-banadores-de-dolores-cortes-que-vas-a-querer-lucir-este-verano-23.jpg 1366w,\" data-sf-src=\"http:\/\/hoycordobaweb.com\/wp-content\/uploads\/2021\/04\/lara-alvarez-tiene-los-bikinis-y-banadores-de-dolores-cortes-que-vas-a-querer-lucir-este-verano-5.jpg\" alt=\"Lara Alvarez Looks De Playa 3\"> <noscript><img alt=\"Lara Alvarez Looks De Playa 3\" class=\"centro_sinmarco\" src=\"http:\/\/hoycordobaweb.com\/wp-content\/uploads\/2021\/04\/lara-alvarez-tiene-los-bikinis-y-banadores-de-dolores-cortes-que-vas-a-querer-lucir-este-verano-5.jpg\"><\/noscript> <\/div>\n<\/div>\n<p>Lara ha lucido este dos piezas de estampado floral retro de top triangular Su precio es de <a href=\"https:\/\/www.dolorescortesonline.com\/a\/7193\/2423-g-bikini-triangulo-lola\">49,80 euros.<\/a><\/p>\n<p><!-- BREAK 8 --><!-- PIVOT START --><\/p>\n<div class=\"pivot-ecommerce-container\">\n<div class=\"pivot-ecommerce\" readability=\"3.6585365853659\">\n<div class=\"pivot-ecommerce-figure\"> <img alt=\"Top de bikini de tri\u00e1ngulo con estampado jaquard\" src=\"http:\/\/hoycordobaweb.com\/wp-content\/uploads\/2021\/04\/lara-alvarez-tiene-los-bikinis-y-banadores-de-dolores-cortes-que-vas-a-querer-lucir-este-verano-6.jpg\"> <\/div>\n<div class=\"pivot-ecommerce-summary\" readability=\"4.2682926829268\">\n<p class=\"pivot-ecommerce-desc\">Top de bikini de tri\u00e1ngulo con estampado jaquard<\/p>\n<\/p><\/div><\/div>\n<\/div>\n<p><!-- PIVOT END --><br \/>\n<!-- PIVOT START --><\/p>\n<div class=\"pivot-ecommerce-container\">\n<div class=\"pivot-ecommerce\" readability=\"3.2957746478873\">\n<div class=\"pivot-ecommerce-figure\"> <img alt=\"Braga de bikini con estampado jacquard\" src=\"http:\/\/hoycordobaweb.com\/wp-content\/uploads\/2021\/04\/lara-alvarez-tiene-los-bikinis-y-banadores-de-dolores-cortes-que-vas-a-querer-lucir-este-verano-7.jpg\"> <\/div>\n<div class=\"pivot-ecommerce-summary\" readability=\"3.8450704225352\">\n<p class=\"pivot-ecommerce-desc\">Braga de bikini con estampado jacquard<\/p>\n<\/p><\/div><\/div>\n<\/div>\n<p><!-- PIVOT END --><\/p>\n<p>Fotos | Dolores Cort\u00e9s, <a href=\"https:\/\/www.instagram.com\/susanagarcillan\/\">@susanagarcillan<\/a><\/p>\n","protected":false},"excerpt":{"rendered":"<p>Comienza la cuenta atr\u00e1s para el verano, para esos d\u00edas de sol, playa y piscina. Ganas de presumir de bronceado y de estrenar look de ba\u00f1o, como los de Lara \u00c1lvarez. Como en cada edici\u00f3n del reality Supervivientes, la presentadora se convierte en la protagonista de los lookazos de playa m\u00e1s ideales. Lara se lleva [&hellip;]<\/p>\n","protected":false},"author":1,"featured_media":18259,"comment_status":"closed","ping_status":"closed","sticky":false,"template":"","format":"standard","meta":[],"categories":[1],"tags":[],"_links":{"self":[{"href":"http:\/\/hoycordobaweb.com\/index.php\/wp-json\/wp\/v2\/posts\/18258"}],"collection":[{"href":"http:\/\/hoycordobaweb.com\/index.php\/wp-json\/wp\/v2\/posts"}],"about":[{"href":"http:\/\/hoycordobaweb.com\/index.php\/wp-json\/wp\/v2\/types\/post"}],"author":[{"embeddable":true,"href":"http:\/\/hoycordobaweb.com\/index.php\/wp-json\/wp\/v2\/users\/1"}],"replies":[{"embeddable":true,"href":"http:\/\/hoycordobaweb.com\/index.php\/wp-json\/wp\/v2\/comments?post=18258"}],"version-history":[{"count":0,"href":"http:\/\/hoycordobaweb.com\/index.php\/wp-json\/wp\/v2\/posts\/18258\/revisions"}],"wp:featuredmedia":[{"embeddable":true,"href":"http:\/\/hoycordobaweb.com\/index.php\/wp-json\/wp\/v2\/media\/18259"}],"wp:attachment":[{"href":"http:\/\/hoycordobaweb.com\/index.php\/wp-json\/wp\/v2\/media?parent=18258"}],"wp:term":[{"taxonomy":"category","embeddable":true,"href":"http:\/\/hoycordobaweb.com\/index.php\/wp-json\/wp\/v2\/categories?post=18258"},{"taxonomy":"post_tag","embeddable":true,"href":"http:\/\/hoycordobaweb.com\/index.php\/wp-json\/wp\/v2\/tags?post=18258"}],"curies":[{"name":"wp","href":"https:\/\/api.w.org\/{rel}","templated":true}]}}