{"id":18229,"date":"2021-04-21T00:08:42","date_gmt":"2021-04-21T00:08:42","guid":{"rendered":"https:\/\/www.ole.com.ar\/velez\/velez-flamengo-sudamericana_0_xnWFJdbin.html"},"modified":"2021-04-21T00:08:42","modified_gmt":"2021-04-21T00:08:42","slug":"el-fla-le-arrebato-el-triunfo-al-fortin","status":"publish","type":"post","link":"http:\/\/hoycordobaweb.com\/index.php\/2021\/04\/21\/el-fla-le-arrebato-el-triunfo-al-fortin\/","title":{"rendered":"El Fla le arrebat\u00f3 el triunfo al Fort\u00edn"},"content":{"rendered":"<p><img src=\"http:\/\/hoycordobaweb.com\/wp-content\/uploads\/2021\/04\/el-fla-le-arrebato-el-triunfo-al-fortin.jpg\"><\/p>\n<div><img src=\"http:\/\/hoycordobaweb.com\/wp-content\/uploads\/2021\/04\/el-fla-le-arrebato-el-triunfo-al-fortin.jpg\" class=\"ff-og-image-inserted\"><\/div>\n<p>Cuando ten\u00e9s un equipo enfrente que tiene experiencia, te ten\u00e9s que cuidar adem\u00e1s de jugar. <strong>Cuando enfrente se te paran unos cuantos monstruos de apellidos ilustres incluso en Europa<\/strong>, te ten\u00e9s que cuidar.<strong> V\u00e9lez no supo y no pudo.<\/strong> En su retorno a la Libertadores despu\u00e9s de siete a\u00f1os<strong> la pas\u00f3 mal con Flamengo y se dej\u00f3 cachetear por la chapa. As\u00ed lo perdi\u00f3.<\/strong> Lecci\u00f3n para repasar antes de ir a Quito por la Liga en la segunda fecha <a data-cke-saved-href=\"https:\/\/www.ole.com.ar\/futbol-internacional\/libertadores\/resultados-copa-libertadores-fecha-martes_0_boIyIOZTt.html\" target=\"_blank\" href=\"https:\/\/www.ole.com.ar\/futbol-internacional\/libertadores\/resultados-copa-libertadores-fecha-martes_0_boIyIOZTt.html\" rel=\"noopener noreferrer\"><strong>del Grupo 6 de la Copa Libertadores.<\/strong><\/a><\/p>\n<p>Le cost\u00f3 al equipo de Pellegrino meterse en partido. Fueron unos diez y pico de minutos en los que el Fla movi\u00f3 la pelota de ac\u00e1 para all\u00e1, tratando de perforar ese esquema bien dispuesto por el entrenador rival. En esos minutos que <strong>el Fort\u00edn se tom\u00f3 para leer el mapa de juego, entendi\u00f3 que hab\u00eda que atacar con velocidad y sobre todo poner 1 vs. 1 a uno de sus puntas<\/strong> con Gustavo Henrique, el lungo zaguero carioca.<\/p>\n<p>Para llegar al \u00e1rea con posesi\u00f3n, Pellegrino tir\u00f3 m\u00e1s al medio a Janson, y esa movida de ajedrez le dio resultados una vez que su equipo se pudo parar con otra convicci\u00f3n.<strong> En los pies de Almada naci\u00f3 el gol que termin\u00f3 de parir el propio Janson<\/strong>, despu\u00e9s de que Lucero dejara desparramado a Henrique con un amago de museo.<\/p>\n<p>Parec\u00eda que V\u00e9lez hab\u00eda entendido c\u00f3mo doblarle el brazo a un equipo de la chapa del Flamengo. Que se lo iba a ir comiendo de a poco, con la velocidad de sus pibes y la buena noche que estaban teniendo sus puntas. <strong>Pero el equipo negro y rojo no lo quiso invitar al carnaval.<\/strong><\/p>\n<p>Gerson empez\u00f3 a poner alambre de p\u00faa en el medio, le tir\u00f3 su magia encima a la pelota y hasta se puso la pilcha de asistidor: l<strong>o dej\u00f3 mano a mano a Arao para un empate que volvi\u00f3 a descolocar al local <\/strong>(en el cierre del PT el volante del Fla le sirvi\u00f3 el segundo a Ribeiro pero \u00e9ste defini\u00f3 con la u\u00f1a).<\/p>\n<p><strong>Pellegrino anim\u00f3 a la tropa en el vestuario y Janson se volvi\u00f3 a anotar en la red, esta vez de cabeza.<\/strong> Pero el problema de V\u00e9lez sigui\u00f3 siendo mental. Nunca tom\u00f3 conciencia de que un triunfo contra el Flamengo se defiende a toda costa.<strong> Y entonces Gabigol se cort\u00f3 al toque, le hicieron penal y lo cambi\u00f3 por el 2-2.<\/strong><\/p>\n<p>A partir de ah\u00ed la confusi\u00f3n rein\u00f3 durante unos minutos y en ese mar revuelto, ganaron otra vez las credenciales. <strong>De Arrascaeta sac\u00f3 un zurdazo de otro partido y clav\u00f3 la pelota en el \u00e1ngulo derecho de un Hoyos que no hubiese llegado ni en avi\u00f3n.<\/strong> Otra vez la chapa sobre el c\u00e9sped del Amalfitani. V\u00e9lez estuvo dos veces arriba, merecidamente, eh, pero su poco roce actual lo llev\u00f3 al caos.<\/p>\n<p>Flamengo manej\u00f3 los minutos restantes con la pasta de campe\u00f3n que el mundo le conoce y con sus apellidos no pas\u00f3 m\u00e1s contratiempos (incluso podr\u00eda haber metido alguno m\u00e1s). <strong>El Fort\u00edn vio c\u00f3mo se le escaparon el buen primer tiempo de Lucero, la capacidad goleadora de Janson y el cierre siempre ideal de Gianett<\/strong>i, quien hizo un partidazo aunque no alcanz\u00f3. Adem\u00e1s, <a data-cke-saved-href=\"https:\/\/www.ole.com.ar\/velez\/velez-flamengo-libertadores-mancuello-expulsion-roja_0_2nCTJRX3K.html\" target=\"_blank\" href=\"https:\/\/www.ole.com.ar\/velez\/velez-flamengo-libertadores-mancuello-expulsion-roja_0_2nCTJRX3K.html\" rel=\"noopener noreferrer\"><strong>a Mancuello lo echaron <\/strong><\/a>por una patada a Gabigol.&nbsp;<strong>Lecci\u00f3n a repasar antes de viajar a Quito.<\/strong><\/p>\n<p><opta-widget sport=\"football\" widget=\"timeline\" competition=\"420\" season=\"2021\" match=\"2202752\" template=\"normal\" live=\"true\" orientation=\"horizontal\" vertical_timebar_height=\"260\" show_match_header=\"true\" show_score=\"true\" show_crests=\"true\" show_assists=\"all\" show_team_formation=\"true\" show_clock=\"true\" show_period_dividers=\"true\" show_halftime_score=\"false\" show_date=\"true\" date_format=\"dddd D MMMM YYYY\" show_attendance=\"true\" show_images=\"true\" show_referee=\"true\" show_venue=\"true\" show_cards=\"all\" show_goals=\"true\" show_penalties_missed=\"true\" show_subs=\"false\" show_goals_combined=\"false\" show_shootouts=\"false\" show_competition_name=\"true\" competition_naming=\"full\" team_naming=\"full\" player_naming=\"full\" show_live=\"true\" show_logo=\"false\" show_title=\"true\" breakpoints=\"400, 700\"><\/opta-widget><opta-widget sport=\"football\" widget=\"matchstats\" competition=\"420\" season=\"2021\" match=\"2202752\" template=\"lineups\" live=\"true\" side=\"both\" column_count=\"1\" side_by_side=\"true\" show_match_header=\"true\" show_score=\"true\" show_halftime_score=\"false\" show_crests=\"false\" show_team_formation=\"true\" show_competition_name=\"true\" show_date=\"false\" date_format=\"dddd D MMMM YYYY\" order_by=\"position\" group_by_position=\"false\" show_position=\"true\" show_images=\"false\" show_key=\"false\" show_starters=\"true\" show_goalkeepers=\"true\" show_defenders=\"true\" show_midfielders=\"true\" show_forwards=\"true\" show_subs=\"true\" show_unused_subs=\"false\" show_managers=\"true\" show_captain=\"false\" show_match_events=\"true\" competition_naming=\"full\" team_naming=\"full\" player_naming=\"full\" show_live=\"false\" show_logo=\"false\" show_title=\"true\" breakpoints=\"400, 700\"><\/opta-widget><opta-widget widget=\"commentary\" competition=\"420\" season=\"2021\" match=\"2202752\" template=\"normal\" live=\"true\" data_type=\"auto\" order_by=\"time_descending\" show_event_icons=\"true\" show_minor_events=\"true\" fixed_height_comments=\"300\" show_live=\"true\" show_logo=\"false\" show_title=\"true\" breakpoints=\"400\" sport=\"football\"><\/opta-widget><opta-widget sport=\"football\" widget=\"heatmap\" competition=\"420\" season=\"2021\" match=\"2202752\" preselected_player template=\"normal\" live=\"true\" show_maps=\"all\" orientation=\"horizontal\" side=\"both\" dimension=\"2D\" one_direction=\"false\" show_match_header=\"true\" show_score=\"true\" show_halftime_score=\"false\" show_crests=\"false\" show_team_formation=\"true\" show_competition_name=\"true\" show_date=\"true\" date_format=\"dddd D MMMM YYYY\" show_team_sheets=\"true\" show_subs=\"true\" show_position=\"true\" show_timecontrols=\"true\" show_timecontrols_buttons=\"true\" show_timecontrols_bar=\"true\" show_tooltips=\"false\" competition_naming=\"full\" team_naming=\"full\" player_naming=\"full\" show_logo=\"false\" show_title=\"true\" breakpoints=\"400, 700\"><\/opta-widget><opta-widget sport=\"football\" widget=\"standings\" competition=\"420\" season=\"2021\" match=\"2202752\" team template=\"normal\" live=\"true\" default_nav=\"1\" side=\"combined\" data_detail=\"default\" show_key=\"false\" show_crests=\"false\" points_in_first_column=\"false\" lose_before_draw=\"false\" show_form=\"0\" competition_naming=\"full\" team_naming=\"full\" date_format=\"dddd D MMMM YYYY\" sorting=\"true\" show_live=\"false\" show_relegation_average=\"true\" show_logo=\"false\" show_title=\"true\" breakpoints=\"400\"><\/opta-widget> <\/p>\n<div class=\"entry-tags\">\n<h2>TEMAS QUE APARECEN EN ESTA NOTA<\/h2>\n<\/p><\/div>\n","protected":false},"excerpt":{"rendered":"<p>Cuando ten\u00e9s un equipo enfrente que tiene experiencia, te ten\u00e9s que cuidar adem\u00e1s de jugar. Cuando enfrente se te paran unos cuantos monstruos de apellidos ilustres incluso en Europa, te ten\u00e9s que cuidar. V\u00e9lez no supo y no pudo. En su retorno a la Libertadores despu\u00e9s de siete a\u00f1os la pas\u00f3 mal con Flamengo y [&hellip;]<\/p>\n","protected":false},"author":1,"featured_media":18230,"comment_status":"open","ping_status":"closed","sticky":false,"template":"","format":"standard","meta":[],"categories":[16],"tags":[],"_links":{"self":[{"href":"http:\/\/hoycordobaweb.com\/index.php\/wp-json\/wp\/v2\/posts\/18229"}],"collection":[{"href":"http:\/\/hoycordobaweb.com\/index.php\/wp-json\/wp\/v2\/posts"}],"about":[{"href":"http:\/\/hoycordobaweb.com\/index.php\/wp-json\/wp\/v2\/types\/post"}],"author":[{"embeddable":true,"href":"http:\/\/hoycordobaweb.com\/index.php\/wp-json\/wp\/v2\/users\/1"}],"replies":[{"embeddable":true,"href":"http:\/\/hoycordobaweb.com\/index.php\/wp-json\/wp\/v2\/comments?post=18229"}],"version-history":[{"count":0,"href":"http:\/\/hoycordobaweb.com\/index.php\/wp-json\/wp\/v2\/posts\/18229\/revisions"}],"wp:featuredmedia":[{"embeddable":true,"href":"http:\/\/hoycordobaweb.com\/index.php\/wp-json\/wp\/v2\/media\/18230"}],"wp:attachment":[{"href":"http:\/\/hoycordobaweb.com\/index.php\/wp-json\/wp\/v2\/media?parent=18229"}],"wp:term":[{"taxonomy":"category","embeddable":true,"href":"http:\/\/hoycordobaweb.com\/index.php\/wp-json\/wp\/v2\/categories?post=18229"},{"taxonomy":"post_tag","embeddable":true,"href":"http:\/\/hoycordobaweb.com\/index.php\/wp-json\/wp\/v2\/tags?post=18229"}],"curies":[{"name":"wp","href":"https:\/\/api.w.org\/{rel}","templated":true}]}}