{"id":18200,"date":"2021-04-21T02:37:30","date_gmt":"2021-04-21T02:37:30","guid":{"rendered":"http:\/\/hoycordobaweb.com\/index.php\/2021\/04\/21\/rafael-albrecht-gloria-de-san-lorenzo-fue-internado-por-una-pulmonia-bilateral\/"},"modified":"2021-04-21T02:37:30","modified_gmt":"2021-04-21T02:37:30","slug":"rafael-albrecht-gloria-de-san-lorenzo-fue-internado-por-una-pulmonia-bilateral","status":"publish","type":"post","link":"http:\/\/hoycordobaweb.com\/index.php\/2021\/04\/21\/rafael-albrecht-gloria-de-san-lorenzo-fue-internado-por-una-pulmonia-bilateral\/","title":{"rendered":"Rafael Albrecht, gloria de San Lorenzo, fue internado por una pulmon\u00eda bilateral"},"content":{"rendered":"<p>&#8230; catapultaron a las m\u00e1s altas esferas del <b>f\u00fatbol argentino<\/b> y lo llevaron a convertirse en el s\u00e9ptimo defensor con m\u00e1s goles en el f\u00fatbol internacional,&nbsp;&#8230; <\/p>\n","protected":false},"excerpt":{"rendered":"<p>&#8230; catapultaron a las m\u00e1s altas esferas del f\u00fatbol argentino y lo llevaron a convertirse en el s\u00e9ptimo defensor con m\u00e1s goles en el f\u00fatbol internacional,&nbsp;&#8230;<\/p>\n","protected":false},"author":1,"featured_media":0,"comment_status":"closed","ping_status":"closed","sticky":false,"template":"","format":"standard","meta":[],"categories":[22],"tags":[],"_links":{"self":[{"href":"http:\/\/hoycordobaweb.com\/index.php\/wp-json\/wp\/v2\/posts\/18200"}],"collection":[{"href":"http:\/\/hoycordobaweb.com\/index.php\/wp-json\/wp\/v2\/posts"}],"about":[{"href":"http:\/\/hoycordobaweb.com\/index.php\/wp-json\/wp\/v2\/types\/post"}],"author":[{"embeddable":true,"href":"http:\/\/hoycordobaweb.com\/index.php\/wp-json\/wp\/v2\/users\/1"}],"replies":[{"embeddable":true,"href":"http:\/\/hoycordobaweb.com\/index.php\/wp-json\/wp\/v2\/comments?post=18200"}],"version-history":[{"count":0,"href":"http:\/\/hoycordobaweb.com\/index.php\/wp-json\/wp\/v2\/posts\/18200\/revisions"}],"wp:attachment":[{"href":"http:\/\/hoycordobaweb.com\/index.php\/wp-json\/wp\/v2\/media?parent=18200"}],"wp:term":[{"taxonomy":"category","embeddable":true,"href":"http:\/\/hoycordobaweb.com\/index.php\/wp-json\/wp\/v2\/categories?post=18200"},{"taxonomy":"post_tag","embeddable":true,"href":"http:\/\/hoycordobaweb.com\/index.php\/wp-json\/wp\/v2\/tags?post=18200"}],"curies":[{"name":"wp","href":"https:\/\/api.w.org\/{rel}","templated":true}]}}