{"id":18196,"date":"2021-04-20T12:33:00","date_gmt":"2021-04-20T12:33:00","guid":{"rendered":"https:\/\/fm-comunicar.com.ar\/contenido\/17453\/jesus-maria-adhirio-al-programa-provincial-de-uso-y-produccion-de-biocombustible"},"modified":"2021-04-20T12:33:00","modified_gmt":"2021-04-20T12:33:00","slug":"jesus-maria-adhirio-al-programa-provincial-de-uso-y-produccion-de-biocombustible","status":"publish","type":"post","link":"http:\/\/hoycordobaweb.com\/index.php\/2021\/04\/20\/jesus-maria-adhirio-al-programa-provincial-de-uso-y-produccion-de-biocombustible\/","title":{"rendered":"Jes\u00fas Mar\u00eda adhiri\u00f3 al programa provincial de uso y producci\u00f3n de biocombustible"},"content":{"rendered":"<p>El Estado reemplazar\u00e1 progresivamente los combustibles f\u00f3siles por biodiesel. Estudian la construcci\u00f3n de una planta para abastecer a la flota de veh\u00edculos municipales.<img src=\"http:\/\/hoycordobaweb.com\/wp-content\/uploads\/2021\/04\/jesus-maria-adhirio-al-programa-provincial-de-uso-y-produccion-de-biocombustible.jpg\"><\/p>\n","protected":false},"excerpt":{"rendered":"<p>El Estado reemplazar\u00e1 progresivamente los combustibles f\u00f3siles por biodiesel. Estudian la construcci\u00f3n de una planta para abastecer a la flota de veh\u00edculos municipales.<\/p>\n","protected":false},"author":1,"featured_media":18197,"comment_status":"closed","ping_status":"closed","sticky":false,"template":"","format":"standard","meta":[],"categories":[18],"tags":[],"_links":{"self":[{"href":"http:\/\/hoycordobaweb.com\/index.php\/wp-json\/wp\/v2\/posts\/18196"}],"collection":[{"href":"http:\/\/hoycordobaweb.com\/index.php\/wp-json\/wp\/v2\/posts"}],"about":[{"href":"http:\/\/hoycordobaweb.com\/index.php\/wp-json\/wp\/v2\/types\/post"}],"author":[{"embeddable":true,"href":"http:\/\/hoycordobaweb.com\/index.php\/wp-json\/wp\/v2\/users\/1"}],"replies":[{"embeddable":true,"href":"http:\/\/hoycordobaweb.com\/index.php\/wp-json\/wp\/v2\/comments?post=18196"}],"version-history":[{"count":0,"href":"http:\/\/hoycordobaweb.com\/index.php\/wp-json\/wp\/v2\/posts\/18196\/revisions"}],"wp:featuredmedia":[{"embeddable":true,"href":"http:\/\/hoycordobaweb.com\/index.php\/wp-json\/wp\/v2\/media\/18197"}],"wp:attachment":[{"href":"http:\/\/hoycordobaweb.com\/index.php\/wp-json\/wp\/v2\/media?parent=18196"}],"wp:term":[{"taxonomy":"category","embeddable":true,"href":"http:\/\/hoycordobaweb.com\/index.php\/wp-json\/wp\/v2\/categories?post=18196"},{"taxonomy":"post_tag","embeddable":true,"href":"http:\/\/hoycordobaweb.com\/index.php\/wp-json\/wp\/v2\/tags?post=18196"}],"curies":[{"name":"wp","href":"https:\/\/api.w.org\/{rel}","templated":true}]}}