{"id":18177,"date":"2021-04-20T01:48:00","date_gmt":"2021-04-20T01:48:00","guid":{"rendered":"http:\/\/hoycordobaweb.com\/index.php\/2021\/04\/20\/ute-y-ctera-ratifico-la-continuidad-del-paro-docente-en-defensa-de-la-salud-y-la-vida\/"},"modified":"2021-04-20T01:48:00","modified_gmt":"2021-04-20T01:48:00","slug":"ute-y-ctera-ratifico-la-continuidad-del-paro-docente-en-defensa-de-la-salud-y-la-vida","status":"publish","type":"post","link":"http:\/\/hoycordobaweb.com\/index.php\/2021\/04\/20\/ute-y-ctera-ratifico-la-continuidad-del-paro-docente-en-defensa-de-la-salud-y-la-vida\/","title":{"rendered":"UTE y Ctera ratific\u00f3 la continuidad del paro docente \u00aben defensa de la salud y la vida\u00bb"},"content":{"rendered":"<p><img src=\"http:\/\/hoycordobaweb.com\/wp-content\/uploads\/2021\/04\/ute-y-ctera-ratifico-la-continuidad-del-paro-docente-en-defensa-de-la-salud-y-la-vida.jpg\"><\/p>\n<div class=\"image\" id=\"image\" readability=\"7\"> <img src=\"http:\/\/hoycordobaweb.com\/wp-content\/uploads\/2021\/04\/ute-y-ctera-ratifico-la-continuidad-del-paro-docente-en-defensa-de-la-salud-y-la-vida-2.jpg\" alt=\"UTE y Ctera ratific\u00f3 la continuidad del paro docente &quot;en defensa de la salud y la vida&quot;\" title=\"UTE y Ctera ratific\u00f3 la continuidad del paro docente &quot;en defensa de la salud y la vida&quot;\"><\/p>\n<p>UTE y Ctera ratific\u00f3 la continuidad del paro docente \u00aben defensa de la salud y la vida\u00bb<\/p>\n<\/div>\n<p>El secretario adjunto del sindicato docente porte\u00f1o UTE, Eduardo L\u00f3pez, evalu\u00f3 que el paro realizado este lunes por los trabajadores de la educaci\u00f3n de la ciudad fue \u00abmasivo\u00bb, y anunci\u00f3 que el martes continuar\u00e1 la medida de fuerza, a la que defini\u00f3 como \u00abun paro en defensa de la salud y la vida, contra la politizaci\u00f3n de los cuidados\u00bb.<\/p>\n<p>L\u00f3pez, que integra la junta nacional de Ctera como secretario gremial, asegur\u00f3 a T\u00e9lam que el \u00ab90 por ciento de los docentes de la Ciudad adhirieron al paro o ense\u00f1aron a distancia\u00bb, a pesar del llamado del gobierno porte\u00f1o a presentarse en las aulas.<\/p>\n<p>\u00abDesde el mediod\u00eda qued\u00f3 claro que no hubo clases presenciales, la comunidad educativa es tan prudente como los tres jueces que ayer (por Nieves Macchiavelli, Marcelo L\u00f3pez Alfons\u00edn y Laura Perugini) resolvieron la presencialidad\u00bb, destac\u00f3 el gremialista, quien aludi\u00f3 con iron\u00eda a la firma electr\u00f3nica del fallo, ya que los miembros de la sala IV de la C\u00e1mara porte\u00f1a emitieron la resoluci\u00f3n de modo remoto.<\/p>\n<p>L\u00f3pez se\u00f1al\u00f3 tambi\u00e9n que la medida de fuerza no se debe a \u00abun conflicto sindical ni educativo\u00bb sino \u00absanitario\u00bb.<\/p>\n<p>\u00abNuestro enfrentamiento -recalc\u00f3- es contra el coronavirus, contra la enfermedad y contra la muerte que produce\u00bb.<\/p>\n<p>Adem\u00e1s, el gremialista valor\u00f3 \u00abel apoyo de la comunidad que hoy no envi\u00f3 a los chicos a las escuelas, excepto un 10 por ciento\u00bb.<\/p>\n<p>\u00abAgradecemos tambi\u00e9n a los nucleamientos de padres que est\u00e1n haciendo presentaciones administrativas para no enviar a los chicos a las escuelas y que les guarden las vacantes\u00bb, afirm\u00f3 en di\u00e1logo con esta agencia.<\/p>\n<p>Consultado por la decisi\u00f3n de la Corte de aceptar su competencia para definir la controversia por la suspensi\u00f3n de la presencialidad, L\u00f3pez la consider\u00f3 \u00abun paso\u00bb para \u00abencuadrarse dentro de las leyes y la Constituci\u00f3n\u00bb.<\/p>\n<p>\u00abYo conf\u00edo en que la Corte va a fallar acorde a lo que dice el texto constitucional: que el Presidente est\u00e1 facultado a dictar un DNU en caso de pandemia y riesgo de vida para la salud de la poblaci\u00f3n\u00bb, subray\u00f3.<\/p>\n<p>El gremialista cuestion\u00f3 asimismo a Horacio Rodr\u00edguez Larreta por \u00abmanejar datos pero no mencionar las fuentes\u00bb al referirse a los \u00faltimas apariciones del jefe de gobierno en las que argument\u00f3 a favor de mantener la presencialidad escolar.<\/p>\n<p>\u00abNo indic\u00f3 las fuentes de los datos que mencion\u00f3. Es como hac\u00eda Macri cuando dec\u00eda &#8216;vamos a construir 3.000 jardines&#8217; y &#8216;vamos a terminar con la pobreza&#8217;, o &#8216;vamos a terminar con el Impuesto a las Ganancias&#8217;. Quiere mostrarse como dando informaci\u00f3n objetiva, pero sus datos no tienen fuentes ni respaldo con la realidad\u00bb, critic\u00f3 L\u00f3pez.<\/p>\n<p>Y luego dijo que \u00e9l s\u00ed aportar\u00eda datos con fuentes verificables, para lo cual cit\u00f3 a \u00abla CDC de Estados Unidos (Centro para el Control y la Prevenci\u00f3n de Enfermedades de ese pa\u00eds), que tiene un sem\u00e1foro epidemiol\u00f3gico que dice que si hay m\u00e1s de 200 contagiados cada 100 mil habitantes promedio en la \u00faltima semana hay que suspender las clases presenciales\u00bb.<\/p>\n<p>L\u00f3pez mencion\u00f3 tambi\u00e9n un art\u00edculo sobre la presencialidad educativa y los contagios de Covid que public\u00f3 en marzo la revista cient\u00edfica The Lancet: \u00abEst\u00e1 hecho a partir de un estudio que cerr\u00f3 el 31 de marzo, o sea anterior a la detecci\u00f3n de las cepa de Manaos y la cepa brit\u00e1nica, y dice si no hay control epidemiol\u00f3gico -como no lo hay en la Ciudad- no hay que abrir las escuelas porque eso produce contagios\u00bb, advirti\u00f3.<\/p>\n<p>En el mismo sentido, el gremialista se\u00f1al\u00f3 que la ministra de Educaci\u00f3n porte\u00f1a, Soledad Acu\u00f1a, firm\u00f3 un documento que establec\u00eda un sem\u00e1foro de riesgo sanitario en el que se acordaba que \u00absi la ocupaci\u00f3n de las camas (de UTI) llegaba a superar un promedio de entre 60% y 80% entonces habr\u00eda que suspender las clases presenciales\u00bb.<\/p>\n<p>\u00abY ahora, en la Ciudad, las camas est\u00e1n ocupadas en m\u00e1s de un 80%, fundamentalmente en el sistema privado, de obras sociales y PAMI\u00bb, alert\u00f3.<\/p>\n<p>Por \u00faltimo, L\u00f3pez relacion\u00f3 los n\u00fameros de la pandemia en CABA con lo que ocurre en Chile y Uruguay ya que en ambos pa\u00edses, puntualiz\u00f3, \u00abno hay clases presenciales\u00bb.<\/p>\n<p>Se\u00f1al\u00f3 que la poblaci\u00f3n de Uruguay \u00abes casi la misma que la Ciudad de Buenos Aires, 3 millones de habitantes y est\u00e1n teniendo 3.000 contagios diarios, como la CABA\u00bb. <\/p>\n","protected":false},"excerpt":{"rendered":"<p>UTE y Ctera ratific\u00f3 la continuidad del paro docente \u00aben defensa de la salud y la vida\u00bb El secretario adjunto del sindicato docente porte\u00f1o UTE, Eduardo L\u00f3pez, evalu\u00f3 que el paro realizado este lunes por los trabajadores de la educaci\u00f3n de la ciudad fue \u00abmasivo\u00bb, y anunci\u00f3 que el martes continuar\u00e1 la medida de fuerza, [&hellip;]<\/p>\n","protected":false},"author":1,"featured_media":18178,"comment_status":"open","ping_status":"closed","sticky":false,"template":"","format":"standard","meta":[],"categories":[19],"tags":[],"_links":{"self":[{"href":"http:\/\/hoycordobaweb.com\/index.php\/wp-json\/wp\/v2\/posts\/18177"}],"collection":[{"href":"http:\/\/hoycordobaweb.com\/index.php\/wp-json\/wp\/v2\/posts"}],"about":[{"href":"http:\/\/hoycordobaweb.com\/index.php\/wp-json\/wp\/v2\/types\/post"}],"author":[{"embeddable":true,"href":"http:\/\/hoycordobaweb.com\/index.php\/wp-json\/wp\/v2\/users\/1"}],"replies":[{"embeddable":true,"href":"http:\/\/hoycordobaweb.com\/index.php\/wp-json\/wp\/v2\/comments?post=18177"}],"version-history":[{"count":0,"href":"http:\/\/hoycordobaweb.com\/index.php\/wp-json\/wp\/v2\/posts\/18177\/revisions"}],"wp:featuredmedia":[{"embeddable":true,"href":"http:\/\/hoycordobaweb.com\/index.php\/wp-json\/wp\/v2\/media\/18178"}],"wp:attachment":[{"href":"http:\/\/hoycordobaweb.com\/index.php\/wp-json\/wp\/v2\/media?parent=18177"}],"wp:term":[{"taxonomy":"category","embeddable":true,"href":"http:\/\/hoycordobaweb.com\/index.php\/wp-json\/wp\/v2\/categories?post=18177"},{"taxonomy":"post_tag","embeddable":true,"href":"http:\/\/hoycordobaweb.com\/index.php\/wp-json\/wp\/v2\/tags?post=18177"}],"curies":[{"name":"wp","href":"https:\/\/api.w.org\/{rel}","templated":true}]}}