{"id":18103,"date":"2021-04-19T16:46:28","date_gmt":"2021-04-19T16:46:28","guid":{"rendered":"http:\/\/enfermeria.fcm.unc.edu.ar\/?p=3051"},"modified":"2021-04-19T16:46:28","modified_gmt":"2021-04-19T16:46:28","slug":"secretaria-academica-bienvenida-ciclo-lectivo-2021","status":"publish","type":"post","link":"http:\/\/hoycordobaweb.com\/index.php\/2021\/04\/19\/secretaria-academica-bienvenida-ciclo-lectivo-2021\/","title":{"rendered":"SECRETARIA ACADEMICA \u2013 Bienvenida Ciclo Lectivo 2021"},"content":{"rendered":"<div class=\"post-content\" readability=\"48\">\n<p>La SECRETARIA ACADEMICA les da la BIENVENIDA AL CICLO&nbsp; LECTIVO 2021!!<\/p>\n<p>Estimados Estudiantes!<br \/>Un gusto saludarlas a todas y a todos y darles una c\u00e1lida y afectuosa<br \/>BIENVENIDA al esperanzador inicio del ciclo lectivo 2021!<br \/>El contexto de pandemia COVID-19 nos sit\u00faa en una oferta de<br \/>cursada con similares caracter\u00edsticas al 2020; sin embargo este a\u00f1o se<br \/>nos presenta como un nuevo desaf\u00edo para continuar fortaleciendo la<br \/>presencia en la comunidad y en el sistema de salud de estudiantes y<br \/>enfermeros de nuestra instituci\u00f3n comprometidos con la salud como<br \/>derecho de las personas, los grupos, los colectivos sociales.<br \/>Un entorno donde se ampl\u00edan los escenarios de intervenci\u00f3n<br \/>profesional de cuidado enfermero, se profundizan las competencias<br \/>propias del quehacer profesional, se ponen en acci\u00f3n los valores de<br \/>solidaridad, equidad, empat\u00eda, respeto que inspiran el ser enfermero.<br \/>Desde la SA les deseamos que alcancen los objetivos y las metas que<br \/>se propongan para este 2021 y seguiremos trabajando en forma<br \/>articulada e integrada con la Direcci\u00f3n, la SAE, los representantes<br \/>estudiantiles y el Despacho de Alumnos a fines de acompa\u00f1arlos,<br \/>informarlos, orientarlos y dar pronta y eficaz resoluci\u00f3n a las<br \/>problem\u00e1ticas que nos afectan.<br \/>Finalmente invitarlos a visitar la pesta\u00f1a Plan 18 donde publicaremos<br \/>peri\u00f3dicamente novedades para Uds.<br \/>Lic. Gloria LONGONI- Secretaria Acad\u00e9mica<\/p>\n<\/p><\/div>\n","protected":false},"excerpt":{"rendered":"<p>La SECRETARIA ACADEMICA les da la BIENVENIDA AL CICLO&nbsp; LECTIVO 2021!! Estimados Estudiantes!Un gusto saludarlas a todas y a todos y darles una c\u00e1lida y afectuosaBIENVENIDA al esperanzador inicio del ciclo lectivo 2021!El contexto de pandemia COVID-19 nos sit\u00faa en una oferta decursada con similares caracter\u00edsticas al 2020; sin embargo este a\u00f1o senos presenta como [&hellip;]<\/p>\n","protected":false},"author":1,"featured_media":0,"comment_status":"closed","ping_status":"closed","sticky":false,"template":"","format":"standard","meta":[],"categories":[17],"tags":[],"_links":{"self":[{"href":"http:\/\/hoycordobaweb.com\/index.php\/wp-json\/wp\/v2\/posts\/18103"}],"collection":[{"href":"http:\/\/hoycordobaweb.com\/index.php\/wp-json\/wp\/v2\/posts"}],"about":[{"href":"http:\/\/hoycordobaweb.com\/index.php\/wp-json\/wp\/v2\/types\/post"}],"author":[{"embeddable":true,"href":"http:\/\/hoycordobaweb.com\/index.php\/wp-json\/wp\/v2\/users\/1"}],"replies":[{"embeddable":true,"href":"http:\/\/hoycordobaweb.com\/index.php\/wp-json\/wp\/v2\/comments?post=18103"}],"version-history":[{"count":0,"href":"http:\/\/hoycordobaweb.com\/index.php\/wp-json\/wp\/v2\/posts\/18103\/revisions"}],"wp:attachment":[{"href":"http:\/\/hoycordobaweb.com\/index.php\/wp-json\/wp\/v2\/media?parent=18103"}],"wp:term":[{"taxonomy":"category","embeddable":true,"href":"http:\/\/hoycordobaweb.com\/index.php\/wp-json\/wp\/v2\/categories?post=18103"},{"taxonomy":"post_tag","embeddable":true,"href":"http:\/\/hoycordobaweb.com\/index.php\/wp-json\/wp\/v2\/tags?post=18103"}],"curies":[{"name":"wp","href":"https:\/\/api.w.org\/{rel}","templated":true}]}}