{"id":18057,"date":"2021-04-17T10:25:09","date_gmt":"2021-04-17T10:25:09","guid":{"rendered":"https:\/\/www.mujerhoy.com\/moda\/tendencias\/202104\/17\/blusa-uterque-estampado-cuadros-vichy-lila-nueva-coleccion-primavera-arrasa-influencers-20210415130836.html"},"modified":"2021-04-17T10:25:09","modified_gmt":"2021-04-17T10:25:09","slug":"la-blusa-con-estampado-vichy-que-todavia-nadie-ha-descubierto-y-por-la-que-todo-el-mundo-te-preguntara","status":"publish","type":"post","link":"http:\/\/hoycordobaweb.com\/index.php\/2021\/04\/17\/la-blusa-con-estampado-vichy-que-todavia-nadie-ha-descubierto-y-por-la-que-todo-el-mundo-te-preguntara\/","title":{"rendered":"La blusa con estampado vichy, que todav\u00eda nadie ha descubierto, y por la que todo el mundo te preguntar\u00e1"},"content":{"rendered":"<p>Aunque <a href=\"https:\/\/www.mujerhoy.com\/moda\/no-te-pierdas\/202104\/15\/cazadora-vaquera-pantalon-denim-parches-piel-uterque-nueva-coleccion-20210413235445.html\"><strong>Uterq\u00fce <\/strong><\/a>no siempre est\u00e1 en la ruta de \u00abshopping\u00bb habitual, merece la pena echar un vistazo a sus <strong>novedades <\/strong>de vez en cuando. Se pueden encontrar prendas de pura tendencia, como el estampado vichy, pero que no sean de las que lleva todo el mundo. Entre su selecci\u00f3n de ropa, hemos fichado una <strong>blusa con mangas abullonadas<\/strong> que hay que tener bajo el radar. \u00bfQuieres descubrirla? <\/p>\n<div class=\"comp_mm\">\n<figure><picture><source srcset=\"http:\/\/hoycordobaweb.com\/wp-content\/uploads\/2021\/04\/la-blusa-con-estampado-vichy-que-todavia-nadie-ha-descubierto-y-por-la-que-todo-el-mundo-te-preguntara.jpg, http:\/\/hoycordobaweb.com\/wp-content\/uploads\/2021\/04\/la-blusa-con-estampado-vichy-que-todavia-nadie-ha-descubierto-y-por-la-que-todo-el-mundo-te-preguntara.jpg 2x\" media=\"(min-width: 1054px)\"><source srcset=\"http:\/\/hoycordobaweb.com\/wp-content\/uploads\/2021\/04\/la-blusa-con-estampado-vichy-que-todavia-nadie-ha-descubierto-y-por-la-que-todo-el-mundo-te-preguntara.jpg, http:\/\/hoycordobaweb.com\/wp-content\/uploads\/2021\/04\/la-blusa-con-estampado-vichy-que-todavia-nadie-ha-descubierto-y-por-la-que-todo-el-mundo-te-preguntara.jpg 2x\" media=\"(min-width: 720px)\"><source srcset=\"https:\/\/resizer.mujerhoy.com\/resizer\/resizer.php?imagen=http:\/\/hoycordobaweb.com\/wp-content\/uploads\/2021\/04\/la-blusa-con-estampado-vichy-que-todavia-nadie-ha-descubierto-y-por-la-que-todo-el-mundo-te-preguntara.jpg&amp;nuevoalto=714&amp;nuevoancho=476\"><img src=\"http:\/\/hoycordobaweb.com\/wp-content\/uploads\/2021\/04\/la-blusa-con-estampado-vichy-que-todavia-nadie-ha-descubierto-y-por-la-que-todo-el-mundo-te-preguntara.jpg\" alt=\"Esta blusa con estampado vichy es una de esas prendas que no te quitar&amp;aacute;s en toda la temporada. La encontrar&amp;aacute;s en Uterq&amp;uuml;e. \" title=\"Esta blusa con estampado vichy es una de esas prendas que no te quitar&amp;aacute;s en toda la temporada. La encontrar&amp;aacute;s en Uterq&amp;uuml;e. \" itemprop=\"image\"><\/picture><figcaption> Esta blusa con estampado vichy es una de esas prendas que no te quitar\u00e1s en toda la temporada. La encontrar\u00e1s en Uterq\u00fce. <span class=\"firma\"><\/span><\/figcaption><\/figure>\n<\/div>\n<p> Esta blusa est\u00e1 confeccionada en algod\u00f3n con efecto arrugado, tiene un dise\u00f1o <strong>estilo corpi\u00f1o<\/strong> con mangas abullonadas y el estampado vichy llega en blanco y lila. Y lo que m\u00e1s nos gusta es el detalle de los <strong>botones <\/strong>forrados en el mismo tejido . <\/p>\n<div class=\"comp_mm\">\n<figure><picture><source srcset=\"http:\/\/hoycordobaweb.com\/wp-content\/uploads\/2021\/04\/la-blusa-con-estampado-vichy-que-todavia-nadie-ha-descubierto-y-por-la-que-todo-el-mundo-te-preguntara-1.jpg, http:\/\/hoycordobaweb.com\/wp-content\/uploads\/2021\/04\/la-blusa-con-estampado-vichy-que-todavia-nadie-ha-descubierto-y-por-la-que-todo-el-mundo-te-preguntara-1.jpg 2x\" media=\"(min-width: 1054px)\"><source srcset=\"http:\/\/hoycordobaweb.com\/wp-content\/uploads\/2021\/04\/la-blusa-con-estampado-vichy-que-todavia-nadie-ha-descubierto-y-por-la-que-todo-el-mundo-te-preguntara-1.jpg, http:\/\/hoycordobaweb.com\/wp-content\/uploads\/2021\/04\/la-blusa-con-estampado-vichy-que-todavia-nadie-ha-descubierto-y-por-la-que-todo-el-mundo-te-preguntara-1.jpg 2x\" media=\"(min-width: 720px)\"><source srcset=\"https:\/\/resizer.mujerhoy.com\/resizer\/resizer.php?imagen=http:\/\/hoycordobaweb.com\/wp-content\/uploads\/2021\/04\/la-blusa-con-estampado-vichy-que-todavia-nadie-ha-descubierto-y-por-la-que-todo-el-mundo-te-preguntara-1.jpg&amp;nuevoalto=714&amp;nuevoancho=476\"><img src=\"http:\/\/hoycordobaweb.com\/wp-content\/uploads\/2021\/04\/la-blusa-con-estampado-vichy-que-todavia-nadie-ha-descubierto-y-por-la-que-todo-el-mundo-te-preguntara-1.jpg\" alt=\"Blusa con estampado vichy en lila y blanco de la nueva colecci&amp;oacute;n de Uterq&amp;uuml;e (59,99 euros) \" title=\"Blusa con estampado vichy en lila y blanco de la nueva colecci&amp;oacute;n de Uterq&amp;uuml;e (59,99 euros) \" itemprop=\"image\"><\/picture><figcaption> Blusa con estampado vichy en lila y blanco de la nueva colecci\u00f3n de Uterq\u00fce (59,99 euros) <span class=\"firma\"><\/span><\/figcaption><\/figure>\n<\/div>\n<p>La blusa de Uterq\u00fce est\u00e1 disponible desde la talla XS a la L, y tiene un precio de <strong>59 euros. <\/strong> Y si ya os ha robado el coraz\u00f3n y no os la pod\u00e9is quitar de la cabeza, no os lo pens\u00e9is mucho porque ya est\u00e1 agotada en dos de sus tallas. <\/p>\n<div class=\"comp_mm\">\n<figure><picture><source srcset=\"http:\/\/hoycordobaweb.com\/wp-content\/uploads\/2021\/04\/la-blusa-con-estampado-vichy-que-todavia-nadie-ha-descubierto-y-por-la-que-todo-el-mundo-te-preguntara-2.jpg, http:\/\/hoycordobaweb.com\/wp-content\/uploads\/2021\/04\/la-blusa-con-estampado-vichy-que-todavia-nadie-ha-descubierto-y-por-la-que-todo-el-mundo-te-preguntara-2.jpg 2x\" media=\"(min-width: 1054px)\"><source srcset=\"http:\/\/hoycordobaweb.com\/wp-content\/uploads\/2021\/04\/la-blusa-con-estampado-vichy-que-todavia-nadie-ha-descubierto-y-por-la-que-todo-el-mundo-te-preguntara-2.jpg, http:\/\/hoycordobaweb.com\/wp-content\/uploads\/2021\/04\/la-blusa-con-estampado-vichy-que-todavia-nadie-ha-descubierto-y-por-la-que-todo-el-mundo-te-preguntara-2.jpg 2x\" media=\"(min-width: 720px)\"><source srcset=\"https:\/\/resizer.mujerhoy.com\/resizer\/resizer.php?imagen=http:\/\/hoycordobaweb.com\/wp-content\/uploads\/2021\/04\/la-blusa-con-estampado-vichy-que-todavia-nadie-ha-descubierto-y-por-la-que-todo-el-mundo-te-preguntara-2.jpg&amp;nuevoalto=714&amp;nuevoancho=476\"><img src=\"http:\/\/hoycordobaweb.com\/wp-content\/uploads\/2021\/04\/la-blusa-con-estampado-vichy-que-todavia-nadie-ha-descubierto-y-por-la-que-todo-el-mundo-te-preguntara-2.jpg\" alt=\"Ll&amp;eacute;vala con pantal&amp;oacute;n blanco y sandalias para no correr ning&amp;uacute;n riesgo. \" title=\"Ll&amp;eacute;vala con pantal&amp;oacute;n blanco y sandalias para no correr ning&amp;uacute;n riesgo. \" itemprop=\"image\"><\/picture><figcaption> Ll\u00e9vala con pantal\u00f3n blanco y sandalias para no correr ning\u00fan riesgo. <span class=\"firma\"><\/span><\/figcaption><\/figure>\n<\/div>\n<p>Es una prenda f\u00e1cil de llevar porque combina tanto con vaqueros azules como con los blancos. <strong>Sandalias, alpargatas de esparto<\/strong> e incluso zapatillas completan un look sencillo pero efectivo. \u00bfLe vais a hacer un hueco en vuestro armario? <\/p>\n<div class=\"tb-interesa\">\n<h3>Tambi\u00e9n te interesa<\/h3>\n<\/div>\n","protected":false},"excerpt":{"rendered":"<p>Aunque Uterq\u00fce no siempre est\u00e1 en la ruta de \u00abshopping\u00bb habitual, merece la pena echar un vistazo a sus novedades de vez en cuando. Se pueden encontrar prendas de pura tendencia, como el estampado vichy, pero que no sean de las que lleva todo el mundo. Entre su selecci\u00f3n de ropa, hemos fichado una blusa [&hellip;]<\/p>\n","protected":false},"author":1,"featured_media":18058,"comment_status":"closed","ping_status":"closed","sticky":false,"template":"","format":"standard","meta":[],"categories":[1],"tags":[],"_links":{"self":[{"href":"http:\/\/hoycordobaweb.com\/index.php\/wp-json\/wp\/v2\/posts\/18057"}],"collection":[{"href":"http:\/\/hoycordobaweb.com\/index.php\/wp-json\/wp\/v2\/posts"}],"about":[{"href":"http:\/\/hoycordobaweb.com\/index.php\/wp-json\/wp\/v2\/types\/post"}],"author":[{"embeddable":true,"href":"http:\/\/hoycordobaweb.com\/index.php\/wp-json\/wp\/v2\/users\/1"}],"replies":[{"embeddable":true,"href":"http:\/\/hoycordobaweb.com\/index.php\/wp-json\/wp\/v2\/comments?post=18057"}],"version-history":[{"count":0,"href":"http:\/\/hoycordobaweb.com\/index.php\/wp-json\/wp\/v2\/posts\/18057\/revisions"}],"wp:featuredmedia":[{"embeddable":true,"href":"http:\/\/hoycordobaweb.com\/index.php\/wp-json\/wp\/v2\/media\/18058"}],"wp:attachment":[{"href":"http:\/\/hoycordobaweb.com\/index.php\/wp-json\/wp\/v2\/media?parent=18057"}],"wp:term":[{"taxonomy":"category","embeddable":true,"href":"http:\/\/hoycordobaweb.com\/index.php\/wp-json\/wp\/v2\/categories?post=18057"},{"taxonomy":"post_tag","embeddable":true,"href":"http:\/\/hoycordobaweb.com\/index.php\/wp-json\/wp\/v2\/tags?post=18057"}],"curies":[{"name":"wp","href":"https:\/\/api.w.org\/{rel}","templated":true}]}}