{"id":17998,"date":"2021-04-18T01:50:00","date_gmt":"2021-04-18T01:50:00","guid":{"rendered":"http:\/\/hoycordobaweb.com\/index.php\/2021\/04\/18\/nora-lafon-memorias-de-una-militante-peronista\/"},"modified":"2021-04-18T01:50:00","modified_gmt":"2021-04-18T01:50:00","slug":"nora-lafon-memorias-de-una-militante-peronista","status":"publish","type":"post","link":"http:\/\/hoycordobaweb.com\/index.php\/2021\/04\/18\/nora-lafon-memorias-de-una-militante-peronista\/","title":{"rendered":"Nora Lafon: memorias de una militante peronista"},"content":{"rendered":"<p><img src=\"http:\/\/hoycordobaweb.com\/wp-content\/uploads\/2021\/04\/nora-lafon-memorias-de-una-militante-peronista.jpg\"><\/p>\n<div class=\"image\" id=\"image\" readability=\"8\"> <img src=\"http:\/\/hoycordobaweb.com\/wp-content\/uploads\/2021\/04\/nora-lafon-memorias-de-una-militante-peronista-2.jpg\" alt=\"La Plaza de Mayo, el lugar de los grandes hitos del peronismo.\" title=\"La Plaza de Mayo, el lugar de los grandes hitos del peronismo.\"><\/p>\n<p>La Plaza de Mayo, el lugar de los grandes hitos del peronismo.<\/p>\n<\/div>\n<p>De c\u00f3mo se construy\u00f3 \u201cla grasa militante\u201d: del 55 a nuestros d\u00edas<\/p>\n<p>Creo que milito desde que nac\u00ed porque fue una manera de estar viva. Por eso para reivindicar a tantos j\u00f3venes que se han sentido humillados, despreciados, injustificadamente despedidos de funciones para las que estaban m\u00e1s que calificados es que siento la necesidad de demostrar<strong> qu\u00e9 es y d\u00f3nde nace la militancia peronista como tal.<\/strong><\/p>\n<p>Con la llegada del peronismo se acumularon diversos adjetivos despectivos: <strong>\u201ccabecitas negras\u201d, \u201cgrasitas\u201d, \u201cflor de ceibo\u201d,&nbsp;<\/strong>a lo que se agregaba siempre que sal\u00edan a la calle para defender a alguien o&nbsp; algo:&nbsp; \u201c\u00a1cu\u00e1nto les habr\u00e1n pagado!\u201d, \u201csin los \u00f3mnibus no vienen\u201d, \u201cte aseguro que por lo menos les ponen 10 mangos por cabeza\u201d, <strong>\u201clos traes sin problema con&nbsp; vino y chorizos\u201d<\/strong> hasta llegar a los sofisticados insultos modelo siglo XXI desplegados por los diversos funcionarios macristas: \u201cchoripaneros\u201d, \u201dplaneros\u201d,&nbsp; \u201cgrasa militante\u201d.<\/p>\n<p>Sin duda <strong>expresiones generadas tanto por el odio visceral como por el desprecio que siempre les provoc\u00f3 la militancia<\/strong>. Fueron los mismos que persegu\u00edan a los militantes de izquierda, anarquistas y radicales de Yrigoyen. Nunca se les ocurri\u00f3 que, para ese pueblo, esos trabajadores, esos estudiantes la militancia enaltec\u00eda. Es una elecci\u00f3n de vida, de principios, de solidaridad con el otro. Es lo m\u00e1s ajeno al individualismo y viene caracterizando desde siempre a los m\u00e1s encomiables movimientos sociales del mundo. Pero <strong>nunca lo entendieron. Son incapaces de pensar en acciones que no tengan precio.<\/strong><\/p>\n<p>Uno de los d\u00edas m\u00e1s negros: El 16 de junio de 1955<\/p>\n<p><\/p>\n<div class=\"image-left\" readability=\"8\"> <img src=\"http:\/\/hoycordobaweb.com\/wp-content\/uploads\/2021\/04\/nora-lafon-memorias-de-una-militante-peronista-3.jpg\" alt=\"Nora Lafon, autora de esta nota.\" title=\"Nora Lafon, autora de esta nota.\"><\/p>\n<p>Nora Lafon, autora de esta nota.<\/p>\n<\/div>\n<p>Ese jueves al mediod\u00eda nuestro grupo sali\u00f3 de la Escuela Nacional de Bellas Artes Prilidiano Pueyrred\u00f3n y por Las Heras nos dirigimos hacia Callao. Estaba fr\u00edo y nublado. Distante sobre las nubes <strong>se escuchaba el sonido de un avi\u00f3n. Inocente, pens\u00e9: \u201c!Qu\u00e9 feo, parece una pel\u00edcula de la ocupaci\u00f3n nazi!\u201d.<\/strong><\/p>\n<p>Seguimos adelante con Virginia, Nela y Olga hasta el caf\u00e9 de Ayacucho y Las Heras, al lado de Radio Nacional, donde a diario cumpl\u00edamos con el rito de tomarnos un caf\u00e9 antes de regresar a nuestras casas.<\/p>\n<p>Al tomar el 60 comenc\u00e9 a escuchar que algunos pasajeros comentaban algo que me sonaba raro pero no les prest\u00e9 atenci\u00f3n.&nbsp; Cuando sub\u00ed al 314 nadie dec\u00eda nada pero al llegar a casa, en Olaz\u00e1bal al 4100, Mam\u00e1 estaba en la puerta (en ese tiempo la mayor\u00eda de los porte\u00f1os no ten\u00edamos tel\u00e9fono) esper\u00e1ndome muy preocupada. <strong>Reci\u00e9n en ese momento supe que estaban bombardeando la Plaza de Mayo.<\/strong><\/p>\n<p>D\u00edas m\u00e1s tarde cuando volvimos a clase nos enteramos de la tragedia: <strong>Luisa Ana Ferrario, una compa\u00f1era con la cual hab\u00edamos compartido divisi\u00f3n en la Belgrano, hab\u00eda muerto en medio del bombardeo.<\/strong> La explosi\u00f3n la alcanz\u00f3 mientras viajaba en el colectivo rumbo a su casa. S\u00f3lo ten\u00eda 19 a\u00f1os.<\/p>\n<div class=\"image-right\" readability=\"8\"> <img src=\"http:\/\/hoycordobaweb.com\/wp-content\/uploads\/2021\/04\/nora-lafon-memorias-de-una-militante-peronista-4.jpg\" alt=\"El horror de los bombardeos a civiles en la Plaza de Mayo, el 16 de junio de 1955. \" title=\"El horror de los bombardeos a civiles en la Plaza de Mayo, el 16 de junio de 1955. \"><\/p>\n<p>El horror de los bombardeos a civiles en la Plaza de Mayo, el 16 de junio de 1955. <\/p>\n<\/div>\n<p>Ese d\u00eda hubo 300 muertos y 800 heridos, tiraron 14 toneladas de bombas sobre la poblaci\u00f3n civil que paseaba por Plaza de Mayo.<\/p>\n<p>A mis 16, por primera vez present\u00ed una violencia que comenzaba a rondarnos. Por el momento agazapada.<\/p>\n<p>Exactamente tres meses despu\u00e9s consiguieron \u201cbarrer\u201d C\u00f3rdoba, desde siempre \u00abgorila\u00bb, y<strong> el 16 de septiembre fue la fecha acordada para derrocar al gobierno de&nbsp; Juan Domingo Per\u00f3n<\/strong>.<\/p>\n<p>El general Lonardi lleg\u00f3 a Buenos Aires como un salvador <strong>con un muy pronto olvidado \u201cni vencedores ni vencidos\u201d.&nbsp;<\/strong>S\u00f3lo le tom\u00f3 dos meses al sanguinario binomio Aramburu-Rojas para pasarlo a cuarteles de invierno.<\/p>\n<p>Mientras el peronismo era perseguido y se prohibi\u00f3 en todo el pa\u00eds el uso de sus s\u00edmbolos. Per\u00f3n pas\u00f3 a ser \u201cel tirano depuesto\u201d.<\/p>\n<p>Nace la resistencia peronista<\/p>\n<p><\/p>\n<div class=\"image\" id=\"image\" readability=\"10\"> <img src=\"http:\/\/hoycordobaweb.com\/wp-content\/uploads\/2021\/04\/nora-lafon-memorias-de-una-militante-peronista-5.jpg\" alt=\"Los fusilamientos del 9 de junio de 1956, en Jos\u00e9 Le\u00f3n Su\u00e1rez, siempre en el recuerdo de los militantes.\" title=\"Los fusilamientos del 9 de junio de 1956, en Jos\u00e9 Le\u00f3n Su\u00e1rez, siempre en el recuerdo de los militantes.\"><\/p>\n<p>Los fusilamientos del 9 de junio de 1956, en Jos\u00e9 Le\u00f3n Su\u00e1rez, siempre en el recuerdo de los militantes.<\/p>\n<\/div>\n<p>Con unos compa\u00f1eros volv\u00edamos de hacer una funci\u00f3n callejera de \u201cEl monigote de la pared\u201d (todos miembros de la compa\u00f1\u00eda de Roberto Aul\u00e9s el primer autor de teatro para ni\u00f1os), y tom\u00e1bamos algo en el bar Adam en la cuesta de&nbsp; la avenida&nbsp; Maip\u00fa, frente a Plaza San Martin.<\/p>\n<p>Nos quedamos charlando hasta tarde y <strong>al salir hab\u00eda un soldado armado cada 20 metros. Era un 9 de junio.&nbsp;<\/strong>R\u00e1pidamente consegu\u00ed un colectivo 93 directo a casa. Esta vez mam\u00e1 estaba en la puerta al borde del ataque.<\/p>\n<p><strong>La insurrecci\u00f3n del general Valle fracas\u00f3. Llegaron as\u00ed su fusilamiento y el asesinato a civiles supuestamente implicados<\/strong>, muchos de ellos trabajadores, en Jos\u00e9 Le\u00f3n Su\u00e1rez. Nuevamente la violencia para castigar a los militantes populares. Valle le dej\u00f3 a su hija una carta de una dignidad ejemplar y conmovedora. La resistencia peronista comenzaba a gestarse con sangre.<\/p>\n<p>La primera bomba<\/p>\n<p>A principios del 57 ya trabajaba en la redacci\u00f3n de la revista Qu\u00e9 y en cuanto se conoci\u00f3 el acuerdo Per\u00f3n-Frondizi, <strong>una bomba&nbsp; desencaj\u00f3 una de la puertas de Madero 420<\/strong>, donde estaban las oficinas de Qu\u00e9, en el edificio del Luna Park. La violencia estaba cada vez m\u00e1s cerca.<\/p>\n<p>Asumi\u00f3 Frondizi y al tiempo, <strong>comenzamos a manifestar por \u201cLibre o laica\u201d.<\/strong> La calle segu\u00eda siendo nuestra. A poco m\u00e1s de un a\u00f1o Cuba instalaba la Revoluci\u00f3n en el poder y Castro, Guevara y Cienfuegos se convirtieron en veneradas leyendas que las juventudes argentinas recibimos&nbsp; alborozadas.<\/p>\n<p>Pese a que Frondizi hizo todo tipo de concesiones -como anular las elecciones a gobernador de la Provincia de Buenos ganadas por el gran dirigente peronista Andr\u00e9s Framini, nombrar ministro de Econom\u00eda a \u00c1lvaro Alsogaray, aplicar el plan Conintes a los trabajadores ferroviarios-, <strong>la suerte estaba echada para su gobierno ante el accionar militar<\/strong>, aunque dicen que la entrevista con el Che fue lo que para la derecha result\u00f3 imperdonable.<\/p>\n<p>Frondizi fue destituido por un golpe de estado c\u00edvico-militar en la ma\u00f1ana del 29 de marzo de 1962, fuerzas militares lo llevaron a la isla Mart\u00edn Garc\u00eda. Asumi\u00f3 Guido, pero el descontento fue creciendo. <strong>El peronismo segu\u00eda proscripto pero cada vez m\u00e1s convencido en reclamar y recuperar los derechos conseguidos.<\/strong><\/p>\n<p>En las pr\u00f3ximas elecciones de 1963 asumi\u00f3 el candidato radical Humberto Illia, un m\u00e9dico de Cruz del Eje muy bien intencionado&nbsp; <strong>al que debemos el \u00fanico interregno en que la balanza de pagos que favoreci\u00f3 al pa\u00eds: no tuvimos deuda externa.<\/strong><\/p>\n<p>Sin embargo, no le perdonaron ni su rectitud ni su falta de carisma, pero sobre todo el haberse metido con la industria farmac\u00e9utica internacional. Los medios se sumaron coyunturalmente a los reclamos sindicales y el gobierno cay\u00f3 a favor de la \u201crevoluci\u00f3n argentina\u201d. <strong>As\u00ed naci\u00f3 el \u201conganiato\u201d <\/strong>es decir el gobierno ileg\u00edtimo encabezado por el general Juan Carlos Ongan\u00eda.<\/p>\n<p>La tortura como amenaza latente<\/p>\n<p><\/p>\n<div class=\"image\" id=\"image\" readability=\"7\"> <img src=\"http:\/\/hoycordobaweb.com\/wp-content\/uploads\/2021\/04\/nora-lafon-memorias-de-una-militante-peronista-6.jpg\" alt=\"El Cordobazo (29 y 30 de mayo de 1969) fue la primera gran resistencia a la dictadura de Ongan\u00eda.\" title=\"El Cordobazo (29 y 30 de mayo de 1969) fue la primera gran resistencia a la dictadura de Ongan\u00eda.\"><\/p>\n<p>El Cordobazo (29 y 30 de mayo de 1969) fue la primera gran resistencia a la dictadura de Ongan\u00eda.<\/p>\n<\/div>\n<p>Sin ning\u00fan cuidado y estoy convencida para sembrar el terror (la nueva herramienta contra las fuerzas populares encarnadas por sindicalistas incorruptibles y militantes del pueblo), comenzaron a conocerse c\u00f3mo torturaban en los prefios del&nbsp; 1\u00b0 y 3\u00b0 Cuerpo de Ej\u00e9rcito. Es decir en Ciudad y provincia de Buenos&nbsp; Aires, y de C\u00f3rdoba a Tucum\u00e1n.<strong> As\u00ed definitivamente nos cambi\u00f3 la vida.<\/strong><\/p>\n<p>Otra vida construida por silencios, ediciones clandestinas, desconfianza y cuidados. Al mismo tiempo que cantidad de <strong>peque\u00f1as gestas heroicas que fueron desde repartir panfletos a salvaguardar compa\u00f1eros. <\/strong>Porque siempre estuvimos donde hac\u00eda falta.<\/p>\n<p><strong>Y un d\u00eda, el 29 de mayo de 1969 lleg\u00f3&nbsp; el Cordobazo,<\/strong>&nbsp;como para decir que no resist\u00edamos m\u00e1s las injusticias, el hambre, la&nbsp; violencia y la&nbsp; represi\u00f3n. Y fueron las <strong>fuerzas populares encabezadas por sindicalistas como Agust\u00edn Tosco, Atilio L\u00f3pez o Ren\u00e9 Salamanca,&nbsp;<\/strong>por un lado, y el \u201cBarrio Cl\u00ednicas\u201d, habitado por universitarios, por el otro, que unidas comenzaron una de las mayores revueltas generada por militantes populares contra&nbsp; fuerzas militares organizadas.<\/p>\n<p>Pero se estaban gestando otros movimientos y un a\u00f1o despu\u00e9s se manifestaron con el secuestro de Pedro Eugenio Aramburu y <strong>entonces se inici\u00f3 una gran cacer\u00eda de verdaderos o supuestos responsables. <\/strong>As\u00ed las cosas aparecieron otras fuerzas organizadas para reclamar justicia. Muchos de ellos apresados y torturados. Pero todav\u00eda a disposici\u00f3n del PEN en distintas c\u00e1rceles del pa\u00eds.<\/p>\n<p>La Masacre de Trelew<\/p>\n<p><\/p>\n<div class=\"image-left\" readability=\"8\"> <img src=\"http:\/\/hoycordobaweb.com\/wp-content\/uploads\/2021\/04\/nora-lafon-memorias-de-una-militante-peronista-7.jpg\" alt=\"La masacre de Trelew (22 de agosto de 1972) moviliz\u00f3 a la militancia, pese a la dictadura.\" title=\"La masacre de Trelew (22 de agosto de 1972) moviliz\u00f3 a la militancia, pese a la dictadura.\"><\/p>\n<p>La masacre de Trelew (22 de agosto de 1972) moviliz\u00f3 a la militancia, pese a la dictadura.<\/p>\n<\/div>\n<p>Era el gobierno de Lanusse, cientos de guerrilleros y militantes hab\u00edan sido encarcelados. En el Penal de Rawson, en Chubut, estaban detenidos miembros de las organizaciones armadas <strong>Ej\u00e9rcito Revolucionario del Pueblo (ERP), Fuerzas Armadas Revolucionarias (FAR) y Montoneros<\/strong>, que se pusieron de acuerdo para organizar conjuntamente una fuga.<\/p>\n<p>Se supon\u00eda que los espear\u00eda un avi\u00f3n en el aeropuerto de Trelew para llevarlos a Chile y pedir asilo. Por un error estrat\u00e9gico el vuelo despeg\u00f3 sin que hubieran llegado todos y los que quedaron no tuvieron m\u00e1s remedio que rendirse, aunque con garant\u00edas.<\/p>\n<p>La Armada se encarg\u00f3 de trasladarlos a la base Almirante Zar donde -salvo tres que sobrevivieron- f<strong>ueron masacrados 16 j\u00f3venes peronistas y de izquierda. <\/strong>Fue&nbsp; el 22 de agosto de 1972. Con lo cual, la difundida&nbsp; leyenda, especialmente en la clase media, que sosten\u00eda que el Ej\u00e9rcito es nazi pero en la Marina son todos caballeros, comenz\u00f3 a desplomarse.<\/p>\n<p>Los velamos en la sede del PJ de la avenida La Plata pero<strong> tampoco fueron capaces de respetar nuestro tremendo dolor y ante tanta militancia junta reunida respondieron con tanquetas.&nbsp;<\/strong>Igual resistimos y seguimos adelante\u2026<\/p>\n<p>El regreso del L\u00edder<\/p>\n<p><\/p>\n<div class=\"image\" id=\"image\" readability=\"8\"> <img src=\"http:\/\/hoycordobaweb.com\/wp-content\/uploads\/2021\/04\/nora-lafon-memorias-de-una-militante-peronista-8.jpg\" alt=\"El regreso de Per\u00f3n desde el exilio, el 17 de noviembre de 1972.\" title=\"El regreso de Per\u00f3n desde el exilio, el 17 de noviembre de 1972.\"><\/p>\n<p>El regreso de Per\u00f3n desde el exilio, el 17 de noviembre de 1972.<\/p>\n<\/div>\n<p>El general Lanusse sol\u00eda retar a Juan Domingo Per\u00f3n a regresar. <strong>Inesperadamente el General recogi\u00f3 el guante<\/strong> y el 17 de noviembre de 1972, el avi\u00f3n que lo tra\u00eda acompa\u00f1ado de por artistas, intelectuales, sindicalistas y dirigentes pol\u00edticos, aterriz\u00f3 en Ezeiza. En medio de la lluvia que no impidi\u00f3 que miles de militantes se acercaran incluso saltando sobre el cerco de fuerzas militares con que hab\u00edan rodeado el aeropuerto.<\/p>\n<p><strong>Hubo momentos en que se temi\u00f3 por la vida de Per\u00f3n. <\/strong>Los periodistas est\u00e1bamos empapados pero alertas. Esper\u00e1bamos en el aeropuerto desde las 8 de la ma\u00f1ana, siempre bajo la lluvia. Finalmente, a la medianoche lleg\u00f3 el alivio cuando nos avisaron que hab\u00edan aceptado el traslado a la casa de Gaspar Campos, en el partido de Vicente L\u00f3pez. Lo aseguro porque estuve all\u00ed.<\/p>\n<p><strong>Lanusse no accedi\u00f3 a la candidatura de Per\u00f3n<\/strong> y entonces el General design\u00f3 a H\u00e9ctor C\u00e1mpora para que liderara la f\u00f3rmula presidencial. <strong>El 25 de mayo de 1973 fue su asunci\u00f3n. <\/strong>Esa misma noche, imborrable, fuimos a Devoto a recuperar a nuestros presos y no nos movimos hasta que los liberaron. Fue muy emocionante. <strong>Est\u00e1bamos otra vez en la calle, la hab\u00edamos ganado nuevamente.<\/strong><\/p>\n<p>El 20 de junio volvi\u00f3 definitivamente Per\u00f3n al pa\u00eds, pero todo fue muy diferente. <strong>Miles de j\u00f3venes <\/strong>que se hab\u00edan mantenido en vigilia desde la tarde anterior frente a colegios, universidades y sindicatos, desde muy temprano avanzaron, felices, y colmaron la autopista Ricchieri.<\/p>\n<p>Sorprendidos se enteraron de que el vuelo hab\u00eda sido desviado hacia otro aeropuerto por temor a un ataque y no aterrizar\u00eda en Ezeiza. Casi simult\u00e1neamente se desat\u00f3 <strong>una tremenda batalla entre fuerzas de ultraderecha acompa\u00f1ados por agentes de varias fuerzas represivas contra j\u00f3venes militantes de la JP <\/strong>que hab\u00edan llegado a recibir a su l\u00edder.<\/p>\n<p>Nunca sabremos cu\u00e1ntos muertos hubo. En el palco que se hab\u00eda armado cerca de Puente 12 tambi\u00e9n se produjeron enfrentamientos entre quienes quer\u00edan refugiarse en dicho palco y quienes se negaron a recibirlos en medio de la feroz balacera. Para la militancia fue un d\u00eda tremendo que <strong>transform\u00f3 la alegr\u00eda en tragedia.<\/strong><\/p>\n<p>De acuerdo al compromiso asumido <strong>\u201cC\u00e1mpora al gobierno Per\u00f3n al poder\u201d<\/strong>, el \u201cTio\u201d renunci\u00f3, hubo nuevas elecciones y el General result\u00f3 amplio vencedor con la f\u00f3rmula Per\u00f3n-Per\u00f3n. Isabel era la vicepresidenta.<\/p>\n<p>Pero la realidad no nos daba respiro. En septiembre de ese a\u00f1o se produce <strong>el golpe contra el gobierno socialista en Chile<\/strong>. Fue derrocado por las fuerzas armadas y por una derecha decidida a todo para terminar con al primer gobierno que defend\u00eda al pueblo.<\/p>\n<p>Fue una tragedia que nos conmovi\u00f3 porque adem\u00e1s <strong>Salvador Allende, a quien quer\u00edamos tanto, decidi\u00f3 suicidarse en&nbsp; su despacho. <\/strong>Comenz\u00f3 as\u00ed&nbsp; lo que cre\u00edamos seria la dictadura m\u00e1s cruenta de la historia latinoamericana. No sab\u00edamos lo que nos esperaba.<\/p>\n<p>Con gran cuota de candidez sal\u00edamos a la calle cantando <strong>\u201cyo tengo fe \/ que Chile va a ganar\u201d,<\/strong> pero no fue as\u00ed. El Estadio Nacional de Santiago se convirti\u00f3 en el s\u00edmbolo del horror.&nbsp; Y no s\u00f3lo se metieron con los pol\u00edticos; tambi\u00e9n con los artistas. \u00a1Y hasta le cortaron las manos a V\u00edctor Jara antes de asesinarlo!<\/p>\n<div class=\"image\" id=\"image\" readability=\"9\"> <img src=\"http:\/\/hoycordobaweb.com\/wp-content\/uploads\/2021\/04\/nora-lafon-memorias-de-una-militante-peronista-9.jpg\" alt=\"La muerte de Per\u00f3n, el 1 de julio de 1974, cal\u00f3 hondo en millones de argentinos.\" title=\"La muerte de Per\u00f3n, el 1 de julio de 1974, cal\u00f3 hondo en millones de argentinos.\"><\/p>\n<p>La muerte de Per\u00f3n, el 1 de julio de 1974, cal\u00f3 hondo en millones de argentinos.<\/p>\n<\/div>\n<p>Dejando un espacio en el peor momento de nuestra Patria y nuestra Am\u00e9rica, <strong>Juan Domingo Per\u00f3n muere el 1\u00b0 de julio de 1974<\/strong>, cuando ya la Triple A hab\u00eda comenzado no s\u00f3lo a amenazar a sindicalistas, actores, intelectuales, cient\u00edficos, pensadores y pol\u00edticos, sino que tambi\u00e9n sentenci\u00f3 y ejecut\u00f3 a varios de los amenazados. Asume entonces Isabel y <strong>la econom\u00eda se desbarranca totalmente con la llegada del \u201cRodrigazo\u201d.<\/strong><\/p>\n<p><strong>Y el golpe m\u00e1s anunciado de la historia se consum\u00f3.<\/strong> Isabel dej\u00f3 el poder con seis mil millones de d\u00f3lares de deuda. Los que preparaban el terreno para el derrocamiento dec\u00edan que nos iban a secuestrar los aviones de Aerol\u00edneas, que desaparecer\u00edamos del mundo, que era un esc\u00e1ndalo. <strong>Un cuento f\u00e1cil de reconocer, \u00bfno?<\/strong><\/p>\n<p>La gran tragedia<\/p>\n<p><\/p>\n<div class=\"image\" id=\"image\" readability=\"8\"> <img src=\"http:\/\/hoycordobaweb.com\/wp-content\/uploads\/2021\/04\/nora-lafon-memorias-de-una-militante-peronista-10.jpg\" alt=\"Las Madres, s\u00edmbolo de la resistencia a la dictadura del Proceso Militar.\" title=\"Las Madres, s\u00edmbolo de la resistencia a la dictadura del Proceso Militar.\"><\/p>\n<p>Las Madres, s\u00edmbolo de la resistencia a la dictadura del Proceso Militar.<\/p>\n<\/div>\n<p>De todas maneras, segu\u00edamos tomando la calle, expres\u00e1ndonos. Finalmente, <strong>el 24 de marzo de 1976<\/strong>&nbsp;se iniciar\u00eda la noche m\u00e1s larga de nuestra historia.<\/p>\n<p><strong>La dictadura c\u00edvico militar eclesi\u00e1stica que nos dej\u00f3 30.000 desaparecidos<\/strong>, cientos de compa\u00f1eros muertos y torturados, m\u00e1s de 400 beb\u00e9s apropiados, una deuda externa descomunal en d\u00f3lares ya que la cuadruplicaron, miles de trabajadores en la calle y el hambre instalado como normalidad y sin ninguna verg\u00fcenza para un pa\u00eds que produce alimentos. Absoluta obra de Jos\u00e9 Alfredo Mart\u00ednez de Hoz.<\/p>\n<p>Sin avisar, porque no avisan, nos hab\u00eda llegado el Plan C\u00f3ndor con excepcionales maestros que entrenaron a las fuerzas militares en las <strong>torturas de \u00faltima generaci\u00f3n empleadas en Argelia por los franceses y en Vietnam por los estadounidenses. <\/strong>Y fue as\u00ed como d\u00eda a d\u00eda las noticias fueron m\u00e1s aterradoras. Y comenzaron a desaparecer amigos queridos, compa\u00f1eros, mientras otros part\u00edan al exilio.<\/p>\n<p><strong>Pero desde cualquier trinchera segu\u00edamos resistiendo<\/strong>.&nbsp;<\/p>\n<p>Luego lleg\u00f3 la fallida invasi\u00f3n a Malvinas decidida pensando que Estados Unidos estar\u00eda de nuestro lado. Ideada por generales y coroneles&nbsp; que nunca fueron a la guerra y que hubieran sacado un 0 en geopol\u00edtica, que tanto en las trincheras como en el&nbsp; hundimiento del crucero General Belgrano<strong> nos agregaron a las listas m\u00e1s muertos inocentes. <\/strong>Y<strong>&nbsp;<\/strong>tambi\u00e9n torturados en las islas. Pero gracias a esa nueva tragedia pudimos recuperar la democracia.<\/p>\n<p>El valor de poder elegir nuestro destino<\/p>\n<p><\/p>\n<div class=\"image\" id=\"image\" readability=\"7\"> <img src=\"http:\/\/hoycordobaweb.com\/wp-content\/uploads\/2021\/04\/nora-lafon-memorias-de-una-militante-peronista-11.jpg\" alt=\"Cristina y N\u00e9stor Kirchner devolvieron las esperanzas a miles y miles de j\u00f3venes.\" title=\"Cristina y N\u00e9stor Kirchner devolvieron las esperanzas a miles y miles de j\u00f3venes.\"><\/p>\n<p>Cristina y N\u00e9stor Kirchner devolvieron las esperanzas a miles y miles de j\u00f3venes.<\/p>\n<\/div>\n<p>En 1983 asumi\u00f3 Ra\u00fal Alfons\u00edn y debemos agradecerle la decisi\u00f3n de iniciar los juicios a las juntas genocidas. Pero la situaci\u00f3n econ\u00f3mica con una hiperinflaci\u00f3n catastr\u00f3fica no le permiti\u00f3 terminar su mandato y as\u00ed lleg\u00f3 Carlos Menem. Con toda su simpat\u00eda, que<strong> encubrb\u00eda un proyecto neoliberal que privatiz\u00f3 las empresas estatales<\/strong> y volvi\u00f3 a endeudar al pa\u00eds y a todos los habitantes de la Patria con el 1 a 1 y las tarjetas de cr\u00e9dito, todo obra de Domingo Cavallo. Tampoco hubo suerte con la Alianza que termin\u00f3 flexibilizando m\u00e1s y sum\u00f3 muertos en la Plaza de Mayo.<\/p>\n<p><strong>Y&nbsp; vinieron los Kirchner<\/strong><\/p>\n<p>Pero por fin desde el sur nos lleg\u00f3 la salvaci\u00f3n. N\u00e9stor Kirchner cambi\u00f3 todo y tom\u00f3 dos grandes decisiones que la pol\u00edtica manejara la econom\u00eda y la recuperaci\u00f3n de los j\u00f3venes a la militancia pol\u00edtica. Y <strong>decidi\u00f3 con grandes quitas pagar las deudas para recuperar soberan\u00eda y sin tomar ninguna<\/strong>. Pol\u00edtica que tambi\u00e9n hizo Cristina, como lo record\u00f3 el 24 de marzo pasado.<\/p>\n<p>Y reivindicaron a las Madres y a las Abuelas. Y ganamos la calle. Y se profundizaron los juicios a los genocidas y se recuperaron derechos. <strong>Se volvi\u00f3 a confirmar que march\u00e1bamos a conseguir una Patria libre, justa y soberana<\/strong>. Se descolgaron cuadros.<\/p>\n<p>Pero como N\u00e9stor era un animal pol\u00edtico, no resisti\u00f3 que un joven militante fuera asesinado durante su mandato. \u00c9l, que era tan fuerte que le dijo en la cara a Bush no al ALCA,&nbsp; se quebr\u00f3 con la noticia que, estoy segura,&nbsp; le provoc\u00f3 la muerte.<\/p>\n<p>Y&nbsp; fue despedido por miles de j\u00f3venes.<strong> Y Cristina se qued\u00f3 sola sin su compa\u00f1ero pero sigui\u00f3 adelante<\/strong>&nbsp;cosechando mucho amor y un odio&nbsp; visceral solo comparable al que le ten\u00edan a Evita. <strong>No le perdonaron nunca ni le van a perdonar su inteligencia y su capacidad pol\u00edtica y geopol\u00edtica.<\/strong><\/p>\n<p>Por eso la han perseguido, le inventaron causas. Pero sigue all\u00ed a punto tal de generar la estrategia que nos permiti\u00f3 recuperar el gobierno despu\u00e9s de los peores cuatro a\u00f1os que recuerdo. Sin duda nada iguala en democracia a <strong>la pandemia Macri.<\/strong><\/p>\n<p>Pero gracias a Cristina lo tenemos a Alberto Fern\u00e1ndez en el Gobierno y a ella en el Senado. Y como tenemos tanta capacidad de lucha nos lleg\u00f3 la pandemia por suerte con esta calidad de pol\u00edticos.<strong> \u00bfSe dieron cuenta que todav\u00eda no quedo nadie en nuestra Patria que no fuera asistido si se contagi\u00f3 el Covid 19?<\/strong><\/p>\n<div class=\"image\" id=\"image\" readability=\"8\"> <img src=\"http:\/\/hoycordobaweb.com\/wp-content\/uploads\/2021\/04\/nora-lafon-memorias-de-una-militante-peronista-12.jpg\" alt=\"Los militantes del siglo XXI, con la misma pasi\u00f3n de sus abuelos.\" title=\"Los militantes del siglo XXI, con la misma pasi\u00f3n de sus abuelos.\"><\/p>\n<p>Los militantes del siglo XXI, con la misma pasi\u00f3n de sus abuelos.<\/p>\n<\/div>\n<p>Si fuimos capaces de resistir todo lo que acabo de relatar con tanta fortaleza, les digo a los j\u00f3venes que no se preocupen por c\u00f3mo los ataquen o los califiquen.<\/p>\n<p><strong>Ustedes tienen la suerte de militar sin miedo que es una carga m\u00e1s pesada que la pandemia. <\/strong>No tienen necesidad de aprender a correr los 100 metros llanos para escapar al&nbsp; \u201cNeptuno\u201d, no hay Falcons verdes en sus vidas, nunca tendr\u00e1n&nbsp; aterrorizados en tiempos de dictadura acompa\u00f1ar a una c\u00e1rcel&nbsp; a una compa\u00f1ero para que pueda hacer la cola de la visita mientras uno le hace la de los remedios o la comida. Porque hasta con eso jugaban con los presos a disposici\u00f3n del&nbsp; PEN si no les armaban un conato ficticio de fuga para fusilarlos.<\/p>\n<p>Repito, cuando alguien los trate de grasa militante, les doy un saludable consejo: <strong>no se ofendan, r\u00edanse mucho, porque ellos son incapaces de militar otra cosa que no sea la mentira y el odio.<\/strong> Nosotros militamos el amor y la vida. Nunca podr\u00e1n igualarnos y no saben lo que se pierden.<br \/>&nbsp;&nbsp;&nbsp;&nbsp;&nbsp;&nbsp;&nbsp;&nbsp;&nbsp;&nbsp;&nbsp;&nbsp;&nbsp;&nbsp;&nbsp;&nbsp;&nbsp;&nbsp;&nbsp;&nbsp;&nbsp;&nbsp;&nbsp;&nbsp;&nbsp;&nbsp;&nbsp;&nbsp;&nbsp;&nbsp;&nbsp;&nbsp;&nbsp;&nbsp;&nbsp;&nbsp;&nbsp;&nbsp;&nbsp;&nbsp;&nbsp;&nbsp;&nbsp;<br \/>.<\/p>\n","protected":false},"excerpt":{"rendered":"<p>La Plaza de Mayo, el lugar de los grandes hitos del peronismo. De c\u00f3mo se construy\u00f3 \u201cla grasa militante\u201d: del 55 a nuestros d\u00edas Creo que milito desde que nac\u00ed porque fue una manera de estar viva. Por eso para reivindicar a tantos j\u00f3venes que se han sentido humillados, despreciados, injustificadamente despedidos de funciones para [&hellip;]<\/p>\n","protected":false},"author":1,"featured_media":17999,"comment_status":"open","ping_status":"closed","sticky":false,"template":"","format":"standard","meta":[],"categories":[19],"tags":[],"_links":{"self":[{"href":"http:\/\/hoycordobaweb.com\/index.php\/wp-json\/wp\/v2\/posts\/17998"}],"collection":[{"href":"http:\/\/hoycordobaweb.com\/index.php\/wp-json\/wp\/v2\/posts"}],"about":[{"href":"http:\/\/hoycordobaweb.com\/index.php\/wp-json\/wp\/v2\/types\/post"}],"author":[{"embeddable":true,"href":"http:\/\/hoycordobaweb.com\/index.php\/wp-json\/wp\/v2\/users\/1"}],"replies":[{"embeddable":true,"href":"http:\/\/hoycordobaweb.com\/index.php\/wp-json\/wp\/v2\/comments?post=17998"}],"version-history":[{"count":0,"href":"http:\/\/hoycordobaweb.com\/index.php\/wp-json\/wp\/v2\/posts\/17998\/revisions"}],"wp:featuredmedia":[{"embeddable":true,"href":"http:\/\/hoycordobaweb.com\/index.php\/wp-json\/wp\/v2\/media\/17999"}],"wp:attachment":[{"href":"http:\/\/hoycordobaweb.com\/index.php\/wp-json\/wp\/v2\/media?parent=17998"}],"wp:term":[{"taxonomy":"category","embeddable":true,"href":"http:\/\/hoycordobaweb.com\/index.php\/wp-json\/wp\/v2\/categories?post=17998"},{"taxonomy":"post_tag","embeddable":true,"href":"http:\/\/hoycordobaweb.com\/index.php\/wp-json\/wp\/v2\/tags?post=17998"}],"curies":[{"name":"wp","href":"https:\/\/api.w.org\/{rel}","templated":true}]}}