{"id":1798,"date":"2020-09-17T16:39:00","date_gmt":"2020-09-17T16:39:00","guid":{"rendered":"http:\/\/hoycordobaweb.com\/index.php\/2020\/09\/17\/preparan-un-proyecto-de-ley-para-prohibir-los-certificados-de-virginidad\/"},"modified":"2020-09-17T16:39:00","modified_gmt":"2020-09-17T16:39:00","slug":"preparan-un-proyecto-de-ley-para-prohibir-los-certificados-de-virginidad","status":"publish","type":"post","link":"http:\/\/hoycordobaweb.com\/index.php\/2020\/09\/17\/preparan-un-proyecto-de-ley-para-prohibir-los-certificados-de-virginidad\/","title":{"rendered":"Preparan un proyecto de ley para prohibir los \u00abcertificados de virginidad\u00bb"},"content":{"rendered":"<p><img src=\"http:\/\/hoycordobaweb.com\/wp-content\/uploads\/2020\/09\/preparan-un-proyecto-de-ley-para-prohibir-los-certificados-de-virginidad.jpg\"><\/p>\n<div class=\"image\" id=\"image\" readability=\"7\"> <img src=\"http:\/\/hoycordobaweb.com\/wp-content\/uploads\/2020\/09\/preparan-un-proyecto-de-ley-para-prohibir-los-certificados-de-virginidad-2.jpg\" alt=\"El ministro Darmanin anunci\u00f3 el proyecto el pasado 6 de septiembre. \" title=\"El ministro Darmanin anunci\u00f3 el proyecto el pasado 6 de septiembre. \"><\/p>\n<p>El ministro Darmanin anunci\u00f3 el proyecto el pasado 6 de septiembre. <\/p>\n<\/div>\n<p>Francia prepara un proyecto de ley \u00abcontra los separatismos\u00bb que incluye una propuesta para penalizar la emisi\u00f3n de \u00abcertificados de virginidad\u00bb, en medio de un debate entre quienes sostienen que es un anacronismo y quienes se\u00f1alan que el papel, en algunos casos, puede salvar vidas.&nbsp;<\/p>\n<p>Los certificados ya no son tan comunes en Francia, aunque <strong>sigue habiendo peticiones y m\u00e9dicos que se prestan a ello pese a que los colegios profesionales se oponen<\/strong>.<\/p>\n<p>En general, las solicitantes son mujeres j\u00f3venes que quieren casarse, casi siempre fuera de Francia, y necesitan el papel para tranquilizar a la familia del novio o a su propio padre.&nbsp;<\/p>\n<blockquote readability=\"6\">\n<p>\u00abNunca se debe aceptar que las leyes de la religi\u00f3n sean superiores a las leyes de la Rep\u00fablica\u00bb<span class=\"comilla\">\u201d<\/span><\/p>\n<p><span>Emmanuel Macron<\/span><\/p>\n<\/blockquote>\n<p>El proyecto de ley, que <strong>ser\u00e1 votado cuando el parlamento franc\u00e9s retome la actividad tras el receso de verano<\/strong>, est\u00e1 destinado a evitar que ciertos grupos radicales se encierren en torno a afiliaciones \u00e9tnicas o religiosas, seg\u00fan el ministro de interior, G\u00e9rald Darmanin.&nbsp;<\/p>\n<p>\u00abAlgunos m\u00e9dicos todav\u00eda se atreven a certificar que una mujer es virgen para permitir un matrimonio religioso, a pesar de la condena de estas pr\u00e1cticas por el Consejo de la Orden de M\u00e9dicos\u00bb, expres\u00f3 Darmanin al anunciar el proyecto en una entrevista con el diario Le Parisien, el pasado 6 de septiembre.&nbsp;<\/p>\n<p>Dos d\u00edas antes, el presidente, Emmanuel Macron, hab\u00eda advertido que en Francia \u00abnunca se debe aceptar que las leyes de la religi\u00f3n sean superiores a las leyes de la Rep\u00fablica\u00bb.<\/p>\n<p>La posici\u00f3n tajante del mandatario choca con la posici\u00f3n de algunos profesionales de la salud.<\/p>\n<blockquote readability=\"6\">\n<p>El ministro Darmanin agreg\u00f3 que no solo se va a prohibir la pr\u00e1ctica sino que adem\u00e1s se buscar\u00e1 imponer sanciones a quienes las realicen.<span class=\"comilla\">\u201d<\/span><\/p>\n<\/blockquote>\n<p>La <strong>Presidenta del Colegio Nacional de Ginec\u00f3logos y Obstetras Franceses<\/strong>, Jo\u00eblle Belaisch-Allart, dice que \u00abson casos extremadamente raros, pero existen y son esencialmente solicitudes de origen religioso\u00bb.<\/p>\n<p>Para la <strong>Asociaci\u00f3n Nacional de Centros de Aborto y Anticoncepci\u00f3n<\/strong>, el Gobierno \u00abse equivoca en su objetivo yendo tras los profesionales de la salud. En todo caso, la solicitud de este certificado es una oportunidad para recibir, evaluar la situaci\u00f3n y discutir estas pr\u00e1cticas con la mujer\u00bb.<\/p>\n<p>En ese sentido, Ghada Hatem, ginec\u00f3loga y creadora del <strong>Hogar de Mujeres de Saint Denis<\/strong>, explic\u00f3 que cuando la que le pide el certificado es una mujer con recursos \u00abque puede arregl\u00e1rselas sin \u00e9l\u00bb rechaza emitirlo.&nbsp;<\/p>\n<blockquote readability=\"6\">\n<p>\u00abSi la consigna de un certificado de virginidad es el \u00fanico modo\u00bb de proteger a una mujer \u00ablo hago y tomo la responsabilidad\u00bb<span class=\"comilla\">\u201d<\/span><\/p>\n<p><span>Ghada Hatem<\/span><\/p>\n<\/blockquote>\n<p>\u00abLe explico, le hablo de los derechos de las mujeres, de las batallas de generaciones para que las mujeres puedan disponer de sus cuerpos\u00bb, sostuvo en declaraciones al diario Le Monde.<\/p>\n<p>Pero, en ciertos casos, \u00abespecialmente en las j\u00f3venes, mi prioridad sobre todo es protegerlas. Y si la consigna de un certificado de virginidad es el \u00fanico modo, lo hago y tomo la responsabilidad\u00bb, complet\u00f3.&nbsp;<\/p>\n<p>En la misma l\u00ednea, Isabelle Derredinger, secretaria general de la <strong>Orden de Obstetras<\/strong>, subray\u00f3 que \u00abcertificar la virginidad es una nimiedad anat\u00f3mica, pero no disponer este documento puede llevar a poner en peligro a las mujeres\u00bb. <\/p>\n","protected":false},"excerpt":{"rendered":"<p>El ministro Darmanin anunci\u00f3 el proyecto el pasado 6 de septiembre. Francia prepara un proyecto de ley \u00abcontra los separatismos\u00bb que incluye una propuesta para penalizar la emisi\u00f3n de \u00abcertificados de virginidad\u00bb, en medio de un debate entre quienes sostienen que es un anacronismo y quienes se\u00f1alan que el papel, en algunos casos, puede salvar [&hellip;]<\/p>\n","protected":false},"author":1,"featured_media":1799,"comment_status":"open","ping_status":"closed","sticky":false,"template":"","format":"standard","meta":[],"categories":[24],"tags":[],"_links":{"self":[{"href":"http:\/\/hoycordobaweb.com\/index.php\/wp-json\/wp\/v2\/posts\/1798"}],"collection":[{"href":"http:\/\/hoycordobaweb.com\/index.php\/wp-json\/wp\/v2\/posts"}],"about":[{"href":"http:\/\/hoycordobaweb.com\/index.php\/wp-json\/wp\/v2\/types\/post"}],"author":[{"embeddable":true,"href":"http:\/\/hoycordobaweb.com\/index.php\/wp-json\/wp\/v2\/users\/1"}],"replies":[{"embeddable":true,"href":"http:\/\/hoycordobaweb.com\/index.php\/wp-json\/wp\/v2\/comments?post=1798"}],"version-history":[{"count":0,"href":"http:\/\/hoycordobaweb.com\/index.php\/wp-json\/wp\/v2\/posts\/1798\/revisions"}],"wp:featuredmedia":[{"embeddable":true,"href":"http:\/\/hoycordobaweb.com\/index.php\/wp-json\/wp\/v2\/media\/1799"}],"wp:attachment":[{"href":"http:\/\/hoycordobaweb.com\/index.php\/wp-json\/wp\/v2\/media?parent=1798"}],"wp:term":[{"taxonomy":"category","embeddable":true,"href":"http:\/\/hoycordobaweb.com\/index.php\/wp-json\/wp\/v2\/categories?post=1798"},{"taxonomy":"post_tag","embeddable":true,"href":"http:\/\/hoycordobaweb.com\/index.php\/wp-json\/wp\/v2\/tags?post=1798"}],"curies":[{"name":"wp","href":"https:\/\/api.w.org\/{rel}","templated":true}]}}