{"id":17947,"date":"2021-04-16T22:17:59","date_gmt":"2021-04-16T22:17:59","guid":{"rendered":"http:\/\/ladecimaweb.com\/?p=9255"},"modified":"2021-04-16T22:17:59","modified_gmt":"2021-04-16T22:17:59","slug":"israel-vuelve-a-la-normalidad-y-el-uso-del-barbijo-al-aire-libre-deja-de-ser-obligatorio","status":"publish","type":"post","link":"http:\/\/hoycordobaweb.com\/index.php\/2021\/04\/16\/israel-vuelve-a-la-normalidad-y-el-uso-del-barbijo-al-aire-libre-deja-de-ser-obligatorio\/","title":{"rendered":"Israel vuelve a la normalidad y el uso del barbijo al aire libre deja de ser obligatorio"},"content":{"rendered":"<p><em>(Agencia Ansa)<\/em> En <strong>un nuevo paso del regreso a la normalidad,<\/strong>\u00a0<strong>desde el pr\u00f3ximo domingo los israel\u00edes podr\u00e1n permanecer sin barbijos en lugares al aire libre<\/strong>. Adem\u00e1s,\u00a0<strong>el sistema educativo volver\u00e1 a funcionar en su totalidad<\/strong>\u00a0despu\u00e9s de m\u00e1s de un a\u00f1o:\u00a0<strong>todos los chicos volver\u00e1n de forma presencial a sus aulas, sin m\u00e1s burbujas.<\/strong><\/p>\n<p>As\u00ed lo informaron este jueves los medios de prensa local que citaron una directiva del Ministerio de Salud. La normativa fue introducida hace casi un a\u00f1o con el fin de evitar la propagaci\u00f3n del Covid-19. En vigor queda en cambio<strong>\u00a0el uso obligatorio de la mascarilla en lugares cerrados.<\/strong><\/p>\n<p>Las autoridades sanitarias israel\u00edes adoptaron esa medida a ra\u00edz de que,\u00a0<strong>con el 61,7% de la poblaci\u00f3n vacunada con al menos una dosis, el pa\u00eds se encamina a la inmunidad colectiva\u00a0<\/strong>y gracias a ello, hasta la fecha en Israel hay\u00a0<strong>menos de 200 contagiados por d\u00eda<\/strong>\u00a0y la positividad de los test ha bajado al notable m\u00ednimo de 0,3%.<\/p>\n<p><img loading=\"lazy\" class=\" wp-image-9256 aligncenter\" src=\"http:\/\/hoycordobaweb.com\/wp-content\/uploads\/2021\/04\/israel-vuelve-a-la-normalidad-y-el-uso-del-barbijo-al-aire-libre-deja-de-ser-obligatorio.jpg\" alt=\"\" width=\"562\" height=\"375\" srcset=\"http:\/\/hoycordobaweb.com\/wp-content\/uploads\/2021\/04\/israel-vuelve-a-la-normalidad-y-el-uso-del-barbijo-al-aire-libre-deja-de-ser-obligatorio.jpg 879w, http:\/\/hoycordobaweb.com\/wp-content\/uploads\/2021\/04\/israel-vuelve-a-la-normalidad-y-el-uso-del-barbijo-al-aire-libre-deja-de-ser-obligatorio-1.jpg 666w, http:\/\/hoycordobaweb.com\/wp-content\/uploads\/2021\/04\/israel-vuelve-a-la-normalidad-y-el-uso-del-barbijo-al-aire-libre-deja-de-ser-obligatorio-2.jpg 768w\" sizes=\"(max-width: 562px) 100vw, 562px\" \/><\/p>\n<p><strong>De los 9 millones de habitantes, cerca de 5,3 millones de personas fueron inoculadas<\/strong>. As\u00ed lo informaron fuentes del Ministerio de Salud, citadas por el The Jerusalem Post.<\/p>\n<p>La gran mayor\u00eda de expertos coincide en que el riesgo de contraer el coronavirus al aire libre es muy limitado.<strong>\u00a0\u201cSabemos que usar m\u00e1scaras al aire libre no es tan efectivo como hacerlo en el interior\u201d<\/strong>, dijo el doctor Eyal Leshem, director del Centro de Medicina del Viaje y Enfermedades Tropicales del Centro M\u00e9dico Sheba, Tel Hashomer. \u201cAdem\u00e1s, vemos que muchas personas ya no usan m\u00e1scaras de todos modos. Por lo tanto, en este punto, con un n\u00famero bajo de casos\u00a0<strong>y una mayor\u00eda de la poblaci\u00f3n vacunada o recuperada<\/strong>, tendr\u00eda sentido desde las perspectivas epidemiol\u00f3gica y de salud p\u00fablica eliminar el requisito \u201c.<\/p>\n<p><strong>Israel tiene actualmente solo 3000 casos activos de coronavirus. <\/strong>En el pico de la pandemia, hubo decenas de miles.<\/p>\n<p><strong>\u201dLos barbijos est\u00e1n destinados a protegernos del coronavirus\u201d, dijo el ministro de Salud israel\u00ed, Yuli Edelstein.<\/strong>\u00a0\u201cDespu\u00e9s de que nuestros profesionales de la salud llegaron a la conclusi\u00f3n de que ya no son necesarios al aire libre,\u00a0<strong>decid\u00ed permitirlo de acuerdo con su recomendaci\u00f3n<\/strong>\u201d.<\/p>\n<p>\u201dEl nivel de morbilidad en Israel es muy bajo gracias a nuestra exitosa campa\u00f1a de vacunaci\u00f3n y, por lo tanto, podemos aliviar m\u00e1s restricciones para ustedes, ciudadanos de Israel\u201d, dijo.\u00a0<strong>\u201cLes pido que todav\u00eda lleven barbijo para poder entrar a edificios cerrados. Juntos mantendremos baja la morbilidad\u201d.<\/strong><\/p>\n<p>&nbsp;<\/p>\n<div class=\"ubm_banner\"><a href=\"https:\/\/www.youtube.com\/watch?v=4MQW8zM648g\" target=\"_blank\" rel=\"dofollow noopener noreferrer\"><img src=\"http:\/\/hoycordobaweb.com\/wp-content\/uploads\/2021\/04\/israel-vuelve-a-la-normalidad-y-el-uso-del-barbijo-al-aire-libre-deja-de-ser-obligatorio.gif\" alt=\"\"><\/a><\/div>\n<p>&nbsp;<\/p>\n<p>La entrada <a rel=\"nofollow\" href=\"https:\/\/ladecimaweb.com\/israel-vuelve-a-la-normalidad-y-el-uso-del-barbijo-al-aire-libre-deja-de-ser-obligatorio\/\">Israel vuelve a la normalidad y el uso del barbijo al aire libre deja de ser obligatorio<\/a> se public\u00f3 primero en <a rel=\"nofollow\" href=\"https:\/\/ladecimaweb.com\">LaDecima<\/a>.<\/p>\n","protected":false},"excerpt":{"rendered":"<p>(Agencia Ansa) En un nuevo paso del regreso a la normalidad,\u00a0desde el pr\u00f3ximo domingo los israel\u00edes podr\u00e1n permanecer sin barbijos en lugares al aire libre. Adem\u00e1s,\u00a0el sistema educativo volver\u00e1 a funcionar en su totalidad\u00a0despu\u00e9s de m\u00e1s de un a\u00f1o:\u00a0todos los chicos volver\u00e1n de forma presencial a sus aulas, sin m\u00e1s burbujas. As\u00ed lo informaron este [&hellip;]<\/p>\n","protected":false},"author":1,"featured_media":17948,"comment_status":"closed","ping_status":"closed","sticky":false,"template":"","format":"standard","meta":[],"categories":[19],"tags":[],"_links":{"self":[{"href":"http:\/\/hoycordobaweb.com\/index.php\/wp-json\/wp\/v2\/posts\/17947"}],"collection":[{"href":"http:\/\/hoycordobaweb.com\/index.php\/wp-json\/wp\/v2\/posts"}],"about":[{"href":"http:\/\/hoycordobaweb.com\/index.php\/wp-json\/wp\/v2\/types\/post"}],"author":[{"embeddable":true,"href":"http:\/\/hoycordobaweb.com\/index.php\/wp-json\/wp\/v2\/users\/1"}],"replies":[{"embeddable":true,"href":"http:\/\/hoycordobaweb.com\/index.php\/wp-json\/wp\/v2\/comments?post=17947"}],"version-history":[{"count":0,"href":"http:\/\/hoycordobaweb.com\/index.php\/wp-json\/wp\/v2\/posts\/17947\/revisions"}],"wp:featuredmedia":[{"embeddable":true,"href":"http:\/\/hoycordobaweb.com\/index.php\/wp-json\/wp\/v2\/media\/17948"}],"wp:attachment":[{"href":"http:\/\/hoycordobaweb.com\/index.php\/wp-json\/wp\/v2\/media?parent=17947"}],"wp:term":[{"taxonomy":"category","embeddable":true,"href":"http:\/\/hoycordobaweb.com\/index.php\/wp-json\/wp\/v2\/categories?post=17947"},{"taxonomy":"post_tag","embeddable":true,"href":"http:\/\/hoycordobaweb.com\/index.php\/wp-json\/wp\/v2\/tags?post=17947"}],"curies":[{"name":"wp","href":"https:\/\/api.w.org\/{rel}","templated":true}]}}