{"id":17941,"date":"2021-04-18T00:56:15","date_gmt":"2021-04-18T00:56:15","guid":{"rendered":"http:\/\/hoycordobaweb.com\/index.php\/2021\/04\/18\/the-witcher-blood-origin-revelan-la-fecha-de-inicio-de-produccion-de-la-precuela\/"},"modified":"2021-04-18T00:56:15","modified_gmt":"2021-04-18T00:56:15","slug":"the-witcher-blood-origin-revelan-la-fecha-de-inicio-de-produccion-de-la-precuela","status":"publish","type":"post","link":"http:\/\/hoycordobaweb.com\/index.php\/2021\/04\/18\/the-witcher-blood-origin-revelan-la-fecha-de-inicio-de-produccion-de-la-precuela\/","title":{"rendered":"The Witcher: Blood Origin: Revelan la fecha de inicio de producci\u00f3n de la precuela"},"content":{"rendered":"<p>Mientras los fieles fan\u00e1ticos de la serie esperan, est\u00e1n recibiendo buenas noticias sobre la precuela del drama de <b>Netflix<\/b>, The Witcher: Blood Origin,&nbsp;&#8230; <\/p>\n","protected":false},"excerpt":{"rendered":"<p>Mientras los fieles fan\u00e1ticos de la serie esperan, est\u00e1n recibiendo buenas noticias sobre la precuela del drama de Netflix, The Witcher: Blood Origin,&nbsp;&#8230;<\/p>\n","protected":false},"author":1,"featured_media":0,"comment_status":"closed","ping_status":"closed","sticky":false,"template":"","format":"standard","meta":[],"categories":[23],"tags":[],"_links":{"self":[{"href":"http:\/\/hoycordobaweb.com\/index.php\/wp-json\/wp\/v2\/posts\/17941"}],"collection":[{"href":"http:\/\/hoycordobaweb.com\/index.php\/wp-json\/wp\/v2\/posts"}],"about":[{"href":"http:\/\/hoycordobaweb.com\/index.php\/wp-json\/wp\/v2\/types\/post"}],"author":[{"embeddable":true,"href":"http:\/\/hoycordobaweb.com\/index.php\/wp-json\/wp\/v2\/users\/1"}],"replies":[{"embeddable":true,"href":"http:\/\/hoycordobaweb.com\/index.php\/wp-json\/wp\/v2\/comments?post=17941"}],"version-history":[{"count":0,"href":"http:\/\/hoycordobaweb.com\/index.php\/wp-json\/wp\/v2\/posts\/17941\/revisions"}],"wp:attachment":[{"href":"http:\/\/hoycordobaweb.com\/index.php\/wp-json\/wp\/v2\/media?parent=17941"}],"wp:term":[{"taxonomy":"category","embeddable":true,"href":"http:\/\/hoycordobaweb.com\/index.php\/wp-json\/wp\/v2\/categories?post=17941"},{"taxonomy":"post_tag","embeddable":true,"href":"http:\/\/hoycordobaweb.com\/index.php\/wp-json\/wp\/v2\/tags?post=17941"}],"curies":[{"name":"wp","href":"https:\/\/api.w.org\/{rel}","templated":true}]}}