{"id":17915,"date":"2021-04-17T03:01:00","date_gmt":"2021-04-17T03:01:00","guid":{"rendered":"http:\/\/hoycordobaweb.com\/index.php\/2021\/04\/17\/punto-azul-un-nuevo-museo-que-llega-el-corazon-de-la-provincia-de-buenos-aires\/"},"modified":"2021-04-17T03:01:00","modified_gmt":"2021-04-17T03:01:00","slug":"punto-azul-un-nuevo-museo-que-llega-el-corazon-de-la-provincia-de-buenos-aires","status":"publish","type":"post","link":"http:\/\/hoycordobaweb.com\/index.php\/2021\/04\/17\/punto-azul-un-nuevo-museo-que-llega-el-corazon-de-la-provincia-de-buenos-aires\/","title":{"rendered":"Punto Azul: un nuevo museo que llega el coraz\u00f3n de la provincia de Buenos Aires"},"content":{"rendered":"<p><img src=\"http:\/\/hoycordobaweb.com\/wp-content\/uploads\/2021\/04\/punto-azul-un-nuevo-museo-que-llega-el-corazon-de-la-provincia-de-buenos-aires.jpg\"><\/p>\n<div class=\"image\" id=\"image\" readability=\"11\"> <img src=\"http:\/\/hoycordobaweb.com\/wp-content\/uploads\/2021\/04\/punto-azul-un-nuevo-museo-que-llega-el-corazon-de-la-provincia-de-buenos-aires-2.jpg\" alt=\"As\u00ed se ver\u00e1 el Museo Punta Azul, en Sierras Bayas, una localidad de siete mil habitantes, a quince minutos de Olavarr\u00eda.\" title=\"As\u00ed se ver\u00e1 el Museo Punta Azul, en Sierras Bayas, una localidad de siete mil habitantes, a quince minutos de Olavarr\u00eda.\"><\/p>\n<p>As\u00ed se ver\u00e1 el Museo Punta Azul, en Sierras Bayas, una localidad de siete mil habitantes, a quince minutos de Olavarr\u00eda.<\/p>\n<\/div>\n<p>Sobre sus espaldas el artista olavarriense tiene una rica trayectoria vinculada con la gesti\u00f3n de espacios culturales, como el Museo de Arte de la ciudad de Azul -que dirigi\u00f3 durante diez a\u00f1os-, la direcci\u00f3n del Museo Provincial de Bellas Artes Emilio Pettoruti de La Plata y la Direcci\u00f3n de Artes Visuales de la Provincia en 2007.<\/p>\n<p>Y ahora, <strong>a sus 43 a\u00f1os, <a href=\"http:\/\/olivadrysarte.com\/\" target=\"_blank\" rel=\"noopener noreferrer\">Silvio Oliva Drys<\/a> enfrenta una de sus mayores desaf\u00edos:<\/strong> estar\u00e1 a cargo de la pr\u00f3xima inauguraci\u00f3n del Museo Punto Azul, un espacio cultural que conjuga su experimentada mirada sobre gesti\u00f3n cultural con la vasta colecci\u00f3n de m\u00e1s de 600 obras que ha reunido a lo largo de un cuarto de siglos y que, asume, \u201cson distintas formas de verse y encontrarse\u201d.<\/p>\n<div class=\"image\" id=\"image\" readability=\"8\"> <img src=\"http:\/\/hoycordobaweb.com\/wp-content\/uploads\/2021\/04\/punto-azul-un-nuevo-museo-que-llega-el-corazon-de-la-provincia-de-buenos-aires-3.jpg\" alt=\"El nuevo museo contar\u00e1 con m\u00e1s de 600 obras reunidas por Oliva Drys a lo largo de un cuarto de siglo.\" title=\"El nuevo museo contar\u00e1 con m\u00e1s de 600 obras reunidas por Oliva Drys a lo largo de un cuarto de siglo.\"><\/p>\n<p>El nuevo museo contar\u00e1 con m\u00e1s de 600 obras reunidas por Oliva Drys a lo largo de un cuarto de siglo.<\/p>\n<\/div>\n<p>El nuevo museo, que tendr\u00e1 <strong>su sede en la localidad de Sierras Bayas, partido de Olavarr\u00eda,<\/strong> ser\u00e1 distinguido con la llegada de la colecci\u00f3n del artista y editor alem\u00e1n Wolfgang Luh, de la ciudad de Kassel, lugar donde se gradu\u00f3 como editor y se especializ\u00f3 en Bellas Artes. La recopilaci\u00f3n est\u00e1 compuesta por un repertorio de objetos muy particulares \u201creunidos con audios y voces, expuestos de determinada y espec\u00edfica forma, nos remite y lleva a otros lenguajes y formas de percepci\u00f3n\u201d, relata Oliva Drys.<\/p>\n<p>El artista, que tambi\u00e9n conduce un espacio cultural en la ciudad de Azul bautizado con su mismo nombre <strong>\u201cOliva Drys Espacio de Arte\u201d<\/strong>, confes\u00f3 que en su profesi\u00f3n tuvo la suerte de conocer a personalidades del mundo art\u00edstico y cultural. Una de ellas es <a href=\"https:\/\/www.aberastury.com.ar\/\" target=\"_blank\" rel=\"noopener noreferrer\">Gabriela Aberastury<\/a>, pintora y grabadora de gran trayectoria en Argentina y que fuera&nbsp; becada en la ciudad de Kassel por el Fondo Nacional de Artes en Alemania. Ella supo del proyecto Punto Azul Museo y fue un puente entre Olavarr\u00eda y Kassel, \u201cenriqueciendo con sus propuestas y su visi\u00f3n\u201d, revel\u00f3 Oliva Drys en charla con T\u00e9lam<\/p>\n<div class=\"image-left\" readability=\"8\"> <img src=\"http:\/\/hoycordobaweb.com\/wp-content\/uploads\/2021\/04\/punto-azul-un-nuevo-museo-que-llega-el-corazon-de-la-provincia-de-buenos-aires-4.jpg\" alt=\"Silvio Oliva Drys, hijo pr\u00f3digo de Olavarr\u00eda.\" title=\"Silvio Oliva Drys, hijo pr\u00f3digo de Olavarr\u00eda.\"><\/p>\n<p>Silvio Oliva Drys, hijo pr\u00f3digo de Olavarr\u00eda.<\/p>\n<\/div>\n<p><strong>-Silvio,\u00bfqu\u00e9 propone Punto Azul Museo en una peque\u00f1a localidad como Sierras Bayas?<\/strong><\/p>\n<p>-Un nuevo desaf\u00edo que no es circunstancial sino que es parte de todo un trabajo que va encontrando su sentido. No de existencia ya que eso para m\u00ed est\u00e1 muy claro, sino un sentido m\u00e1s bien de pertenencia; de mirar el potencial de una localidad, de interpretar al arte como un factor de desarrollo cultural desde un espacio tan rico en su historia. <strong>Con propuestas tur\u00edsticas propias del Sistema de Tandilia -las sierras m\u00e1s antiguas de la Argentina- que une Mar del Plata, Tandil, Balcarce, Benito Ju\u00e1rez, Olavarr\u00eda, Sierras Bayas y Azul.<\/strong><\/p>\n<p>Hay muchas peque\u00f1as localidades del centro de la provincia de Buenos Aires que tienen todo por ofrecer. En fin, lo que pretendo generar desde Punto Azul b\u00e1sicamente, es descentralizar que es una palabra que se usa mucho y se aplica poco.<\/p>\n<p><strong>-La colecci\u00f3n de Wolfgang Luh sin dudas ser\u00e1 protagonista en Punto Azul Museo. \u00bfQu\u00e9 otras obras se van a exhibir all\u00ed?<\/strong><\/p>\n<p>-El museo tendr\u00e1 como patrimonio -y se exhibir\u00e1 alternadamente- la colecci\u00f3n que he ido reuniendo desde hace 25 a\u00f1os, constituida por representantes del arte argentino cuyos nombres son parte ya de la historia como Claro Bettinelli, Leopoldo Presas, Norberto Onofrio, C\u00e9sar L\u00f3pez Claro, Carlos Giambiagi, Zdravko Du\u010dmeli\u0107, Ana Tarsia, Jes\u00fas Marcos y V\u00edctor Chab, entre otros.<\/p>\n<p>Tambi\u00e9n una <strong>visibilizaci\u00f3n de grandes creadores que son del interior de la provincia<\/strong> como Emilio Reato, Nicol\u00e1s Hernandorena, Mauricio Nizzero, Malena L\u00f3pez Aranguren, Cristina Fresca, Andr\u00e9s Garavelli, Benjam\u00edn Aitala y Osvaldo Morua. Habr\u00e1 dos salas dedicadas a Gabriela Aberastury y Norma Bessouet y otra que tendr\u00e1 el nombre de un gran maestro de la pintura como lo fue Eolo Pons. Por supuesto que toda colecci\u00f3n implica un recorte, una mirada, pero he tenido suficientes aportes y opiniones que me han ayudado a organizarla, a crearla. Nada estar\u00e1 como algo estanco o permanente sino con propuestas curatoriales cuyos contenidos o tem\u00e1ticas se ir\u00e1n desarrollando de acuerdo a diversos criterios.<\/p>\n<div class=\"image-right\" readability=\"7\"> <img src=\"http:\/\/hoycordobaweb.com\/wp-content\/uploads\/2021\/04\/punto-azul-un-nuevo-museo-que-llega-el-corazon-de-la-provincia-de-buenos-aires-5.jpg\" alt=\"Punto Azul se integrar\u00e1 al paisaje de las sierras.\" title=\"Punto Azul se integrar\u00e1 al paisaje de las sierras.\"><\/p>\n<p>Punto Azul se integrar\u00e1 al paisaje de las sierras.<\/p>\n<\/div>\n<p><strong>-No son solo pinturas las obras que van a estar expuestas en las salas, \u00bfqu\u00e9 otra disciplina tendr\u00e1 su espacio en la exhibici\u00f3n?<\/strong><\/p>\n<p>-El material gr\u00e1fico es algo que me interesa mucho. Los afiches de exposiciones que hablan de museos, galer\u00edas, instituciones diversas y todo un circuito en el que se difund\u00edan actividades y artistas. Algo que es raro encontrar reunido y mucho m\u00e1s en exhibici\u00f3n y esto es parte de la colecci\u00f3n. Es curioso porque todo ese material expresa muchas cosas, no solo la actividad en s\u00ed misma sino que tambi\u00e9n reflejan criterios de dise\u00f1o, formatos, lugares que alguna vez fueron emblem\u00e1ticos, realizaciones en talleres o imprentas, entre mucho m\u00e1s. <strong>De este recorte de la colecci\u00f3n hay casi 200 afiches que van desde la d\u00e9cada del 50 al 2000<\/strong>. Algo as\u00ed como poder ver 50 a\u00f1os de testimonios silenciosos que habitaron paredes para la vista p\u00fablica, locales comerciales y todo esto en un tiempo en el que la tecnolog\u00eda actual era absolutamente impensada.<\/p>\n<p>Otro aspecto de la colecci\u00f3n son<strong> los paisajes de diversos artistas<\/strong>, como Pablo Su\u00e1rez, Carlos Ca\u00f1\u00e1s, Julio Barrag\u00e1n y Daniel Fitte, gran artista de Sierras Bayas. <strong>Siempre digo que para Fitte Sierras Bayas es lo que a Quinquela signific\u00f3 La Boca.<\/strong><\/p>\n<p>La escultura tambi\u00e9n tendr\u00e1 su preponderancia con obras de Leo Vinci, Rafael Martin, Vilma Villaverde, y un gran maestro: Leo Tavella, cuyo reconocimiento internacional, es para destacar y hasta dimensionar. Esto habitar\u00e1 un espacio espec\u00edfico como lo es un patio dedicado a la escultura.<\/p>\n<p>No son solo pinturas, esculturas o dem\u00e1s disciplinas sino tambi\u00e9n numerosos archivos y documentos constituidos por cat\u00e1logos y libros que no fueron de masiva circulaci\u00f3n. Cartas manuscritas, objetos muy poco usuales de mostrase como lo son las piedras litogr\u00e1ficas y chapas originales de grandes artistas como A\u00edda Carballo, entre otros.<\/p>\n<p><strong>La obra que llegar\u00e1 desde Alemania de Wolfgang Luh es otra cosa<\/strong> y es algo muy amplio para abordarlo en una breve respuesta. Es una colecci\u00f3n de objetos muy particulares que, reunidos con audios y voces, expuestos de determinada y espec\u00edfica forma, nos remite y lleva a otros lenguajes y formas de percepci\u00f3n. Esa confesi\u00f3n y reconocimiento a la instalaci\u00f3n llamada <strong>Vollversammlung de Wolfgang Luh <\/strong>me llena de orgullo. Tomar dimensi\u00f3n de su trascendencia me lleva a tener el anhelo que sea de curiosidad para, una vez instalada en Punto Azul Museo, recibir a muchos allegados al arte o interesados en vivir otra experiencia.<\/p>\n<div class=\"image-left\" readability=\"8\"> <img src=\"http:\/\/hoycordobaweb.com\/wp-content\/uploads\/2021\/04\/punto-azul-un-nuevo-museo-que-llega-el-corazon-de-la-provincia-de-buenos-aires-6.jpg\" alt=\"&quot;Historias de Extremadura&quot;, de Gabriela Aberastury.\" title=\"&quot;Historias de Extremadura&quot;, de Gabriela Aberastury.\"><\/p>\n<p>\u00abHistorias de Extremadura\u00bb, de Gabriela Aberastury.<\/p>\n<\/div>\n<p><strong>-Gabriela Aberastury es una artista de trascendencia en la movida cultural de Kassel&#8230;<\/strong><\/p>\n<p>-Gabriela Aberastury es una artista con una trayectoria extraordinaria y como suele suceder, hasta poco dimensionada, injusticias que el ambiente del arte tiene mucho en su historia. La conozco a partir haberla convocado a <strong>una muestra homenaje a Alicia Scavino en el Museo L\u00f3pez Claro de Azul en 2006<\/strong>. M\u00e1s de diez a\u00f1os despu\u00e9s, mi inter\u00e9s en una de sus pinturas llamada \u00abLa mil y una noches\u00bb, nos vuelve a poner en contacto. Gabriela no es solo una artista que ostenta los mayores premios y reconocimientos que otorga nuestro pa\u00eds y muchos otros donde ha estado, sino que es una gran visionaria.<\/p>\n<p>Creadora y productora en el inicio de Radio Cl\u00e1sica, gestion\u00f3 y concret\u00f3 muestras colectivas de artistas argentinos en el exterior, intercambios epistolares con Ray Bradbury, adem\u00e1s de ser la autora de la edici\u00f3n de \u00abEl Aleph\u00bb de Jorge Luis Borges -que considero como la m\u00e1s importante hasta el momento- realizada para bibli\u00f3filos; consta de solo 25 ejemplares y que, entre otros lugares, pertenece al acervo patrimonial de la Biblioteca de Boston.<\/p>\n<p>Reencontrarla fue tambi\u00e9n sentir cu\u00e1nto lamento que obras de grandes artistas como Aberastury o Bessouet est\u00e9n m\u00e1s afuera del pa\u00eds que representadas en nuestros museos o instituciones. Gabriela conoce el proyecto Punto Azul Museo y lo enriquece con sus propuestas y visi\u00f3n. Genera puentes, entre ellos el de Wolfgang Luh, que reside en Kassel, Alemania. Tambi\u00e9n con la donaci\u00f3n generosa de numeroso material y obras. Todo ello significa no solo un legado sino tambi\u00e9n una responsabilidad.<\/p>\n<div class=\"image-right\" readability=\"8\"> <img src=\"http:\/\/hoycordobaweb.com\/wp-content\/uploads\/2021\/04\/punto-azul-un-nuevo-museo-que-llega-el-corazon-de-la-provincia-de-buenos-aires-7.jpg\" alt=\"&quot;Inocencia&quot;, una cer\u00e1mica de Vilma Villaverde.\" title=\"&quot;Inocencia&quot;, una cer\u00e1mica de Vilma Villaverde.\"><\/p>\n<p>\u00abInocencia\u00bb, una cer\u00e1mica de Vilma Villaverde.<\/p>\n<\/div>\n<p><strong>-En cuanto a la construcci\u00f3n y puesta a punto de Punto Azul Museo, y siendo que habr\u00e1 profesionales involucrados de otro rubro, \u00bfpens\u00e1s darle una est\u00e9tica particular, algo que te gustar\u00eda que sea de determinada manera?<\/strong><\/p>\n<p>-Sierras Bayas tiene una fuerte impronta y el trabajo en equipo junto a G\u00e9nova Arquitectos y C- Z Arquitectos ha sido fundamental para este proyecto. La construcci\u00f3n donde se proyecta el museo es parte de un emplazamiento que en su origen fue un hogar y que hoy esas paredes construidas de piedra se preservan como identidad del nuevo espacio. <strong>Hemos concebido el proyecto de edificio como una integraci\u00f3n con el paisaje que lo circunda.<\/strong><\/p>\n<p>El trabajo de los picapedreros que a principios del siglo XX erigieron esas paredes se respeta y concibe como parte de la identidad del proyecto. <strong>Una construcci\u00f3n del pasado conviviendo con un criterio del siglo XXI.<\/strong> De los espacios de mi pa\u00eds que m\u00e1s me enorgullecen, es el Museo Casa Rosada o del Bicentenario, inaugurado en 2011, donde la convivencia de lo que se exhibe con la identidad del lugar y su historia, <strong>ha sido una referencia para proyectar Punto Azul Museo.<\/strong><\/p>\n<p><strong>-Imagino que tendr\u00e1s referentes que impulsaron tu rica trayectoria.<\/strong><\/p>\n<p>-Referentes ser\u00edan muchos nombres, de grandes artistas, amigos, ejemplos de gestiones o experiencias vivenciadas. Estudi\u00e9 docencia en la escuela de Bellas Artes de Azul, dirig\u00ed el Museo de Arte de esa ciudad durante diez a\u00f1os. Integr\u00e9 la catedra de Derecho Humanos coordinada por Monse\u00f1or Esteban Hesayne, lo cual fue un privilegio. Estuve a cargo de la direcci\u00f3n del Museo Provincial de Bellas Artes Emilio Pettoruti de La Plata y la Direcci\u00f3n de Artes Visuales de la Provincia en 2007. Todos y todo han contribuido de alguna forma a impulsar este proyecto.<\/p>\n<div class=\"image-left\" readability=\"8\"> <img src=\"http:\/\/hoycordobaweb.com\/wp-content\/uploads\/2021\/04\/punto-azul-un-nuevo-museo-que-llega-el-corazon-de-la-provincia-de-buenos-aires-8.jpg\" alt=\"&quot;Retornando&quot;, \u00f3leo de Ponciano C\u00e1rdenas.\" title=\"&quot;Retornando&quot;, \u00f3leo de Ponciano C\u00e1rdenas.\"><\/p>\n<p>\u00abRetornando\u00bb, \u00f3leo de Ponciano C\u00e1rdenas.<\/p>\n<\/div>\n<p><strong>-Con tantos a\u00f1os en el arte, \u00bflograste tener alguna colecci\u00f3n personal?<\/strong><\/p>\n<p>-Es complejo explicar c\u00f3mo est\u00e1 compuesta una colecci\u00f3n porque es como explicar la palabra pasi\u00f3n. He reunido m\u00e1s de 600 obras que hacen a formas de verse y encontrarse, una colecci\u00f3n en algo se parece a eso: un espejo donde mirarse. Ese espejo, entonces, pretende ser compartido.<\/p>\n<p><strong>-Entiendo que en esta disciplina existe un desaf\u00edo que subyace a la obra de arte en s\u00ed y al artista en general, que es, en parte, seducir o cautivar al p\u00fablico. A la hora de armar una exposici\u00f3n, \u00bften\u00e9s en cuenta qu\u00e9 artista o autor podr\u00eda llegar a convocar m\u00e1s gente o o simplemente es una elecci\u00f3n propia?<\/strong><\/p>\n<p>-Me gusta m\u00e1s pensarlo como una elecci\u00f3n personal y el inter\u00e9s est\u00e1 en querer compartirlo. Por mi trabajo y profesi\u00f3n de sentirme docente, gestor cultural y artista es que pienso en la construcci\u00f3n de un espacio donde se muestre, exhiba y permita una forma de estudio y difusi\u00f3n de las artes pl\u00e1sticas. Pensar en el p\u00fablico es importante; construir el inter\u00e9s de un potencial p\u00fablico me resulta un desaf\u00edo.<\/p>\n<p><strong>-En estos meses muchos museos en Europa han optado por la modalidad de streaming para mostrar sus obras.\u00bfConsider\u00e1s que podr\u00eda ser una posibilidad a futuro en tu museo en caso de que contin\u00fae la pandemia?<\/strong><\/p>\n<p>-Me gusta la pregunta porque me permite decir y compartir que esos dos formatos no solo ser\u00e1n necesarios sino imprescindibles para convivir. No porque tenga una mirada apocal\u00edptica del momento que vivimos y descrea del encuentro; siento que lo vamos a superar y las pol\u00edticas p\u00fablicas sobre la situaci\u00f3n actual las vivo como correctas y me dan m\u00e1s certezas y esperanzas.<\/p>\n<p>Esta experiencia debe dejarnos la mejor ense\u00f1anza posible. No se puede negar el impacto de los nuevos medios en las redes, en todo caso se deber\u00e1n aprovechar esas circunstancias. Es un momento de cambio de paradigmas, sobre los que podemos reflexionar. Mi intuici\u00f3n dice que trabajar\u00e9 para que la experiencia vivencial del encuentro con una obra sea posible, sin olvidar las dem\u00e1s herramientas virtuales. Y me remito a esa palabra, herramientas. Pienso tanto en aquellos que levantaron hace m\u00e1s de un siglo las paredes de lo que pronto ser\u00e1 un museo, como en la difusi\u00f3n o transmisi\u00f3n por una v\u00eda virtual. Punto Azul Museo no solo ser\u00e1 un lugar de exhibici\u00f3n sino tambi\u00e9n de investigaci\u00f3n.<\/p>\n","protected":false},"excerpt":{"rendered":"<p>As\u00ed se ver\u00e1 el Museo Punta Azul, en Sierras Bayas, una localidad de siete mil habitantes, a quince minutos de Olavarr\u00eda. Sobre sus espaldas el artista olavarriense tiene una rica trayectoria vinculada con la gesti\u00f3n de espacios culturales, como el Museo de Arte de la ciudad de Azul -que dirigi\u00f3 durante diez a\u00f1os-, la direcci\u00f3n [&hellip;]<\/p>\n","protected":false},"author":1,"featured_media":17916,"comment_status":"open","ping_status":"closed","sticky":false,"template":"","format":"standard","meta":[],"categories":[19],"tags":[],"_links":{"self":[{"href":"http:\/\/hoycordobaweb.com\/index.php\/wp-json\/wp\/v2\/posts\/17915"}],"collection":[{"href":"http:\/\/hoycordobaweb.com\/index.php\/wp-json\/wp\/v2\/posts"}],"about":[{"href":"http:\/\/hoycordobaweb.com\/index.php\/wp-json\/wp\/v2\/types\/post"}],"author":[{"embeddable":true,"href":"http:\/\/hoycordobaweb.com\/index.php\/wp-json\/wp\/v2\/users\/1"}],"replies":[{"embeddable":true,"href":"http:\/\/hoycordobaweb.com\/index.php\/wp-json\/wp\/v2\/comments?post=17915"}],"version-history":[{"count":0,"href":"http:\/\/hoycordobaweb.com\/index.php\/wp-json\/wp\/v2\/posts\/17915\/revisions"}],"wp:featuredmedia":[{"embeddable":true,"href":"http:\/\/hoycordobaweb.com\/index.php\/wp-json\/wp\/v2\/media\/17916"}],"wp:attachment":[{"href":"http:\/\/hoycordobaweb.com\/index.php\/wp-json\/wp\/v2\/media?parent=17915"}],"wp:term":[{"taxonomy":"category","embeddable":true,"href":"http:\/\/hoycordobaweb.com\/index.php\/wp-json\/wp\/v2\/categories?post=17915"},{"taxonomy":"post_tag","embeddable":true,"href":"http:\/\/hoycordobaweb.com\/index.php\/wp-json\/wp\/v2\/tags?post=17915"}],"curies":[{"name":"wp","href":"https:\/\/api.w.org\/{rel}","templated":true}]}}