{"id":17858,"date":"2021-04-16T22:32:39","date_gmt":"2021-04-16T22:32:39","guid":{"rendered":"http:\/\/ladecimaweb.com\/?p=9259"},"modified":"2021-04-16T22:32:39","modified_gmt":"2021-04-16T22:32:39","slug":"la-municipalidad-denuncio-penalmente-la-organizacion-de-fiestas-clandestinas","status":"publish","type":"post","link":"http:\/\/hoycordobaweb.com\/index.php\/2021\/04\/16\/la-municipalidad-denuncio-penalmente-la-organizacion-de-fiestas-clandestinas\/","title":{"rendered":"La municipalidad denunci\u00f3 penalmente la organizaci\u00f3n de fiestas clandestinas"},"content":{"rendered":"<p><em>(Prensa de gobierno)<\/em> La Municipalidad de C\u00f3rdoba present\u00f3 este viernes ante la Unidad Fiscal de Emergencia Sanitaria una <strong>denuncia penal vinculada a la organizaci\u00f3n de fiestas y reuniones de concurrencia masiva<\/strong> que, sin los permisos pertinentes por la crisis sanitaria derivada de la pandemia del Covid-19, se realizar\u00edan el fin de semana, convocadas por las redes sociales.<\/p>\n<p>\u201cLas fiestas clandestinas se ha convertido en una actividad de sumo riesgo para la salud de los cordobeses, por lo que entendemos que debemos utilizar todas las herramientas que est\u00e9n a nuestro alcance para <strong>trabajar en la prevenci\u00f3n y as\u00ed detectar y desactivar estos eventos\u201d, e<\/strong>xplic\u00f3 el director de Espect\u00e1culos P\u00fablicos, Julio Su\u00e1rez, responsable de presentar la denuncia.<\/p>\n<p><strong>El funcionario present\u00f3 pruebas de tres posibles eventos que tendr\u00edan lugar en los pr\u00f3ximos d\u00edas en la ciudad de C\u00f3rdoba<\/strong>, para que se investiguen los perfiles de redes sociales desde los cuales se realizan las convocatorias.<\/p>\n<p>\u201cDesde el municipio se puso el m\u00e1ximo esfuerzo y todos los recursos pertinentes para el <strong>control de este tipo de eventos, siendo necesaria la intervenci\u00f3n de la Fiscal\u00eda<\/strong> ante la probable comisi\u00f3n de una acci\u00f3n t\u00edpica que pueda dar origen a la aplicaci\u00f3n de una sanci\u00f3n, todo lo cual surgir\u00e1 de la investigaci\u00f3n\u201d, fundamenta la denuncia presentada.<\/p>\n<p>\u201cEl desarrollo de <strong>este tipo de convocatorias ha proliferado en este tiempo de restricciones de circulaci\u00f3n y de limitaci\u00f3n de actividades de esparcimiento en espacios cerrado<\/strong>s, siendo de dif\u00edcil control por parte de las autoridades de los distintos \u00e1mbitos gubernamentales, atento la informalidad de la convocatoria y la velocidad con que la misa discurre por las redes sociales\u201d, ampl\u00eda el escrito.<\/p>\n<p>&nbsp;<\/p>\n<div class=\"ubm_banner\"><a href=\"https:\/\/www.youtube.com\/watch?v=4MQW8zM648g\" target=\"_blank\" rel=\"dofollow noopener noreferrer\"><img src=\"http:\/\/hoycordobaweb.com\/wp-content\/uploads\/2021\/04\/la-municipalidad-denuncio-penalmente-la-organizacion-de-fiestas-clandestinas.gif\" alt=\"\"><\/a><\/div>\n<p>La entrada <a rel=\"nofollow\" href=\"https:\/\/ladecimaweb.com\/la-municipalidad-denuncio-penalmente-la-organizacion-de-fiestas-clandestinas\/\">La municipalidad denunci\u00f3 penalmente la organizaci\u00f3n de fiestas clandestinas<\/a> se public\u00f3 primero en <a rel=\"nofollow\" href=\"https:\/\/ladecimaweb.com\">LaDecima<\/a>.<\/p>\n","protected":false},"excerpt":{"rendered":"<p>(Prensa de gobierno) La Municipalidad de C\u00f3rdoba present\u00f3 este viernes ante la Unidad Fiscal de Emergencia Sanitaria una denuncia penal vinculada a la organizaci\u00f3n de fiestas y reuniones de concurrencia masiva que, sin los permisos pertinentes por la crisis sanitaria derivada de la pandemia del Covid-19, se realizar\u00edan el fin de semana, convocadas por las [&hellip;]<\/p>\n","protected":false},"author":1,"featured_media":17859,"comment_status":"closed","ping_status":"closed","sticky":false,"template":"","format":"standard","meta":[],"categories":[19],"tags":[],"_links":{"self":[{"href":"http:\/\/hoycordobaweb.com\/index.php\/wp-json\/wp\/v2\/posts\/17858"}],"collection":[{"href":"http:\/\/hoycordobaweb.com\/index.php\/wp-json\/wp\/v2\/posts"}],"about":[{"href":"http:\/\/hoycordobaweb.com\/index.php\/wp-json\/wp\/v2\/types\/post"}],"author":[{"embeddable":true,"href":"http:\/\/hoycordobaweb.com\/index.php\/wp-json\/wp\/v2\/users\/1"}],"replies":[{"embeddable":true,"href":"http:\/\/hoycordobaweb.com\/index.php\/wp-json\/wp\/v2\/comments?post=17858"}],"version-history":[{"count":0,"href":"http:\/\/hoycordobaweb.com\/index.php\/wp-json\/wp\/v2\/posts\/17858\/revisions"}],"wp:featuredmedia":[{"embeddable":true,"href":"http:\/\/hoycordobaweb.com\/index.php\/wp-json\/wp\/v2\/media\/17859"}],"wp:attachment":[{"href":"http:\/\/hoycordobaweb.com\/index.php\/wp-json\/wp\/v2\/media?parent=17858"}],"wp:term":[{"taxonomy":"category","embeddable":true,"href":"http:\/\/hoycordobaweb.com\/index.php\/wp-json\/wp\/v2\/categories?post=17858"},{"taxonomy":"post_tag","embeddable":true,"href":"http:\/\/hoycordobaweb.com\/index.php\/wp-json\/wp\/v2\/tags?post=17858"}],"curies":[{"name":"wp","href":"https:\/\/api.w.org\/{rel}","templated":true}]}}