{"id":17840,"date":"2021-04-16T14:10:24","date_gmt":"2021-04-16T14:10:24","guid":{"rendered":"http:\/\/fono.fcm.unc.edu.ar\/?p=5998"},"modified":"2021-04-16T14:10:24","modified_gmt":"2021-04-16T14:10:24","slug":"en-area-de-entrevistas-la-voz-desde-la-perspectiva-de-genero","status":"publish","type":"post","link":"http:\/\/hoycordobaweb.com\/index.php\/2021\/04\/16\/en-area-de-entrevistas-la-voz-desde-la-perspectiva-de-genero\/","title":{"rendered":"En \u00e1rea de entrevistas: La voz desde la perspectiva de g\u00e9nero"},"content":{"rendered":"<p><img loading=\"lazy\" class=\"size-medium wp-image-5942 alignright\" src=\"https:\/\/fono.fcm.unc.edu.ar\/wp-content\/uploads\/sites\/14\/2021\/04\/WhatsApp-Image-2021-04-09-at-17.21.51-300x213.jpeg\" alt width=\"300\" height=\"213\" srcset=\"https:\/\/fono.fcm.unc.edu.ar\/wp-content\/uploads\/sites\/14\/2021\/04\/WhatsApp-Image-2021-04-09-at-17.21.51-200x142.jpeg 200w, https:\/\/fono.fcm.unc.edu.ar\/wp-content\/uploads\/sites\/14\/2021\/04\/WhatsApp-Image-2021-04-09-at-17.21.51-300x214.jpeg 300w, https:\/\/fono.fcm.unc.edu.ar\/wp-content\/uploads\/sites\/14\/2021\/04\/WhatsApp-Image-2021-04-09-at-17.21.51-400x284.jpeg 400w, https:\/\/fono.fcm.unc.edu.ar\/wp-content\/uploads\/sites\/14\/2021\/04\/WhatsApp-Image-2021-04-09-at-17.21.51-600x426.jpeg 600w, https:\/\/fono.fcm.unc.edu.ar\/wp-content\/uploads\/sites\/14\/2021\/04\/WhatsApp-Image-2021-04-09-at-17.21.51-768x545.jpeg 768w, https:\/\/fono.fcm.unc.edu.ar\/wp-content\/uploads\/sites\/14\/2021\/04\/WhatsApp-Image-2021-04-09-at-17.21.51-800x568.jpeg 800w, https:\/\/fono.fcm.unc.edu.ar\/wp-content\/uploads\/sites\/14\/2021\/04\/WhatsApp-Image-2021-04-09-at-17.21.51-1024x726.jpeg 1024w, https:\/\/fono.fcm.unc.edu.ar\/wp-content\/uploads\/sites\/14\/2021\/04\/WhatsApp-Image-2021-04-09-at-17.21.51-1200x851.jpeg 1200w, https:\/\/fono.fcm.unc.edu.ar\/wp-content\/uploads\/sites\/14\/2021\/04\/WhatsApp-Image-2021-04-09-at-17.21.51.jpeg 1280w\" sizes=\"(max-width: 300px) 100vw, 300px\">Mes de la Voz en la Escuela de Fonoaudiolog\u00eda 2021<\/p>\n<p>Se aborda en esta charla el devenir hist\u00f3rico de las trasformaciones en la diversidad y el lugar que tuvo el g\u00e9nero en lo social. el Lic. en Fonoaudiolog\u00eda Luis Otero -Docente de la UBA- finalmente ofrece una propuesta de intervenciones fonoaudiol\u00f3gicas desde la perspectiva de G\u00e9nero.<\/p>\n<p>Invitamos a visitar el espacio <a href=\"https:\/\/fono.fcm.unc.edu.ar\/ciclo-de-entrevistas\/\" target=\"_blank\" rel=\"noopener noreferrer\">En \u00e1rea de entrevistas<\/a> en la p\u00e1gina web de la Escuela en donde se alojan entrevistas realizadas a distintos referentes abordando temas de nuestra disciplina.<\/p>\n<p>Invitamos tambi\u00e9n a suscribirse al Canal de YouTube Direcci\u00f3n Esc. Fonoaudiolog\u00eda.<\/p>\n","protected":false},"excerpt":{"rendered":"<p>Mes de la Voz en la Escuela de Fonoaudiolog\u00eda 2021 Se aborda en esta charla el devenir hist\u00f3rico de las trasformaciones en la diversidad y el lugar que tuvo el g\u00e9nero en lo social. el Lic. en Fonoaudiolog\u00eda Luis Otero -Docente de la UBA- finalmente ofrece una propuesta de intervenciones fonoaudiol\u00f3gicas desde la perspectiva de [&hellip;]<\/p>\n","protected":false},"author":1,"featured_media":0,"comment_status":"closed","ping_status":"closed","sticky":false,"template":"","format":"standard","meta":[],"categories":[1],"tags":[],"_links":{"self":[{"href":"http:\/\/hoycordobaweb.com\/index.php\/wp-json\/wp\/v2\/posts\/17840"}],"collection":[{"href":"http:\/\/hoycordobaweb.com\/index.php\/wp-json\/wp\/v2\/posts"}],"about":[{"href":"http:\/\/hoycordobaweb.com\/index.php\/wp-json\/wp\/v2\/types\/post"}],"author":[{"embeddable":true,"href":"http:\/\/hoycordobaweb.com\/index.php\/wp-json\/wp\/v2\/users\/1"}],"replies":[{"embeddable":true,"href":"http:\/\/hoycordobaweb.com\/index.php\/wp-json\/wp\/v2\/comments?post=17840"}],"version-history":[{"count":0,"href":"http:\/\/hoycordobaweb.com\/index.php\/wp-json\/wp\/v2\/posts\/17840\/revisions"}],"wp:attachment":[{"href":"http:\/\/hoycordobaweb.com\/index.php\/wp-json\/wp\/v2\/media?parent=17840"}],"wp:term":[{"taxonomy":"category","embeddable":true,"href":"http:\/\/hoycordobaweb.com\/index.php\/wp-json\/wp\/v2\/categories?post=17840"},{"taxonomy":"post_tag","embeddable":true,"href":"http:\/\/hoycordobaweb.com\/index.php\/wp-json\/wp\/v2\/tags?post=17840"}],"curies":[{"name":"wp","href":"https:\/\/api.w.org\/{rel}","templated":true}]}}