{"id":17672,"date":"2021-04-14T15:43:33","date_gmt":"2021-04-14T15:43:33","guid":{"rendered":"http:\/\/fono.fcm.unc.edu.ar\/?p=5971"},"modified":"2021-04-14T15:43:33","modified_gmt":"2021-04-14T15:43:33","slug":"turnos-otorgados-para-retiro-de-titulos","status":"publish","type":"post","link":"http:\/\/hoycordobaweb.com\/index.php\/2021\/04\/14\/turnos-otorgados-para-retiro-de-titulos\/","title":{"rendered":"Turnos otorgados para retiro de T\u00edtulos"},"content":{"rendered":"<h2 class=\"fusion-post-title\">Turnos otorgados para retiro de T\u00edtulos<\/h2>\n<div class=\"post-content\" readability=\"42.774818401937\">\n<p><img loading=\"lazy\" class=\"size-medium wp-image-5973 alignright\" src=\"https:\/\/fono.fcm.unc.edu.ar\/wp-content\/uploads\/sites\/14\/2021\/04\/WhatsApp-Image-2021-04-14-at-13.10.32-300x300.jpeg\" alt width=\"300\" height=\"300\" srcset=\"https:\/\/fono.fcm.unc.edu.ar\/wp-content\/uploads\/sites\/14\/2021\/04\/WhatsApp-Image-2021-04-14-at-13.10.32-66x66.jpeg 66w, https:\/\/fono.fcm.unc.edu.ar\/wp-content\/uploads\/sites\/14\/2021\/04\/WhatsApp-Image-2021-04-14-at-13.10.32-150x150.jpeg 150w, https:\/\/fono.fcm.unc.edu.ar\/wp-content\/uploads\/sites\/14\/2021\/04\/WhatsApp-Image-2021-04-14-at-13.10.32-200x200.jpeg 200w, https:\/\/fono.fcm.unc.edu.ar\/wp-content\/uploads\/sites\/14\/2021\/04\/WhatsApp-Image-2021-04-14-at-13.10.32-300x300.jpeg 300w, https:\/\/fono.fcm.unc.edu.ar\/wp-content\/uploads\/sites\/14\/2021\/04\/WhatsApp-Image-2021-04-14-at-13.10.32-400x400.jpeg 400w, https:\/\/fono.fcm.unc.edu.ar\/wp-content\/uploads\/sites\/14\/2021\/04\/WhatsApp-Image-2021-04-14-at-13.10.32-600x600.jpeg 600w, https:\/\/fono.fcm.unc.edu.ar\/wp-content\/uploads\/sites\/14\/2021\/04\/WhatsApp-Image-2021-04-14-at-13.10.32-768x768.jpeg 768w, https:\/\/fono.fcm.unc.edu.ar\/wp-content\/uploads\/sites\/14\/2021\/04\/WhatsApp-Image-2021-04-14-at-13.10.32-800x800.jpeg 800w, https:\/\/fono.fcm.unc.edu.ar\/wp-content\/uploads\/sites\/14\/2021\/04\/WhatsApp-Image-2021-04-14-at-13.10.32-1024x1024.jpeg 1024w, https:\/\/fono.fcm.unc.edu.ar\/wp-content\/uploads\/sites\/14\/2021\/04\/WhatsApp-Image-2021-04-14-at-13.10.32.jpeg 1080w\" sizes=\"(max-width: 300px) 100vw, 300px\">Dada la situaci\u00f3n imperante a nivel sociosanitario por la pandemia, la Escuela de Fonaudiolog\u00eda <strong>anticipa&nbsp;<\/strong> los turnos otorgados a partir de la semana del 19 de abril para el retiro de documentaci\u00f3n y T\u00edtulos para el pr\u00f3ximo <strong>viernes 16\/04<\/strong> en los mismos horarios que fueron asignados.<\/p>\n<p>En caso de no poder asistir el d\u00eda viernes deber\u00e1n ajustarse a que las condiciones sociosanitarias permitan la asistencia a la Escuela de Fonoaudiolog\u00eda previa gesti\u00f3n de un nuevo turno.<\/p>\n<p>Las y los egresadas\/os y graduadas\/os podr\u00e1n comunicarse por mail con la Secretar\u00eda de Asuntos Estudiantiles a <a href=\"https:\/\/fono.fcm.unc.edu.ar\/turnos-otorgados-para-retiro-de-titulos\/sae.fono@fcm.unc.edu.ar\">sae.fono@fcm.unc.edu.ar<\/a> por cualquier consulta relacionada al retiro de T\u00edtulos .<\/p>\n<p>Se informar\u00e1 a trav\u00e9s de los canales oficiales de la Escuela c\u00f3mo se proceder\u00e1 atento a lo que dispongan las autoridades nacionales y provinciales.<\/p>\n<\/p><\/div>\n","protected":false},"excerpt":{"rendered":"<p>Turnos otorgados para retiro de T\u00edtulos Dada la situaci\u00f3n imperante a nivel sociosanitario por la pandemia, la Escuela de Fonaudiolog\u00eda anticipa&nbsp; los turnos otorgados a partir de la semana del 19 de abril para el retiro de documentaci\u00f3n y T\u00edtulos para el pr\u00f3ximo viernes 16\/04 en los mismos horarios que fueron asignados. En caso de [&hellip;]<\/p>\n","protected":false},"author":1,"featured_media":0,"comment_status":"closed","ping_status":"closed","sticky":false,"template":"","format":"standard","meta":[],"categories":[1],"tags":[],"_links":{"self":[{"href":"http:\/\/hoycordobaweb.com\/index.php\/wp-json\/wp\/v2\/posts\/17672"}],"collection":[{"href":"http:\/\/hoycordobaweb.com\/index.php\/wp-json\/wp\/v2\/posts"}],"about":[{"href":"http:\/\/hoycordobaweb.com\/index.php\/wp-json\/wp\/v2\/types\/post"}],"author":[{"embeddable":true,"href":"http:\/\/hoycordobaweb.com\/index.php\/wp-json\/wp\/v2\/users\/1"}],"replies":[{"embeddable":true,"href":"http:\/\/hoycordobaweb.com\/index.php\/wp-json\/wp\/v2\/comments?post=17672"}],"version-history":[{"count":0,"href":"http:\/\/hoycordobaweb.com\/index.php\/wp-json\/wp\/v2\/posts\/17672\/revisions"}],"wp:attachment":[{"href":"http:\/\/hoycordobaweb.com\/index.php\/wp-json\/wp\/v2\/media?parent=17672"}],"wp:term":[{"taxonomy":"category","embeddable":true,"href":"http:\/\/hoycordobaweb.com\/index.php\/wp-json\/wp\/v2\/categories?post=17672"},{"taxonomy":"post_tag","embeddable":true,"href":"http:\/\/hoycordobaweb.com\/index.php\/wp-json\/wp\/v2\/tags?post=17672"}],"curies":[{"name":"wp","href":"https:\/\/api.w.org\/{rel}","templated":true}]}}