{"id":17503,"date":"2021-04-12T15:57:50","date_gmt":"2021-04-12T15:57:50","guid":{"rendered":"http:\/\/enfermeria.fcm.unc.edu.ar\/?p=3028"},"modified":"2021-04-12T15:57:50","modified_gmt":"2021-04-12T15:57:50","slug":"reconocimiento-a-la-escuela-de-enfermeria","status":"publish","type":"post","link":"http:\/\/hoycordobaweb.com\/index.php\/2021\/04\/12\/reconocimiento-a-la-escuela-de-enfermeria\/","title":{"rendered":"Reconocimiento a la Escuela de Enfermer\u00eda"},"content":{"rendered":"<div class=\"post-content\" readability=\"42.175514626219\">\n<p><em><strong>Reconocimiento a la Escuela de Enfermer\u00eda por la Secretaria de Graduados de la Universidad Nacional de C\u00f3rdoba<\/strong><\/em><\/p>\n<p><strong>8\/04\/\/2021<\/strong><\/p>\n<p><strong>&nbsp;<\/strong>En el marco del&nbsp;<strong>D\u00eda Mundial de la Salud<\/strong>, el Secretario de Graduados de la Universidad de C\u00f3rdoba <strong><em>Ab. Agust\u00edn Cohen<\/em><\/strong> y el Subsecretario de Graduados de la UNC <strong><em>Lic. Juan Manuel Gonzalez Camacho<\/em><\/strong>, hicieron entrega en el d\u00eda de la fecha de una Placa de Reconocimiento a la Directora de la Escuela de Enfermer\u00eda de la Facultad de Ciencias M\u00e9dicas <strong><em>Mgtr. Lic. Juana Beatriz Sigampa<\/em><\/strong>&nbsp; por la ardua, comprometida y continua labor cumplida por los profesionales de Enfermer\u00eda en la lucha contra el COVID 19&nbsp; durante el periodo 2020-2021.<\/p>\n<p>En este marco, se renov\u00f3 el compromiso de las partes de articular acciones en pos del desarrollo de nuestros egresados y la sociedad en su conjunto.<\/p>\n<p><a href=\"https:\/\/enfermeria.fcm.unc.edu.ar\/wp-content\/uploads\/sites\/15\/2021\/04\/Nota.docx\">Reconocimiento a la Escuela de Enfermer\u00eda por la Secretaria de Graduados de la Universidad Nacional de C\u00f3rdoba<\/a><\/p>\n<\/p><\/div>\n","protected":false},"excerpt":{"rendered":"<p>Reconocimiento a la Escuela de Enfermer\u00eda por la Secretaria de Graduados de la Universidad Nacional de C\u00f3rdoba 8\/04\/\/2021 &nbsp;En el marco del&nbsp;D\u00eda Mundial de la Salud, el Secretario de Graduados de la Universidad de C\u00f3rdoba Ab. Agust\u00edn Cohen y el Subsecretario de Graduados de la UNC Lic. Juan Manuel Gonzalez Camacho, hicieron entrega en el [&hellip;]<\/p>\n","protected":false},"author":1,"featured_media":0,"comment_status":"closed","ping_status":"closed","sticky":false,"template":"","format":"standard","meta":[],"categories":[17],"tags":[],"_links":{"self":[{"href":"http:\/\/hoycordobaweb.com\/index.php\/wp-json\/wp\/v2\/posts\/17503"}],"collection":[{"href":"http:\/\/hoycordobaweb.com\/index.php\/wp-json\/wp\/v2\/posts"}],"about":[{"href":"http:\/\/hoycordobaweb.com\/index.php\/wp-json\/wp\/v2\/types\/post"}],"author":[{"embeddable":true,"href":"http:\/\/hoycordobaweb.com\/index.php\/wp-json\/wp\/v2\/users\/1"}],"replies":[{"embeddable":true,"href":"http:\/\/hoycordobaweb.com\/index.php\/wp-json\/wp\/v2\/comments?post=17503"}],"version-history":[{"count":0,"href":"http:\/\/hoycordobaweb.com\/index.php\/wp-json\/wp\/v2\/posts\/17503\/revisions"}],"wp:attachment":[{"href":"http:\/\/hoycordobaweb.com\/index.php\/wp-json\/wp\/v2\/media?parent=17503"}],"wp:term":[{"taxonomy":"category","embeddable":true,"href":"http:\/\/hoycordobaweb.com\/index.php\/wp-json\/wp\/v2\/categories?post=17503"},{"taxonomy":"post_tag","embeddable":true,"href":"http:\/\/hoycordobaweb.com\/index.php\/wp-json\/wp\/v2\/tags?post=17503"}],"curies":[{"name":"wp","href":"https:\/\/api.w.org\/{rel}","templated":true}]}}