{"id":17422,"date":"2021-04-11T16:25:53","date_gmt":"2021-04-11T16:25:53","guid":{"rendered":"http:\/\/fono.fcm.unc.edu.ar\/?p=5929"},"modified":"2021-04-11T16:25:53","modified_gmt":"2021-04-11T16:25:53","slug":"11-de-abril-dia-mundial-del-parkinson","status":"publish","type":"post","link":"http:\/\/hoycordobaweb.com\/index.php\/2021\/04\/11\/11-de-abril-dia-mundial-del-parkinson\/","title":{"rendered":"11 de abril: \u00abD\u00eda Mundial del Parkinson\u00bb"},"content":{"rendered":"<p><img loading=\"lazy\" class=\"alignright wp-image-5930 size-fusion-400\" src=\"https:\/\/fono.fcm.unc.edu.ar\/wp-content\/uploads\/sites\/14\/2021\/04\/WhatsApp-Image-2021-04-11-at-11.43.49-400x335.jpeg\" alt width=\"400\" height=\"335\" srcset=\"https:\/\/fono.fcm.unc.edu.ar\/wp-content\/uploads\/sites\/14\/2021\/04\/WhatsApp-Image-2021-04-11-at-11.43.49-200x168.jpeg 200w, https:\/\/fono.fcm.unc.edu.ar\/wp-content\/uploads\/sites\/14\/2021\/04\/WhatsApp-Image-2021-04-11-at-11.43.49-300x251.jpeg 300w, https:\/\/fono.fcm.unc.edu.ar\/wp-content\/uploads\/sites\/14\/2021\/04\/WhatsApp-Image-2021-04-11-at-11.43.49-400x335.jpeg 400w, https:\/\/fono.fcm.unc.edu.ar\/wp-content\/uploads\/sites\/14\/2021\/04\/WhatsApp-Image-2021-04-11-at-11.43.49-600x503.jpeg 600w, https:\/\/fono.fcm.unc.edu.ar\/wp-content\/uploads\/sites\/14\/2021\/04\/WhatsApp-Image-2021-04-11-at-11.43.49-768x644.jpeg 768w, https:\/\/fono.fcm.unc.edu.ar\/wp-content\/uploads\/sites\/14\/2021\/04\/WhatsApp-Image-2021-04-11-at-11.43.49-800x671.jpeg 800w, https:\/\/fono.fcm.unc.edu.ar\/wp-content\/uploads\/sites\/14\/2021\/04\/WhatsApp-Image-2021-04-11-at-11.43.49.jpeg 940w\" sizes=\"(max-width: 400px) 100vw, 400px\">El 11 de abril se celebra el&nbsp;<em><strong>D\u00eda Mundial del Parkinson<\/strong><\/em> coincidiendo con el aniversario de James Parkinson, neur\u00f3logo brit\u00e1nico que en 1817 descubri\u00f3 lo que en aquel tiempo llam\u00f3&nbsp;par\u00e1lisis agitante&nbsp;y que hoy conocemos como enfermedad de Parkinson.<\/p>\n<p>\ud83d\udc49\ud83c\udffcLa enfermedad de Parkinson&nbsp;es una condici\u00f3n degenerativa, que se caracteriza por causar severos da\u00f1os neurol\u00f3gicos, donde la persona tiene problemas para controlar el movimiento de su cuerpo.<\/p>\n<p>\ud83d\udc49\ud83c\udffcEl da\u00f1o aparece cuando las c\u00e9lulas del sistema encargadas de producir dopamina detienen su producci\u00f3n y esto termina por desencadenar la enfermedad.<\/p>\n<p>\ud83d\udc49\ud83c\udffcLos s\u00edntomas aparecen de forma progresiva afectando algunas zonas del cuerpo como las manos, los brazos, las piernas y la cara, luego se extiende a todo el cuerpo, causando rigidez motora, problemas de equilibrio y coordinaci\u00f3n.<\/p>\n<p>La terapia con una persona que padece Parkinson puede incluir&nbsp;entrenamiento respiratorio; mejora de la movilidad de labios, lengua, paladar y maxilar para optimizar la articulaci\u00f3n y degluci\u00f3n; y potenciar la intensidad de la voz. De igual forma,&nbsp;se considera un tratamiento y prevenci\u00f3n de la disfagia (alteraci\u00f3n de la degluci\u00f3n), para asegurar una degluci\u00f3n segura y eficaz;&nbsp; y estimulaci\u00f3n cognitiva.<\/p>\n<p>Para enfrentar esta realidad es necesaria la asistencia de un profesional de la salud. El \u00e9xito de la intervenci\u00f3n se basa en su aplicaci\u00f3n precoz y mantenida a lo largo de la vida del paciente. El objetivo de este tipo de terapias es obtener una mayor autonom\u00eda e independencia de la persona, con una correcta realizaci\u00f3n de las actividades de la vida diaria, facilitando la maximizaci\u00f3n de las habilidades comunicativas y un proceso de alimentaci\u00f3n seguro. En definitiva, mejorar la calidad de vida del afectado y sus familiares, quienes est\u00e1n siempre con el paciente.<\/p>\n<p>El profesional fonoaudi\u00f3logo\/a tiene como objetivo fundamental mejorar y mantener los componentes del habla, degluci\u00f3n y funciones cognitivas.<\/p>\n<p>\ud83d\udcccEl lema del D\u00eda Mundial de Parkinson para 2021 es:&nbsp;\u00abPon una etiqueta positiva\u00bb&nbsp; Puedes ayudar compartiendo en redes sociales con el hashtag #ponunaetiquetapositiva<\/p>\n","protected":false},"excerpt":{"rendered":"<p>El 11 de abril se celebra el&nbsp;D\u00eda Mundial del Parkinson coincidiendo con el aniversario de James Parkinson, neur\u00f3logo brit\u00e1nico que en 1817 descubri\u00f3 lo que en aquel tiempo llam\u00f3&nbsp;par\u00e1lisis agitante&nbsp;y que hoy conocemos como enfermedad de Parkinson. \ud83d\udc49\ud83c\udffcLa enfermedad de Parkinson&nbsp;es una condici\u00f3n degenerativa, que se caracteriza por causar severos da\u00f1os neurol\u00f3gicos, donde la persona [&hellip;]<\/p>\n","protected":false},"author":1,"featured_media":0,"comment_status":"closed","ping_status":"closed","sticky":false,"template":"","format":"standard","meta":[],"categories":[1],"tags":[],"_links":{"self":[{"href":"http:\/\/hoycordobaweb.com\/index.php\/wp-json\/wp\/v2\/posts\/17422"}],"collection":[{"href":"http:\/\/hoycordobaweb.com\/index.php\/wp-json\/wp\/v2\/posts"}],"about":[{"href":"http:\/\/hoycordobaweb.com\/index.php\/wp-json\/wp\/v2\/types\/post"}],"author":[{"embeddable":true,"href":"http:\/\/hoycordobaweb.com\/index.php\/wp-json\/wp\/v2\/users\/1"}],"replies":[{"embeddable":true,"href":"http:\/\/hoycordobaweb.com\/index.php\/wp-json\/wp\/v2\/comments?post=17422"}],"version-history":[{"count":0,"href":"http:\/\/hoycordobaweb.com\/index.php\/wp-json\/wp\/v2\/posts\/17422\/revisions"}],"wp:attachment":[{"href":"http:\/\/hoycordobaweb.com\/index.php\/wp-json\/wp\/v2\/media?parent=17422"}],"wp:term":[{"taxonomy":"category","embeddable":true,"href":"http:\/\/hoycordobaweb.com\/index.php\/wp-json\/wp\/v2\/categories?post=17422"},{"taxonomy":"post_tag","embeddable":true,"href":"http:\/\/hoycordobaweb.com\/index.php\/wp-json\/wp\/v2\/tags?post=17422"}],"curies":[{"name":"wp","href":"https:\/\/api.w.org\/{rel}","templated":true}]}}