{"id":17327,"date":"2021-04-10T01:43:00","date_gmt":"2021-04-10T01:43:00","guid":{"rendered":"http:\/\/hoycordobaweb.com\/index.php\/2021\/04\/10\/la-uta-pidio-que-se-vacune-a-los-choferes-y-denuncio-que-no-se-cumplen-los-protocolos\/"},"modified":"2021-04-10T01:43:00","modified_gmt":"2021-04-10T01:43:00","slug":"la-uta-pidio-que-se-vacune-a-los-choferes-y-denuncio-que-no-se-cumplen-los-protocolos","status":"publish","type":"post","link":"http:\/\/hoycordobaweb.com\/index.php\/2021\/04\/10\/la-uta-pidio-que-se-vacune-a-los-choferes-y-denuncio-que-no-se-cumplen-los-protocolos\/","title":{"rendered":"La UTA pidi\u00f3 que se vacune a los choferes y denunci\u00f3 que no se cumplen los protocolos"},"content":{"rendered":"<p><img src=\"http:\/\/hoycordobaweb.com\/wp-content\/uploads\/2021\/04\/la-uta-pidio-que-se-vacune-a-los-choferes-y-denuncio-que-no-se-cumplen-los-protocolos.jpg\"><\/p>\n<div class=\"image\" id=\"image\" readability=\"8\"> <img src=\"http:\/\/hoycordobaweb.com\/wp-content\/uploads\/2021\/04\/la-uta-pidio-que-se-vacune-a-los-choferes-y-denuncio-que-no-se-cumplen-los-protocolos-2.jpg\" alt=\"Desde UTA reclam\u00f3 la vacunaci\u00f3n de los choferes y que &quot;el transporte p\u00fablico sea utilizado s\u00f3lo por personal esencial&quot;.\" title=\"Desde UTA reclam\u00f3 la vacunaci\u00f3n de los choferes y que &quot;el transporte p\u00fablico sea utilizado s\u00f3lo por personal esencial&quot;.\"><\/p>\n<p>Desde UTA reclam\u00f3 la vacunaci\u00f3n de los choferes y que \u00abel transporte p\u00fablico sea utilizado s\u00f3lo por personal esencial\u00bb.<\/p>\n<\/div>\n<p><strong>La Uni\u00f3n Tranviarios Automotor (UTA), liderada por el gremialista Roberto Fern\u00e1ndez<\/strong>, demand\u00f3 que se vacune a los choferes de \u00f3mnibus de corta, media y larga distancia de la provincia de Buenos Aires ante la propagaci\u00f3n de contagios de coronavirus que se verificaron en los \u00faltimos d\u00edas, y denunci\u00f3 que las empresas de transporte \u00abno est\u00e1n aplicando los protocolos sanitarios\u00bb.<\/p>\n<p><strong>En un comunicado de prensa,<\/strong> Fern\u00e1ndez se\u00f1al\u00f3 que \u00abdurante buena parte de 2020 fue com\u00fan subir a un colectivo y ver que nadie viajaba de pie, que los choferes se encontraban aislados mediante pantallas y que se respetaban los protocolos sanitarios correspondientes; sin embargo, por estos d\u00edas, el panorama cambi\u00f3 por completo\u00bb.<\/p>\n<div class=\"js-code\" readability=\"5.8042704626335\">\n<blockquote class=\"twitter-tweet\" readability=\"5.8042704626335\">\n<p lang=\"es\" dir=\"ltr\">UTA ARGENTINA denuncia incumplimiento de los protocolos de salud en el transporte p\u00fablico de pasajeros. Anticipamos medidas de acci\u00f3n directa si no se dan las respuestas urgentes que se requieren. <a href=\"https:\/\/twitter.com\/CATT_Prensa?ref_src=twsrc%5Etfw\">@CATT_Prensa<\/a> <a href=\"https:\/\/t.co\/jUFDutHiNI\">https:\/\/t.co\/jUFDutHiNI<\/a><\/p>\n<p>\u2014 utaargentina (@utaargentina) <a href=\"https:\/\/twitter.com\/utaargentina\/status\/1380206765111967747?ref_src=twsrc%5Etfw\">April 8, 2021<\/a><\/p><\/blockquote><\/div>\n<p><strong>\u00abAnte la segunda ola de contagios<\/strong>, los choferes de colectivos de la provincia de Buenos Aires nucleados en UTA, y en calidad de trabajadores esenciales, hemos presentado <strong>denuncias sobre el incumplimiento de los protocolos de cuidado de la salud y exhortamos al gobierno a brindar soluciones urgentes<\/strong>. Caso contrario, <strong>tomaremos medidas de fuerza\u00bb, comunic\u00f3 el sindicato de choferes de colectivos.<\/strong><\/p>\n<p>En ese sentido, Fern\u00e1ndez reclam\u00f3 la vacunaci\u00f3n de los choferes y que en el contexto de la actual emergencia sanitaria, <strong>\u00abel transporte p\u00fablico sea utilizado s\u00f3lo por personal esencial\u00bb.<\/strong><\/p>\n<p>\u00abEsta organizaci\u00f3n sindical (por la UTA) ha tomado conocimiento, a trav\u00e9s de la denuncia de nuestros representados, <strong>del notorio incumplimiento del protocolo Covid-19 para el transporte p\u00fablico<\/strong> de pasajeros dentro de su \u00f3rbita de fiscalizaci\u00f3n\u00bb, denunci\u00f3 la organizaci\u00f3n sindical a trav\u00e9s del comunicado.<\/p>\n<p>Por \u00faltimo, el secretario general de la UTA advirti\u00f3 que \u00aben el \u00e1mbito del populoso Gran Buenos Aires\u00bb, sobre todo \u00aben las zonas de alto tr\u00e1nsito\u00bb, <strong>se puede constatar \u00abuna gran cantidad de unidades de diferentes l\u00edneas con pasajeros parados, lo que representa una fuente de contagio permanente\u00bb.<\/strong> <\/p>\n","protected":false},"excerpt":{"rendered":"<p>Desde UTA reclam\u00f3 la vacunaci\u00f3n de los choferes y que \u00abel transporte p\u00fablico sea utilizado s\u00f3lo por personal esencial\u00bb. La Uni\u00f3n Tranviarios Automotor (UTA), liderada por el gremialista Roberto Fern\u00e1ndez, demand\u00f3 que se vacune a los choferes de \u00f3mnibus de corta, media y larga distancia de la provincia de Buenos Aires ante la propagaci\u00f3n de [&hellip;]<\/p>\n","protected":false},"author":1,"featured_media":17328,"comment_status":"open","ping_status":"closed","sticky":false,"template":"","format":"standard","meta":[],"categories":[19],"tags":[],"_links":{"self":[{"href":"http:\/\/hoycordobaweb.com\/index.php\/wp-json\/wp\/v2\/posts\/17327"}],"collection":[{"href":"http:\/\/hoycordobaweb.com\/index.php\/wp-json\/wp\/v2\/posts"}],"about":[{"href":"http:\/\/hoycordobaweb.com\/index.php\/wp-json\/wp\/v2\/types\/post"}],"author":[{"embeddable":true,"href":"http:\/\/hoycordobaweb.com\/index.php\/wp-json\/wp\/v2\/users\/1"}],"replies":[{"embeddable":true,"href":"http:\/\/hoycordobaweb.com\/index.php\/wp-json\/wp\/v2\/comments?post=17327"}],"version-history":[{"count":0,"href":"http:\/\/hoycordobaweb.com\/index.php\/wp-json\/wp\/v2\/posts\/17327\/revisions"}],"wp:featuredmedia":[{"embeddable":true,"href":"http:\/\/hoycordobaweb.com\/index.php\/wp-json\/wp\/v2\/media\/17328"}],"wp:attachment":[{"href":"http:\/\/hoycordobaweb.com\/index.php\/wp-json\/wp\/v2\/media?parent=17327"}],"wp:term":[{"taxonomy":"category","embeddable":true,"href":"http:\/\/hoycordobaweb.com\/index.php\/wp-json\/wp\/v2\/categories?post=17327"},{"taxonomy":"post_tag","embeddable":true,"href":"http:\/\/hoycordobaweb.com\/index.php\/wp-json\/wp\/v2\/tags?post=17327"}],"curies":[{"name":"wp","href":"https:\/\/api.w.org\/{rel}","templated":true}]}}