{"id":17274,"date":"2021-04-09T21:35:19","date_gmt":"2021-04-09T21:35:19","guid":{"rendered":"http:\/\/ladecimaweb.com\/?p=9106"},"modified":"2021-04-09T21:35:19","modified_gmt":"2021-04-09T21:35:19","slug":"alberto-fernandez-anuncio-la-llegada-de-mas-vacunas-rusas-y-chinas-en-abril","status":"publish","type":"post","link":"http:\/\/hoycordobaweb.com\/index.php\/2021\/04\/09\/alberto-fernandez-anuncio-la-llegada-de-mas-vacunas-rusas-y-chinas-en-abril\/","title":{"rendered":"Alberto Fern\u00e1ndez anunci\u00f3 la llegada de m\u00e1s vacunas rusas y chinas en abril"},"content":{"rendered":"<p><em>(Agencia T\u00e9lam)<\/em> <strong>Alberto Fern\u00e1ndez anunci\u00f3 la llegada de m\u00e1s vacunas rusas y chinas<\/strong> contra el coronavirus a mediados de abril para \u201cacelerar el ritmo de la vacunaci\u00f3n\u201d y apel\u00f3 a la conciencia social para respetar las medidas de restricci\u00f3n en el primer d\u00eda de su implementaci\u00f3n para mitigar la segunda ola de la enfermedad.<\/p>\n<p>En el comienzo de la etapa de restricciones que rige hasta el 30 de abril debido al incremento de contagios de Covid-19, el Presidente asegur\u00f3 que <strong>\u201ctodas las medidas son insuficientes si la gente no toma conciencia de la real dimensi\u00f3n del problema\u201d.<\/strong><\/p>\n<p>En ese sentido, Alberto Fern\u00e1ndez pidi\u00f3 \u201cmayor conciencia social\u201d para \u201ccumplir con las medidas\u201d de restricci\u00f3n y \u201cas\u00ed ganar tiempo para seguir vacunando\u201d y frenar los contagios masivos.<\/p>\n<p>En una entrevista radial, Fern\u00e1ndez confirm\u00f3 que \u201cest\u00e1n entrando vacunas suficientes a mitad de abril para acelerar el ritmo de vacunaci\u00f3n y seguir vacunando&#8221; porque de esa manera el coronavirus se vuelve &#8220;una enfermedad llevadera y no termina con la vida de la gente&#8221;.<\/p>\n<p>&#8220;De eso soy el mejor ejemplo\u201d, complet\u00f3 el jefe de Estado, que se contagi\u00f3 el coronavirus cuando ya hab\u00eda recibido las dos dosis de vacuna con una evoluci\u00f3n &#8220;favorable, asintom\u00e1tico y con signos vitales dentro de par\u00e1metros normales&#8221; y un cuadro cl\u00ednico que &#8220;sigue siendo leve&#8221;, seg\u00fan el \u00faltimo comunicado de la Unidad M\u00e9dica Presidencial, a cargo del control de su salud.<\/p>\n<p>\u201cSeguir\u00e1n llegando vacunas de Rusia y se supone, de acuerdo a lo previsto, que <strong>van a llegar los 2 millones de dosis chinas de Sinopharm<\/strong>\u201d, precis\u00f3 el Presidente quien a\u00fan se encuentra aislado por ser positivo de Covid-19.<\/p>\n<p>\u201cNo hay dudas de que la vacuna -fue inmunizado con dos dosis de Sputnik V- me ha permitido sortear este contagio de un modo muy leve y sin ning\u00fan s\u00edntoma. Estoy muy agradecido a la vacuna\u201d, destac\u00f3.<\/p>\n<div id=\"image\" class=\"image\"><img loading=\"lazy\" class=\"\" title=\"&quot;Con las medidas vamos a ganar tiempo para vacunar&quot;, dijo el Presidente. (Foto Prensa PBA)\" src=\"http:\/\/hoycordobaweb.com\/wp-content\/uploads\/2021\/04\/alberto-fernandez-anuncio-la-llegada-de-mas-vacunas-rusas-y-chinas-en-abril.jpg\" alt=\"&quot;Con las medidas vamos a ganar tiempo para vacunar&quot;, dijo el Presidente. (Foto Prensa PBA)\" width=\"453\" height=\"255\" \/><\/p>\n<div class=\"epigrafe\">&#8220;Con las medidas vamos a ganar tiempo para vacunar&#8221;, dijo el Presidente. (Foto Prensa PBA)<\/div>\n<\/div>\n<div><\/div>\n<div class=\"auth\"><strong>Las nuevas medidas<\/strong><\/div>\n<p>Sobre las medidas de restricci\u00f3n que comenzaron a regir desde este viernes, el primer mandatario se\u00f1al\u00f3 que \u201ctienden a evitar el momento de la relajaci\u00f3n social que es la nocturnidad\u201d, pero apel\u00f3 a \u201cla conciencia social de los ciudadanos porque no hay Estado en el mundo que pueda controlar la conducta de la gente si no se comprende el riesgo en el que estamos\u201d.<\/p>\n<p>\u201cTenemos que recurrir a la conciencia social y que se comprenda el riesgo en el que estamos\u201d, reiter\u00f3.<\/p>\n<p>En relaci\u00f3n al incremento de casos, Fern\u00e1ndez insisti\u00f3 en que el Gobierno \u201caspira a que con estas medidas adoptadas primero se evite el momento de mayor distensi\u00f3n social que es la noche y cuando m\u00e1s se producen los contagios\u201d.<\/p>\n<p>\u201cEs algo muy com\u00fan en los adolescentes encontrarse en plazas a la noche y comparten su tiempo en forma poco prudente muchas veces y por eso se pretende evitar la circulaci\u00f3n a la noche\u201d, agreg\u00f3.<\/p>\n<div id=\"image\" class=\"image\"><img loading=\"lazy\" class=\"\" title=\"Las medidas implementadas &quot;tienden a evitar el momento de la relajaci\u00f3n social que es la nocturnidad&quot;.\" src=\"http:\/\/hoycordobaweb.com\/wp-content\/uploads\/2021\/04\/alberto-fernandez-anuncio-la-llegada-de-mas-vacunas-rusas-y-chinas-en-abril-1.jpg\" alt=\"Las medidas implementadas &quot;tienden a evitar el momento de la relajaci\u00f3n social que es la nocturnidad&quot;.\" width=\"482\" height=\"271\" \/><\/p>\n<div class=\"epigrafe\"><em>Las medidas implementadas &#8220;tienden a evitar el momento de la relajaci\u00f3n social que es la nocturnidad&#8221;.<\/em><\/div>\n<\/div>\n<p>Respecto al comportamiento social en estos momentos, el Presidente consider\u00f3 que \u201cen Semana Santa tuvimos un nivel de relajamiento social francamente peligro con fiestas y recitales\u201d.<\/p>\n<p>\u201cCuando habl\u00e9 hace tres semanas fue para advertirle a la gente de los riesgos que est\u00e1bamos viviendo porque los pa\u00edses de la regi\u00f3n ya estaban viviendo la segunda ola que ahora nosotros estamos viviendo\u201d, dijo Fern\u00e1ndez, quien remat\u00f3: \u201cMuchos me escucharon porque el 53 por ciento de las reservas de viajes al exterior se cayeron, pero hubo un 47 que se fue\u201d.<\/p>\n<p><strong>Clases presenciales<\/strong><\/p>\n<p>Sobre la continuidad de las clases presenciales en los colegios, el Jefe de Estado sostuvo que \u201cno hemos tenido contagios importantes en colegios\u201d sino que \u201cfueron casos aislados\u201d, aunque admiti\u00f3 que el gobierno nacional est\u00e1 \u201chaciendo un seguimiento muy estricto del colegio secundario\u201d respecto al uso del transporte p\u00fablico por los estudiantes de ese nivel escolar y su relaci\u00f3n con los contagios de adolescentes.<\/p>\n<p>En la entrevista con El Destape Radio, Alberto Fern\u00e1ndez concluy\u00f3: \u201cSi logramos mantener el distanciamiento y el uso del barbijo, si logramos frenar el disloque social que se hab\u00eda armado y que se vio en Semana Santa, vamos a poder parar los contagios y vamos a ganar tiempo para seguir vacunando\u201d.<\/p>\n<div class=\"ubm_banner\"><a href=\"https:\/\/www.youtube.com\/watch?v=4MQW8zM648g\" target=\"_blank\" rel=\"dofollow noopener noreferrer\"><img src=\"http:\/\/hoycordobaweb.com\/wp-content\/uploads\/2021\/04\/alberto-fernandez-anuncio-la-llegada-de-mas-vacunas-rusas-y-chinas-en-abril.gif\" alt=\"\"><\/a><\/div>\n<p>La entrada <a rel=\"nofollow\" href=\"https:\/\/ladecimaweb.com\/alberto-fernandez-anuncio-la-llegada-de-mas-vacunas-rusas-y-chinas-en-abril\/\">Alberto Fern\u00e1ndez anunci\u00f3 la llegada de m\u00e1s vacunas rusas y chinas en abril<\/a> se public\u00f3 primero en <a rel=\"nofollow\" href=\"https:\/\/ladecimaweb.com\">LaDecima<\/a>.<\/p>\n","protected":false},"excerpt":{"rendered":"<p>(Agencia T\u00e9lam) Alberto Fern\u00e1ndez anunci\u00f3 la llegada de m\u00e1s vacunas rusas y chinas contra el coronavirus a mediados de abril para \u201cacelerar el ritmo de la vacunaci\u00f3n\u201d y apel\u00f3 a la conciencia social para respetar las medidas de restricci\u00f3n en el primer d\u00eda de su implementaci\u00f3n para mitigar la segunda ola de la enfermedad. En [&hellip;]<\/p>\n","protected":false},"author":1,"featured_media":17275,"comment_status":"closed","ping_status":"closed","sticky":false,"template":"","format":"standard","meta":[],"categories":[19],"tags":[],"_links":{"self":[{"href":"http:\/\/hoycordobaweb.com\/index.php\/wp-json\/wp\/v2\/posts\/17274"}],"collection":[{"href":"http:\/\/hoycordobaweb.com\/index.php\/wp-json\/wp\/v2\/posts"}],"about":[{"href":"http:\/\/hoycordobaweb.com\/index.php\/wp-json\/wp\/v2\/types\/post"}],"author":[{"embeddable":true,"href":"http:\/\/hoycordobaweb.com\/index.php\/wp-json\/wp\/v2\/users\/1"}],"replies":[{"embeddable":true,"href":"http:\/\/hoycordobaweb.com\/index.php\/wp-json\/wp\/v2\/comments?post=17274"}],"version-history":[{"count":0,"href":"http:\/\/hoycordobaweb.com\/index.php\/wp-json\/wp\/v2\/posts\/17274\/revisions"}],"wp:featuredmedia":[{"embeddable":true,"href":"http:\/\/hoycordobaweb.com\/index.php\/wp-json\/wp\/v2\/media\/17275"}],"wp:attachment":[{"href":"http:\/\/hoycordobaweb.com\/index.php\/wp-json\/wp\/v2\/media?parent=17274"}],"wp:term":[{"taxonomy":"category","embeddable":true,"href":"http:\/\/hoycordobaweb.com\/index.php\/wp-json\/wp\/v2\/categories?post=17274"},{"taxonomy":"post_tag","embeddable":true,"href":"http:\/\/hoycordobaweb.com\/index.php\/wp-json\/wp\/v2\/tags?post=17274"}],"curies":[{"name":"wp","href":"https:\/\/api.w.org\/{rel}","templated":true}]}}