{"id":17257,"date":"2021-04-09T12:09:57","date_gmt":"2021-04-09T12:09:57","guid":{"rendered":"http:\/\/enfermeria.fcm.unc.edu.ar\/?p=3023"},"modified":"2021-04-09T12:09:57","modified_gmt":"2021-04-09T12:09:57","slug":"lic-mirta-ines-piovano","status":"publish","type":"post","link":"http:\/\/hoycordobaweb.com\/index.php\/2021\/04\/09\/lic-mirta-ines-piovano\/","title":{"rendered":"LIC. MIRTA IN\u00c9S PIOVANO"},"content":{"rendered":"<p><strong>Lic. Mirta In\u00e9s Piovano<\/strong><\/p>\n<p>La Comunidad educativa de la Escuela de Enfermer\u00eda de la UNC despide con hondo pesar a la Lic. Esp. MIRTA INES PIOVANO DE CARRASQUERA \u2013&nbsp; ex profesora y ex Directora de la Carrera de Licenciatura en Enfermer\u00eda \u2013 &nbsp;&nbsp;&nbsp;quien falleci\u00f3 en el d\u00eda de ayer.<\/p>\n<p>Lamentamos la p\u00e9rdida de la Lic. Piovano, una luchadora incansable y comprometida en la construcci\u00f3n y desarrollo de la Enfermer\u00eda de la Provincia y el Pa\u00eds, que honr\u00f3 con su representaci\u00f3n a la Escuela de Enfermer\u00eda, al Consejo Directivo de la Facultad de Ciencias M\u00e9dicas de la Universidad Nacional de C\u00f3rdoba&nbsp; y a las Organizaciones Profesionales y Educativas de C\u00f3rdoba y la Argentina desde los distintos espacios de gesti\u00f3n que ocup\u00f3.<\/p>\n<p>Acompa\u00f1amos a su familia y seres queridos en tan triste momento.<\/p>\n<p>Q.E.P.D.<\/p>\n","protected":false},"excerpt":{"rendered":"<p>Lic. Mirta In\u00e9s Piovano La Comunidad educativa de la Escuela de Enfermer\u00eda de la UNC despide con hondo pesar a la Lic. Esp. MIRTA INES PIOVANO DE CARRASQUERA \u2013&nbsp; ex profesora y ex Directora de la Carrera de Licenciatura en Enfermer\u00eda \u2013 &nbsp;&nbsp;&nbsp;quien falleci\u00f3 en el d\u00eda de ayer. Lamentamos la p\u00e9rdida de la Lic. [&hellip;]<\/p>\n","protected":false},"author":1,"featured_media":0,"comment_status":"closed","ping_status":"closed","sticky":false,"template":"","format":"standard","meta":[],"categories":[17],"tags":[],"_links":{"self":[{"href":"http:\/\/hoycordobaweb.com\/index.php\/wp-json\/wp\/v2\/posts\/17257"}],"collection":[{"href":"http:\/\/hoycordobaweb.com\/index.php\/wp-json\/wp\/v2\/posts"}],"about":[{"href":"http:\/\/hoycordobaweb.com\/index.php\/wp-json\/wp\/v2\/types\/post"}],"author":[{"embeddable":true,"href":"http:\/\/hoycordobaweb.com\/index.php\/wp-json\/wp\/v2\/users\/1"}],"replies":[{"embeddable":true,"href":"http:\/\/hoycordobaweb.com\/index.php\/wp-json\/wp\/v2\/comments?post=17257"}],"version-history":[{"count":0,"href":"http:\/\/hoycordobaweb.com\/index.php\/wp-json\/wp\/v2\/posts\/17257\/revisions"}],"wp:attachment":[{"href":"http:\/\/hoycordobaweb.com\/index.php\/wp-json\/wp\/v2\/media?parent=17257"}],"wp:term":[{"taxonomy":"category","embeddable":true,"href":"http:\/\/hoycordobaweb.com\/index.php\/wp-json\/wp\/v2\/categories?post=17257"},{"taxonomy":"post_tag","embeddable":true,"href":"http:\/\/hoycordobaweb.com\/index.php\/wp-json\/wp\/v2\/tags?post=17257"}],"curies":[{"name":"wp","href":"https:\/\/api.w.org\/{rel}","templated":true}]}}