{"id":17180,"date":"2021-04-09T00:33:45","date_gmt":"2021-04-09T00:33:45","guid":{"rendered":"http:\/\/hoycordobaweb.com\/index.php\/2021\/04\/09\/como-gallardo-bergessio-suena-con-ser-dt-de-nacional\/"},"modified":"2021-04-09T00:33:45","modified_gmt":"2021-04-09T00:33:45","slug":"como-gallardo-bergessio-suena-con-ser-dt-de-nacional","status":"publish","type":"post","link":"http:\/\/hoycordobaweb.com\/index.php\/2021\/04\/09\/como-gallardo-bergessio-suena-con-ser-dt-de-nacional\/","title":{"rendered":"Como Gallardo: Bergessio sue\u00f1a con ser DT de Nacional"},"content":{"rendered":"<p>Gonzalo Bergessio est\u00e1 de festejo: se consagr\u00f3 bicampe\u00f3n del f\u00fatbol &#8230; Sigo mucho al <b>f\u00fatbol argentino<\/b> y el ascenso del club me emocion\u00f3 pero&nbsp;&#8230; <\/p>\n","protected":false},"excerpt":{"rendered":"<p>Gonzalo Bergessio est\u00e1 de festejo: se consagr\u00f3 bicampe\u00f3n del f\u00fatbol &#8230; Sigo mucho al f\u00fatbol argentino y el ascenso del club me emocion\u00f3 pero&nbsp;&#8230;<\/p>\n","protected":false},"author":1,"featured_media":0,"comment_status":"closed","ping_status":"closed","sticky":false,"template":"","format":"standard","meta":[],"categories":[22],"tags":[],"_links":{"self":[{"href":"http:\/\/hoycordobaweb.com\/index.php\/wp-json\/wp\/v2\/posts\/17180"}],"collection":[{"href":"http:\/\/hoycordobaweb.com\/index.php\/wp-json\/wp\/v2\/posts"}],"about":[{"href":"http:\/\/hoycordobaweb.com\/index.php\/wp-json\/wp\/v2\/types\/post"}],"author":[{"embeddable":true,"href":"http:\/\/hoycordobaweb.com\/index.php\/wp-json\/wp\/v2\/users\/1"}],"replies":[{"embeddable":true,"href":"http:\/\/hoycordobaweb.com\/index.php\/wp-json\/wp\/v2\/comments?post=17180"}],"version-history":[{"count":0,"href":"http:\/\/hoycordobaweb.com\/index.php\/wp-json\/wp\/v2\/posts\/17180\/revisions"}],"wp:attachment":[{"href":"http:\/\/hoycordobaweb.com\/index.php\/wp-json\/wp\/v2\/media?parent=17180"}],"wp:term":[{"taxonomy":"category","embeddable":true,"href":"http:\/\/hoycordobaweb.com\/index.php\/wp-json\/wp\/v2\/categories?post=17180"},{"taxonomy":"post_tag","embeddable":true,"href":"http:\/\/hoycordobaweb.com\/index.php\/wp-json\/wp\/v2\/tags?post=17180"}],"curies":[{"name":"wp","href":"https:\/\/api.w.org\/{rel}","templated":true}]}}