{"id":17171,"date":"2021-04-08T19:18:20","date_gmt":"2021-04-08T19:18:20","guid":{"rendered":"http:\/\/fono.fcm.unc.edu.ar\/?p=5917"},"modified":"2021-04-08T19:18:20","modified_gmt":"2021-04-08T19:18:20","slug":"trabajo-final-regimen-de-alumno-activo","status":"publish","type":"post","link":"http:\/\/hoycordobaweb.com\/index.php\/2021\/04\/08\/trabajo-final-regimen-de-alumno-activo\/","title":{"rendered":"Trabajo Final: R\u00e9gimen de Alumno Activo"},"content":{"rendered":"<h2 class=\"fusion-post-title\">Trabajo Final: R\u00e9gimen de Alumno Activo<\/h2>\n<div class=\"post-content\" readability=\"39.160256410256\">\n<p><img loading=\"lazy\" class=\"size-medium wp-image-5905 alignright\" src=\"https:\/\/fono.fcm.unc.edu.ar\/wp-content\/uploads\/sites\/14\/2021\/04\/WhatsApp-Image-2021-04-06-at-12.31.27-300x213.jpeg\" alt width=\"300\" height=\"213\" srcset=\"https:\/\/fono.fcm.unc.edu.ar\/wp-content\/uploads\/sites\/14\/2021\/04\/WhatsApp-Image-2021-04-06-at-12.31.27-200x142.jpeg 200w, https:\/\/fono.fcm.unc.edu.ar\/wp-content\/uploads\/sites\/14\/2021\/04\/WhatsApp-Image-2021-04-06-at-12.31.27-300x214.jpeg 300w, https:\/\/fono.fcm.unc.edu.ar\/wp-content\/uploads\/sites\/14\/2021\/04\/WhatsApp-Image-2021-04-06-at-12.31.27-400x284.jpeg 400w, https:\/\/fono.fcm.unc.edu.ar\/wp-content\/uploads\/sites\/14\/2021\/04\/WhatsApp-Image-2021-04-06-at-12.31.27-600x426.jpeg 600w, https:\/\/fono.fcm.unc.edu.ar\/wp-content\/uploads\/sites\/14\/2021\/04\/WhatsApp-Image-2021-04-06-at-12.31.27-768x545.jpeg 768w, https:\/\/fono.fcm.unc.edu.ar\/wp-content\/uploads\/sites\/14\/2021\/04\/WhatsApp-Image-2021-04-06-at-12.31.27-800x568.jpeg 800w, https:\/\/fono.fcm.unc.edu.ar\/wp-content\/uploads\/sites\/14\/2021\/04\/WhatsApp-Image-2021-04-06-at-12.31.27-1024x726.jpeg 1024w, https:\/\/fono.fcm.unc.edu.ar\/wp-content\/uploads\/sites\/14\/2021\/04\/WhatsApp-Image-2021-04-06-at-12.31.27-1200x851.jpeg 1200w, https:\/\/fono.fcm.unc.edu.ar\/wp-content\/uploads\/sites\/14\/2021\/04\/WhatsApp-Image-2021-04-06-at-12.31.27.jpeg 1280w\" sizes=\"(max-width: 300px) 100vw, 300px\">Las y los estudiantes que quedaron libres en Trabajo Final al inicio del ciclo lectivo 2021 ( iniciaron cursada en 2019) podr\u00e1n pedir recursar la asignatura seg\u00fan la <a href=\"https:\/\/fono.fcm.unc.edu.ar\/wp-content\/uploads\/sites\/14\/2021\/04\/regimen-permanencia.pdf\" target=\"_blank\" rel=\"noopener noreferrer\">Resoluci\u00f3n Decanal 581-2021<\/a>&nbsp; que contempla <strong><em>eximir de manera<\/em><\/strong> <em><strong>excepcional<\/strong> <\/em>a los alumnos de la Facultad de Ciencias M\u00e9dicas, del control del r\u00e9gimen de permanencia (R\u00e9gimen de Alumno Activo), para el ciclo lectivo 2020 por \u00fanica vez.<\/p>\n<p>Para ello deber\u00e1n ser admitidos en las entrevistas para ingresar en la comisi\u00f3n de junio 2021. Se informar\u00e1n las fechas y la solicitud de las admisiones&nbsp; a trav\u00e9s de la p\u00e1gina web de la Escuela de Fonoaudiolog\u00eda.<\/p>\n<\/p><\/div>\n","protected":false},"excerpt":{"rendered":"<p>Trabajo Final: R\u00e9gimen de Alumno Activo Las y los estudiantes que quedaron libres en Trabajo Final al inicio del ciclo lectivo 2021 ( iniciaron cursada en 2019) podr\u00e1n pedir recursar la asignatura seg\u00fan la Resoluci\u00f3n Decanal 581-2021&nbsp; que contempla eximir de manera excepcional a los alumnos de la Facultad de Ciencias M\u00e9dicas, del control del [&hellip;]<\/p>\n","protected":false},"author":1,"featured_media":0,"comment_status":"closed","ping_status":"closed","sticky":false,"template":"","format":"standard","meta":[],"categories":[1],"tags":[],"_links":{"self":[{"href":"http:\/\/hoycordobaweb.com\/index.php\/wp-json\/wp\/v2\/posts\/17171"}],"collection":[{"href":"http:\/\/hoycordobaweb.com\/index.php\/wp-json\/wp\/v2\/posts"}],"about":[{"href":"http:\/\/hoycordobaweb.com\/index.php\/wp-json\/wp\/v2\/types\/post"}],"author":[{"embeddable":true,"href":"http:\/\/hoycordobaweb.com\/index.php\/wp-json\/wp\/v2\/users\/1"}],"replies":[{"embeddable":true,"href":"http:\/\/hoycordobaweb.com\/index.php\/wp-json\/wp\/v2\/comments?post=17171"}],"version-history":[{"count":0,"href":"http:\/\/hoycordobaweb.com\/index.php\/wp-json\/wp\/v2\/posts\/17171\/revisions"}],"wp:attachment":[{"href":"http:\/\/hoycordobaweb.com\/index.php\/wp-json\/wp\/v2\/media?parent=17171"}],"wp:term":[{"taxonomy":"category","embeddable":true,"href":"http:\/\/hoycordobaweb.com\/index.php\/wp-json\/wp\/v2\/categories?post=17171"},{"taxonomy":"post_tag","embeddable":true,"href":"http:\/\/hoycordobaweb.com\/index.php\/wp-json\/wp\/v2\/tags?post=17171"}],"curies":[{"name":"wp","href":"https:\/\/api.w.org\/{rel}","templated":true}]}}