{"id":1713,"date":"2020-09-16T00:22:30","date_gmt":"2020-09-16T00:22:30","guid":{"rendered":"http:\/\/hoycordobaweb.com\/index.php\/2020\/09\/16\/la-liga-sur-de-futbol-dio-por-terminada-la-temporada-2020\/"},"modified":"2020-09-16T00:22:30","modified_gmt":"2020-09-16T00:22:30","slug":"la-liga-sur-de-futbol-dio-por-terminada-la-temporada-2020","status":"publish","type":"post","link":"http:\/\/hoycordobaweb.com\/index.php\/2020\/09\/16\/la-liga-sur-de-futbol-dio-por-terminada-la-temporada-2020\/","title":{"rendered":"La Liga Sur de <b>F\u00fatbol<\/b> dio por terminada la temporada 2020"},"content":{"rendered":"<p>Mientras en la <b>Argentina<\/b> d\u00eda a d\u00eda se conocen mas ligas que cancelan su temporada 2020, la Liga Sur de <b>F\u00fatbol<\/b> lo hizo de manera oficial, algo que&nbsp;&#8230; <\/p>\n","protected":false},"excerpt":{"rendered":"<p>Mientras en la Argentina d\u00eda a d\u00eda se conocen mas ligas que cancelan su temporada 2020, la Liga Sur de F\u00fatbol lo hizo de manera oficial, algo que&nbsp;&#8230;<\/p>\n","protected":false},"author":1,"featured_media":0,"comment_status":"closed","ping_status":"closed","sticky":false,"template":"","format":"standard","meta":[],"categories":[22],"tags":[],"_links":{"self":[{"href":"http:\/\/hoycordobaweb.com\/index.php\/wp-json\/wp\/v2\/posts\/1713"}],"collection":[{"href":"http:\/\/hoycordobaweb.com\/index.php\/wp-json\/wp\/v2\/posts"}],"about":[{"href":"http:\/\/hoycordobaweb.com\/index.php\/wp-json\/wp\/v2\/types\/post"}],"author":[{"embeddable":true,"href":"http:\/\/hoycordobaweb.com\/index.php\/wp-json\/wp\/v2\/users\/1"}],"replies":[{"embeddable":true,"href":"http:\/\/hoycordobaweb.com\/index.php\/wp-json\/wp\/v2\/comments?post=1713"}],"version-history":[{"count":0,"href":"http:\/\/hoycordobaweb.com\/index.php\/wp-json\/wp\/v2\/posts\/1713\/revisions"}],"wp:attachment":[{"href":"http:\/\/hoycordobaweb.com\/index.php\/wp-json\/wp\/v2\/media?parent=1713"}],"wp:term":[{"taxonomy":"category","embeddable":true,"href":"http:\/\/hoycordobaweb.com\/index.php\/wp-json\/wp\/v2\/categories?post=1713"},{"taxonomy":"post_tag","embeddable":true,"href":"http:\/\/hoycordobaweb.com\/index.php\/wp-json\/wp\/v2\/tags?post=1713"}],"curies":[{"name":"wp","href":"https:\/\/api.w.org\/{rel}","templated":true}]}}