{"id":17101,"date":"2021-04-07T17:30:57","date_gmt":"2021-04-07T17:30:57","guid":{"rendered":"http:\/\/ladecimaweb.com\/?p=9056"},"modified":"2021-04-07T17:30:57","modified_gmt":"2021-04-07T17:30:57","slug":"las-vacunas-del-calendario-se-pueden-aplicar-a-14-dias-de-la-inmunizacion-por-covid-19","status":"publish","type":"post","link":"http:\/\/hoycordobaweb.com\/index.php\/2021\/04\/07\/las-vacunas-del-calendario-se-pueden-aplicar-a-14-dias-de-la-inmunizacion-por-covid-19\/","title":{"rendered":"Las vacunas del calendario se pueden aplicar a 14 d\u00edas de la inmunizaci\u00f3n por Covid-19"},"content":{"rendered":"<ul>\n<li><strong>Se recomienda respetar un intervalo m\u00ednimo de 14 d\u00edas entre la aplicaci\u00f3n de la vacuna contra el Covid-19 y otras inoculaciones del Calendario Nacional.<\/strong><\/li>\n<li><strong>La inmunizaci\u00f3n contra el Sars-Cov-2 es prioritaria, salvo casos espec\u00edficos con potencial riesgo de vida.<\/strong><\/li>\n<li><strong>Estas especificaciones alcanzan la pr\u00f3xima campa\u00f1a de vacunaci\u00f3n antigripal 2021<\/strong><\/li>\n<\/ul>\n<p><em>(Prensa Provincial)<\/em> El Ministerio de Salud de la Provincia de C\u00f3rdoba brind\u00f3 recomendaciones sobre la aplicaci\u00f3n de vacunas del Calendario Nacional, en contexto de la campa\u00f1a de inmunizaci\u00f3n contra el Covid-19.<\/p>\n<p>Al respecto, y considerando las especificaciones internacionales,\u00a0<strong>se debe respetar un intervalo m\u00ednimo de 14 d\u00edas entre la aplicaci\u00f3n de la vacuna contra el Covid-19 y otras inoculaciones del Calendario Nacional.<\/strong><\/p>\n<p>En el contexto de la pandemia se debe<strong>\u00a0priorizar la inmunizaci\u00f3n contra el Sars-Cov-2 por sobre las dem\u00e1s vacunas, salvo casos espec\u00edficos en donde suscite una situaci\u00f3n imprevista con potencial riesgo de vida.<\/strong><\/p>\n<p>En este sentido, y a modo de ejemplo,\u00a0<strong>se debe priorizar<\/strong>\u00a0<strong>el esquema antirr\u00e1bico\u00a0<\/strong>ante un accidente por mordedura o contacto infectante con un animal sospechoso de portar del virus r\u00e1bico\u00a0<strong>o<\/strong>\u00a0<strong>el esquema antitet\u00e1nico\u00a0<\/strong>ante un caso de herida potencialmente tetan\u00edgena, si tuviese la indicaci\u00f3n m\u00e9dica para hacerlo.<\/p>\n<p>Posterior a esta inoculaci\u00f3n de emergencia, se debe respetar el intervalo m\u00ednimo de 14 d\u00edas para recibir la vacuna contra el Sars-Cov-2.<\/p>\n<p><strong>Vacunas Antigripal y Antineumoc\u00f3ccica<\/strong><\/p>\n<p>Del mismo modo,\u00a0<strong>estas especificaciones ser\u00e1n de importancia cuando conviva la vacunaci\u00f3n antigripal 2021 y antineumoc\u00f3ccica, con la campa\u00f1a de inmunizaci\u00f3n contra Covid-19.<\/strong><\/p>\n<p>En este contexto de coexistencia de vacunas, es necesario aclarar las siguientes situaciones:<\/p>\n<ul>\n<li><span style=\"font-family: georgia, palatino, serif;\">Para quienes completaron el esquema contra el coronavirus es necesario respetar el\u00a0<strong>intervalo m\u00ednimo de 14 d\u00edas para recibir la antigripal y\/o la antineumoc\u00f3ccica.<\/strong><\/span><\/li>\n<li><span style=\"font-family: georgia, palatino, serif;\">Para aquellas personas que\u00a0<strong>recibieron la primera dosis contra el Sars-Cov-2<\/strong>, y ante el diferimiento la segunda dosis,\u00a0<strong>se recomienda recibir la antigripal y\/o la antineumoc\u00f3ccica respetando los 14 d\u00edas recomendados.<\/strong>\u00a0Pasado el mismo intervalo de tiempo luego de recibir la antigripal y\/o la antineumoc\u00f3ccica, quedar\u00e1 en condiciones de completar el esquema contra el Sars-Cov-2.<\/span><\/li>\n<li><span style=\"font-family: georgia, palatino, serif;\">En caso de haberse aplicado la vacuna antigripal y\/o antineumoc\u00f3ccica, y recibir la notificaci\u00f3n para vacunarse contra el Covid-19, se recomienda\u00a0<strong>diferir esta inmunizaci\u00f3n para respetar el intervalo m\u00ednimo aconsejado<\/strong>.<\/span><\/li>\n<\/ul>\n<div class=\"ubm_banner\"><a href=\"https:\/\/youtu.be\/4ekd0b3znLI\" target=\"_blank\" rel=\"dofollow noopener noreferrer\"><img src=\"http:\/\/hoycordobaweb.com\/wp-content\/uploads\/2021\/04\/las-vacunas-del-calendario-se-pueden-aplicar-a-14-dias-de-la-inmunizacion-por-covid-19.gif\" alt=\"\"><\/a><\/div>\n<p>La entrada <a rel=\"nofollow\" href=\"https:\/\/ladecimaweb.com\/las-vacunas-del-calendario-de-pueden-aplicar-a-14-dias-de-la-inmunizacion-por-covid-19\/\">Las vacunas del calendario se pueden aplicar a 14 d\u00edas de la inmunizaci\u00f3n por Covid-19<\/a> se public\u00f3 primero en <a rel=\"nofollow\" href=\"https:\/\/ladecimaweb.com\">LaDecima<\/a>.<\/p>\n","protected":false},"excerpt":{"rendered":"<p>Se recomienda respetar un intervalo m\u00ednimo de 14 d\u00edas entre la aplicaci\u00f3n de la vacuna contra el Covid-19 y otras inoculaciones del Calendario Nacional. La inmunizaci\u00f3n contra el Sars-Cov-2 es prioritaria, salvo casos espec\u00edficos con potencial riesgo de vida. Estas especificaciones alcanzan la pr\u00f3xima campa\u00f1a de vacunaci\u00f3n antigripal 2021 (Prensa Provincial) El Ministerio de Salud [&hellip;]<\/p>\n","protected":false},"author":1,"featured_media":17102,"comment_status":"closed","ping_status":"closed","sticky":false,"template":"","format":"standard","meta":[],"categories":[19],"tags":[],"_links":{"self":[{"href":"http:\/\/hoycordobaweb.com\/index.php\/wp-json\/wp\/v2\/posts\/17101"}],"collection":[{"href":"http:\/\/hoycordobaweb.com\/index.php\/wp-json\/wp\/v2\/posts"}],"about":[{"href":"http:\/\/hoycordobaweb.com\/index.php\/wp-json\/wp\/v2\/types\/post"}],"author":[{"embeddable":true,"href":"http:\/\/hoycordobaweb.com\/index.php\/wp-json\/wp\/v2\/users\/1"}],"replies":[{"embeddable":true,"href":"http:\/\/hoycordobaweb.com\/index.php\/wp-json\/wp\/v2\/comments?post=17101"}],"version-history":[{"count":0,"href":"http:\/\/hoycordobaweb.com\/index.php\/wp-json\/wp\/v2\/posts\/17101\/revisions"}],"wp:featuredmedia":[{"embeddable":true,"href":"http:\/\/hoycordobaweb.com\/index.php\/wp-json\/wp\/v2\/media\/17102"}],"wp:attachment":[{"href":"http:\/\/hoycordobaweb.com\/index.php\/wp-json\/wp\/v2\/media?parent=17101"}],"wp:term":[{"taxonomy":"category","embeddable":true,"href":"http:\/\/hoycordobaweb.com\/index.php\/wp-json\/wp\/v2\/categories?post=17101"},{"taxonomy":"post_tag","embeddable":true,"href":"http:\/\/hoycordobaweb.com\/index.php\/wp-json\/wp\/v2\/tags?post=17101"}],"curies":[{"name":"wp","href":"https:\/\/api.w.org\/{rel}","templated":true}]}}