{"id":17095,"date":"2021-04-07T21:11:15","date_gmt":"2021-04-07T21:11:15","guid":{"rendered":"http:\/\/hoycordobaweb.com\/index.php\/2021\/04\/07\/filtra-imagen-ursula-corbero-la-casa-de-papel-5-fecha-de-estreno\/"},"modified":"2021-04-07T21:11:15","modified_gmt":"2021-04-07T21:11:15","slug":"filtra-imagen-ursula-corbero-la-casa-de-papel-5-fecha-de-estreno","status":"publish","type":"post","link":"http:\/\/hoycordobaweb.com\/index.php\/2021\/04\/07\/filtra-imagen-ursula-corbero-la-casa-de-papel-5-fecha-de-estreno\/","title":{"rendered":"Filtra imagen \u00darsula Corber\u00f3, \u201cLa Casa de Papel 5\u201d fecha de estreno"},"content":{"rendered":"<p>&#8230; Creador da nueva fecha para estreno de La Casa de Papel de <b>Netflix<\/b> &#8230; \u00a1Suscr\u00edbete a nuestro canal de YouTube y obt\u00e9n m\u00e1s de Show <b>News<\/b>! <\/p>\n","protected":false},"excerpt":{"rendered":"<p>&#8230; Creador da nueva fecha para estreno de La Casa de Papel de Netflix &#8230; \u00a1Suscr\u00edbete a nuestro canal de YouTube y obt\u00e9n m\u00e1s de Show News!<\/p>\n","protected":false},"author":1,"featured_media":0,"comment_status":"closed","ping_status":"closed","sticky":false,"template":"","format":"standard","meta":[],"categories":[23],"tags":[],"_links":{"self":[{"href":"http:\/\/hoycordobaweb.com\/index.php\/wp-json\/wp\/v2\/posts\/17095"}],"collection":[{"href":"http:\/\/hoycordobaweb.com\/index.php\/wp-json\/wp\/v2\/posts"}],"about":[{"href":"http:\/\/hoycordobaweb.com\/index.php\/wp-json\/wp\/v2\/types\/post"}],"author":[{"embeddable":true,"href":"http:\/\/hoycordobaweb.com\/index.php\/wp-json\/wp\/v2\/users\/1"}],"replies":[{"embeddable":true,"href":"http:\/\/hoycordobaweb.com\/index.php\/wp-json\/wp\/v2\/comments?post=17095"}],"version-history":[{"count":0,"href":"http:\/\/hoycordobaweb.com\/index.php\/wp-json\/wp\/v2\/posts\/17095\/revisions"}],"wp:attachment":[{"href":"http:\/\/hoycordobaweb.com\/index.php\/wp-json\/wp\/v2\/media?parent=17095"}],"wp:term":[{"taxonomy":"category","embeddable":true,"href":"http:\/\/hoycordobaweb.com\/index.php\/wp-json\/wp\/v2\/categories?post=17095"},{"taxonomy":"post_tag","embeddable":true,"href":"http:\/\/hoycordobaweb.com\/index.php\/wp-json\/wp\/v2\/tags?post=17095"}],"curies":[{"name":"wp","href":"https:\/\/api.w.org\/{rel}","templated":true}]}}