{"id":17069,"date":"2021-04-07T01:22:00","date_gmt":"2021-04-07T01:22:00","guid":{"rendered":"http:\/\/hoycordobaweb.com\/index.php\/2021\/04\/07\/brasil-supero-la-barrera-de-las-4-000-muertes-por-coronavirus-en-un-dia\/"},"modified":"2021-04-07T01:22:00","modified_gmt":"2021-04-07T01:22:00","slug":"brasil-supero-la-barrera-de-las-4-000-muertes-por-coronavirus-en-un-dia","status":"publish","type":"post","link":"http:\/\/hoycordobaweb.com\/index.php\/2021\/04\/07\/brasil-supero-la-barrera-de-las-4-000-muertes-por-coronavirus-en-un-dia\/","title":{"rendered":"Brasil super\u00f3 la barrera de las 4.000 muertes por coronavirus en un d\u00eda"},"content":{"rendered":"<p><img src=\"http:\/\/hoycordobaweb.com\/wp-content\/uploads\/2021\/04\/brasil-supero-la-barrera-de-las-4-000-muertes-por-coronavirus-en-un-dia.jpg\"><\/p>\n<div class=\"image\" id=\"image\" readability=\"7\"> <img src=\"http:\/\/hoycordobaweb.com\/wp-content\/uploads\/2021\/04\/brasil-supero-la-barrera-de-las-4-000-muertes-por-coronavirus-en-un-dia-2.jpg\" alt=\"Brasil registro un nuevo r\u00e9cord de muertes diarias con Covid-19\" title=\"Brasil registro un nuevo r\u00e9cord de muertes diarias con Covid-19\"><\/p>\n<p>Brasil registro un nuevo r\u00e9cord de muertes diarias con Covid-19<\/p>\n<\/div>\n<p>Brasil super\u00f3 este martes la barrera de las 4.000 muertes en un d\u00eda a causa del coronavirus por primera vez desde el comienzo de la pandemia, inform\u00f3 el Ministerio de la Salud.<\/p>\n<p>En pleno agravamiento de la crisis sanitaria, el gigante sudamericano, <strong>de 212 millones de habitantes, contabiliz\u00f3 4.195 muertos en las \u00faltimas 24 horas.<\/strong><\/p>\n<p>Con esta cifra, el total acumulado se elev\u00f3 a 336.947 fallecimientos en m\u00e1s de 13 meses de pandemia, un balance superado solo por Estados Unidos, seg\u00fan la agencia de noticias AFP.<\/p>\n<p>El total de v\u00edctimas mortales registradas en la v\u00edspera por Covid-19 es dos veces mayor a los 1.319 que se hab\u00edan informado el lunes, tras los feriados de Semana Santa y que tambi\u00e9n trajeron 28.645 casos.<\/p>\n<p>Adem\u00e1s, se contabilizaron 86.979 nuevos contagios, llevando la cifra total a 13,1 millones.<\/p>\n<p>En los primeros seis d\u00edas de abril, el n\u00famero de decesos ascendi\u00f3 a 15.432, manteniendo la tendencia de marzo, el mes m\u00e1s letal hasta ahora, con 66.573 muertos, m\u00e1s del doble del r\u00e9cord anterior.<\/p>\n<p>El promedio diario en siete d\u00edas es de 2.757 fallecimientos.<\/p>\n<p> <iframe width=\"560\" height=\"315\" src=\"https:\/\/www.youtube.com\/embed\/2jlcJ7r-BRo?wmode=transparent&amp;showinfo=0&amp;autohide=1&amp;rel=0\" frameborder=\"0\" allowfullscreen>[embedded content]<\/iframe> <\/p>\n<p>Brasil super\u00f3 por primera vez los 4.000 muertos por coronavirus en 24 horas<\/p>\n<p><strong>Los especialistas afirman que en las pr\u00f3ximas semanas la naci\u00f3n podr\u00eda atravesar un escenario m\u00e1s sombr\u00edo, con los hospitales colapsados, la vacunaci\u00f3n avanzando a paso lento y el Gobierno de Jair Bolsonaro rechazando la aplicaci\u00f3n de una cuarentena, debido a sus impactos econ\u00f3micos negativos.<\/strong><\/p>\n<p>Uno de los estados m\u00e1s golpeados por la pandemia es San Pablo, que notific\u00f3 hoy 1.389 muertes en un d\u00eda, un aumento del 1,8% en el per\u00edodo, mientras que los casos fueron 22.794, es decir, alrededor del 85% del m\u00e1ximo hist\u00f3rico registrado en la \u00faltima semana, con un crecimiento del 0,9% en la v\u00edspera, seg\u00fan inform\u00f3 el portal Terra.<\/p>\n<p><strong>De acuerdo con los datos de la Fundaci\u00f3n del Sistema Estatal de An\u00e1lisis de Datos (Seade), San Pablo, que totalizaba m\u00e1s de 2,5 millones de contagios y 78.554 muertes desde diciembre de 2019, registr\u00f3 una ca\u00edda semanal hasta el lunes del 6,6% en los nuevos casos, pero las muertes aumentaron un 4,3%.<\/strong><\/p>\n<p>All\u00ed, fueron habilitados colectivos escolares para cargar cuerpos y se est\u00e1n realizando entierros nocturnos para atender la demanda.<\/p>\n<p>M\u00e1s temprano,<strong> el nuevo canciller de Brasil, Carlos Fran\u00e7a, prometi\u00f3 una \u00abverdadera diplomacia de la salud\u00bb debido a la urgencia en el combate a la pandemia de la Covid-19, seg\u00fan enunci\u00f3 en su discurso de toma de posesi\u00f3n del cargo.<\/strong><\/p>\n<p><strong>\u00abLa primera urgencia es el combate a la pandemia del Covid-19, las misiones diplom\u00e1ticas y consulados de Brasil en el exterior estar\u00e1n cada vez m\u00e1s involucrados en una verdadera diplomacia de la salud\u00bb<\/strong>, prometi\u00f3 el nuevo ministro, seg\u00fan la agencia Sputnik.<\/p>\n<div class=\"image\" id=\"image\" readability=\"8\"> <img src=\"http:\/\/hoycordobaweb.com\/wp-content\/uploads\/2021\/04\/brasil-supero-la-barrera-de-las-4-000-muertes-por-coronavirus-en-un-dia-3.jpg\" alt=\"El pa\u00eds es el segundo con m\u00e1s muertes en el mundo, detr\u00e1s de Estados unidos\" title=\"El pa\u00eds es el segundo con m\u00e1s muertes en el mundo, detr\u00e1s de Estados unidos\"><\/p>\n<p>El pa\u00eds es el segundo con m\u00e1s muertes en el mundo, detr\u00e1s de Estados unidos<\/p>\n<\/div>\n<p><br open><br \/>\n<strong>\u00abMi compromiso es involucrar a Brasil en un intenso esfuerzo de cooperaci\u00f3n internacional, sin exclusiones, y abrir nuevos caminos de actuaci\u00f3n diplom\u00e1tica, sin preferencias de esta o aquella naturaleza\u00bb, remarc\u00f3.<\/strong><\/p>\n<p>Su predecesor en el cargo, Ernesto Ara\u00fajo, dej\u00f3 el Gobierno entre fuertes cr\u00edticas por la alineaci\u00f3n total de la diplomacia brasile\u00f1a con los intereses del entonces Gobierno de Donald Trump en Estados Unidos, que acab\u00f3 perjudicando a Brasil en el acceso a vacunas contra la Covid-19.<\/p>\n<p>Pero Fran\u00e7a asegur\u00f3 que ahora son crecientes los contactos con gobiernos y laboratorios para mapear las vacunas disponibles y los medicamentos necesarios para tratar a los pacientes en estado m\u00e1s grave.<\/p>\n<p><strong>En la l\u00ednea de intentar acceder al m\u00e1ximo de vacunas posible, el canciller valor\u00f3 de forma positiva las declaraciones de la nueva directora general de la Organizaci\u00f3n Mundial del Comercio (OMC) sobre la necesidad de un \u00abconsenso amplio\u00bb que garantice el acceso a vacunas, con m\u00e1s producci\u00f3n y mejor distribuci\u00f3n.<\/strong><\/p>\n<p>No obstante, no avanz\u00f3 en si cambiar\u00e1 la postura de Brasil respecto de la propuesta para suspender las patentes de las vacunas que presentaron India y Sud\u00e1frica en esta organizaci\u00f3n, propuesta rechazada por el anterior jefe de la diplomacia.<\/p>\n<p>El pa\u00eds comenz\u00f3 a vacunar a principios de enero, varias semanas despu\u00e9s que Estados Unidos, gran parte de los pa\u00edses europeos e incluso que Argentina y Chile.<\/p>\n<p>A falta de orientaciones claras del Gobierno de Bolsonaro, los estados y ciudades se vieron librados a su suerte, enfrentando muchos contratiempos, fraudes e incluso la suspensi\u00f3n de la vacunaci\u00f3n como ocurri\u00f3 en Rio de Janeiro o Salvador, a falta de dosis.<\/p>\n<p>Hasta la fecha, 20 millones (9,8% de la poblaci\u00f3n) de personas recibieron la primera dosis y 5,8 millones (2,7% de la poblaci\u00f3n), la segunda. <\/p>\n","protected":false},"excerpt":{"rendered":"<p>Brasil registro un nuevo r\u00e9cord de muertes diarias con Covid-19 Brasil super\u00f3 este martes la barrera de las 4.000 muertes en un d\u00eda a causa del coronavirus por primera vez desde el comienzo de la pandemia, inform\u00f3 el Ministerio de la Salud. En pleno agravamiento de la crisis sanitaria, el gigante sudamericano, de 212 millones [&hellip;]<\/p>\n","protected":false},"author":1,"featured_media":17070,"comment_status":"open","ping_status":"closed","sticky":false,"template":"","format":"standard","meta":[],"categories":[19],"tags":[],"_links":{"self":[{"href":"http:\/\/hoycordobaweb.com\/index.php\/wp-json\/wp\/v2\/posts\/17069"}],"collection":[{"href":"http:\/\/hoycordobaweb.com\/index.php\/wp-json\/wp\/v2\/posts"}],"about":[{"href":"http:\/\/hoycordobaweb.com\/index.php\/wp-json\/wp\/v2\/types\/post"}],"author":[{"embeddable":true,"href":"http:\/\/hoycordobaweb.com\/index.php\/wp-json\/wp\/v2\/users\/1"}],"replies":[{"embeddable":true,"href":"http:\/\/hoycordobaweb.com\/index.php\/wp-json\/wp\/v2\/comments?post=17069"}],"version-history":[{"count":0,"href":"http:\/\/hoycordobaweb.com\/index.php\/wp-json\/wp\/v2\/posts\/17069\/revisions"}],"wp:featuredmedia":[{"embeddable":true,"href":"http:\/\/hoycordobaweb.com\/index.php\/wp-json\/wp\/v2\/media\/17070"}],"wp:attachment":[{"href":"http:\/\/hoycordobaweb.com\/index.php\/wp-json\/wp\/v2\/media?parent=17069"}],"wp:term":[{"taxonomy":"category","embeddable":true,"href":"http:\/\/hoycordobaweb.com\/index.php\/wp-json\/wp\/v2\/categories?post=17069"},{"taxonomy":"post_tag","embeddable":true,"href":"http:\/\/hoycordobaweb.com\/index.php\/wp-json\/wp\/v2\/tags?post=17069"}],"curies":[{"name":"wp","href":"https:\/\/api.w.org\/{rel}","templated":true}]}}