{"id":16935,"date":"2021-04-06T00:13:45","date_gmt":"2021-04-06T00:13:45","guid":{"rendered":"https:\/\/www.ole.com.ar\/maradona\/declaraciones-matias-morla_0_JZZJ4P_Ki.html"},"modified":"2021-04-06T00:13:45","modified_gmt":"2021-04-06T00:13:45","slug":"caso-maradona-las-bombas-de-morla","status":"publish","type":"post","link":"http:\/\/hoycordobaweb.com\/index.php\/2021\/04\/06\/caso-maradona-las-bombas-de-morla\/","title":{"rendered":"Caso Maradona: las bombas de Morla"},"content":{"rendered":"<p><img src=\"http:\/\/hoycordobaweb.com\/wp-content\/uploads\/2021\/04\/caso-maradona-las-bombas-de-morla.jpg\"><\/p>\n<div><img src=\"http:\/\/hoycordobaweb.com\/wp-content\/uploads\/2021\/04\/caso-maradona-las-bombas-de-morla.jpg\" class=\"ff-og-image-inserted\"><\/div>\n<p><a alt=\"matias-morla\" class=\"slug\" href=\"https:\/\/www.ole.com.ar\/tema\/matias-morla.html\" target=\"_blank\" title=\"matias-morla\" rel=\"noopener noreferrer\">Mat\u00edas Morla<\/a>, el \u00faltimo abogado de Diego Maradona, volvi\u00f3 a hablar. Dio su primera entrevista desde la muerte del Diez, ocurrida el 25 de noviembre. <strong>\u00abEl diablo no es tan malo, por lo que quieren hacer figurar soy el diablo. <\/strong>Soy el malo para un sector de los herederos, para la Justicia, no\u00bb, dijo.<\/p>\n<p>Morla dio su teor\u00eda sobre la muerte de&nbsp;Diego. \u00abSi Maradona desde los 15 a\u00f1os hac\u00eda lo que quiso, <strong>\u00bfqu\u00e9 lo mat\u00f3? Roc\u00edo Oliva, la cuarentena,<\/strong> la junta m\u00e9dica que est\u00e1 en estudio. La situaci\u00f3n de estar enamorado de una mujer que no le hizo devoluci\u00f3n\u00bb, dijo en alusi\u00f3n a la \u00faltima novia del 10.<\/p>\n<p>Y fue dur\u00edsimo contra Dalma, Gianinna y Claudia: \u00ab<strong>Dalma y Gianinna est\u00e1n laceradas por el odio de clase. (Claudia) Villafa\u00f1e se llev\u00f3 el cad\u00e1ver, nunca lo tuvo a Diego\u00bb<\/strong>, fue una de sus frases m\u00e1s duras. Y fue m\u00e1s all\u00e1: \u00abMaradona sab\u00eda que los ladrones son ellos, no yo\u201d, arranc\u00f3 Morla, quien fue muy duro con las hijas del 10. Otro momento de la entrevista apunt\u00f3 duro contra Roc\u00edo Oliva: \u00abA Roc\u00edo le regal\u00f3 propiedades, autos. <strong>El amaba a Roc\u00edo, estaba peleado a muerte con Dalma y Gianinna, se sent\u00eda robado, traicionado<\/strong>, con Ver\u00f3nica ten\u00eda el v\u00ednculo con el hijo (Diego Fernando)\u00bb .<\/p>\n<p>\u00abFue muy triste todo lo que pas\u00e9; cuando se muere Diego, se muere mi otra mitad. <strong>Ahora, que pas\u00f3 un tiempo, las voces que hablaban de un homicidio est\u00e1n quedando desacreditadas.<\/strong> En vez de condena social es cadena social. Juntar mil personas no tiene que ver con la historia social\u00bb, opin\u00f3 por la marcha en el Obelisco.<\/p>\n<p>En ese sentido, Morla dijo que sufri\u00f3 por las acusaciones que recibi\u00f3&nbsp; tras la muerte de Diego.&nbsp;\u00abA mis hijos los fui a buscar al colegio y me sacaban fotos. Desayuno en la misma esquina todos los d\u00edas. Hago la misma actividad de siempre. Con Maradona ayudamos gente.<strong>&nbsp;A m\u00ed no me siguen barras bravas, como los que fueron a la Plaza, barras bravas y pagos.<\/strong> \u00bfSab\u00e9s por qu\u00e9 fueron a la Plaza? Porque Maradona facturaba. Maradona se muri\u00f3, no puede hacer m\u00e1s dinero ahora. \u00bfQu\u00e9 hace dinero ahora? La marca Maradona\u00bb, cont\u00f3 en TV Nostra, programa conducido por Jorge Rial..<\/p>\n<h2><strong>Las frases principales:<\/strong><\/h2>\n<p><strong>El enojo contra la familia:<\/strong> \u00ab\u00bfVamos a hacer lo que queremos o lo que Diego dec\u00eda? Se registr\u00f3 legalmente a nombre m\u00edo, declarada ante las autoridades. Las hermanas van a vivir de eso. De la imagen, Diego dispuso que estoy habilitado a firmar la imagen siempre que les d\u00e9 el 50% a los herederos. Las hijas pueden hacer contratos con la imagen de Maradona. Yo tengo que darles la mitad a ellas. La \u00fanica manera es que demuestren que fue un acto nulo. Maradona firm\u00f3 esto en la Corte de Dubai, en 2015. \u00bfMaradona insano? Dos veces a la final con Dorados, una vez a la final con Fujaira, transmisiones con Telesur. Es rid\u00edculo:&nbsp;<strong>cuando le daba un mill\u00f3n de d\u00f3lares a Dalma, no estaba borracho; cuando le daba pasajes en primera a Gianinna, no estaba borracho; cuando le compraba a Roc\u00edo Oliva, estaba borracho. Es desopilante, es rid\u00edculo. Yo me daba cuenta que estaba mal y&nbsp;a Maradona lo abandonaron,<\/strong> se muri\u00f3 solo\u00bb.<\/p>\n<p><strong>La marca Maradona: <\/strong>\u00abHay algo muy claro: Maradona facturaba. Maradona se muri\u00f3. No puede hacer m\u00e1s dinero. \u00bfQu\u00e9 hace dinero ahora? La marca Maradona. Y mientras en Europa me piden la marca Maradona y yo les digo que no, hacen una marcha en la plaza. A la gente que le cerraron la puerta a las cuatro de la tarde y no lo dejaron ver a Maradona, ahora la usan para que vaya a la plaza. Y la gente se aviv\u00f3, no fue nadie.&nbsp;<\/p>\n<p><strong>La investigaci\u00f3n: \u00ab<\/strong>Hacen una <strong>junta m\u00e9dica con los mejores profesionales de la Naci\u00f3n, yo no coloqu\u00e9 un perito porque son los mejores<\/strong>. Marcha de qu\u00e9. Si me dec\u00eds que hay un mont\u00f3n de cuestiones judiciales paralizadas. La marcha es para la marca Maradona. Yo hay algo que no voy a perdonar.&nbsp;A m\u00ed no me dejaron despedir a Diego y no me importa porque me dec\u00eda que me amaba. Eso era Diego conmigo, era amor\u00bb.<\/p>\n<p><strong>La marcha en el Obelisco:<\/strong> \u00abLa Plaza fue un escrache para la marca Sattvica. La marca Maradona la puse a nombre m\u00edo por orden de Diego. Cuando vos instal\u00e1s una marca, hay un plazo para que alguien se oponga. Y nadie se opuso\u00bb, dijo en defensa de su propiedad.<\/p>\n<p><strong>Los palos a Claudia: <\/strong>\u00abVillafa\u00f1e en el a\u00f1o 2000 inscribi\u00f3 la marca Maradona. Est\u00e1 indignada, no la tiene. La relaci\u00f3n que tengo en a\u00f1os de trabajo. Diego Armando Maradona la tienen Dalma y Gianinna. Ahora te explico algo m\u00e1s violento. Vos ten\u00e9s la marca, sola no sirve. \u00bfSab\u00e9s de qui\u00e9n es? De los herederos\u00bb.<\/p>\n<p><strong>Su desenga\u00f1o con Roc\u00edo Oliva:<\/strong> El primer gran problema de su vida,<strong> Roc\u00edo lo dej\u00f3. No lo pudo superar nunca. De diez palabras, once eran&nbsp;Roc\u00edo. Estaba muerto.<\/strong> En Roma le mand\u00f3 a comprar un piso a Roc\u00edo Oliva y Roc\u00edo dijo no porque viv\u00eda en Buenos Aires. A Roc\u00edo no la quiero, no me&nbsp;hablo. Pero no voy a mentir en nada, no me llevaba bien. <strong>No me gustaba, no me cae. Pero digo la verdad. Todo lo que tiene, Diego se lo regal\u00f3. Como departamentos a las hermanas, a Dalma y Gianinna (&#8230;)&nbsp;Hoy me reprocho no haber hecho algo porque Roc\u00edo entre al velorio, Diego la amaba\u00bb.&nbsp;<\/strong><\/p>\n<p><strong>Lo que se reprocha:<\/strong> \u00abLo \u00fanico que me queda de bronca es hacer m\u00e1s fuerza para cumplir el \u00faltimo deseo: ver a todos sus hijos juntos, \u00e9se era su gran dolor. Cuando fue a Europa, Gianinna estaba escondida en la habitaci\u00f3n, porque estaban Jana y Diego Jr. <strong>Diego me llamaba y me dec\u00eda mis hijos no me quieren ver. <\/strong>Ellas est\u00e1n laceradas por el odio de clase. No se sentar\u00edan juntas con Dana y Junior, si lo hacen es por este tema\u00bb. Adem\u00e1s, cont\u00f3: \u00abYo pas\u00e9 siete Navidades y A\u00f1o Nuevo con Diego y \u00e9l miraba el tel\u00e9fono y no lo llamaba nadie\u00bb.<\/p>\n<p><strong>M\u00e1s contra Claudia y las nenas<\/strong>: \u00abYo con mis enemigos no tengo nada personal. Las chicas no me quieren desde que les revocamos la tarjeta de cr\u00e9dito en 2014. <strong>Se pelearon porque le robaron. El se da cuenta por una empresa inglesa que hace una auditor\u00eda.<\/strong> Claudia est\u00e1 imputada por evasi\u00f3n tributaria, la causa en Miami, que no le devolvi\u00f3 nada; causa por defraudaci\u00f3n\u00bb. Adem\u00e1s: \u00abDiego estaba indignado porque Dalma a la hija le puso Roma y \u00e9l era de N\u00e1poles. La relaci\u00f3n de a\u00f1os de trabajo no la tienen ellas\u00bb.&nbsp;<\/p>\n<p><strong>Jana y Diego JR:<\/strong> \u00abNo entiendo a Jana qu\u00e9 le pas\u00f3 conmigo. Le dije: &#8216;Jana, tus hermanas te enga\u00f1an&#8217;. Diego Junior sufri\u00f3, le cost\u00f3 el reconocimiento, tuvo muchas dudas sobre la paternidad, hasta Diego ten\u00eda la duda. Le dec\u00eda: &#8216;Yo s\u00e9 que tu mam\u00e1 estuvo con hermanos m\u00edos&#8230;&#8217;. Por eso yo s\u00e9 que con los mensajes que hay con dudas con la paternidad. No entiendo por qu\u00e9 Diego Jr me ataca. Me llamaba para que compre un Mercedes Benz, una casa&#8230;\u00bb.<\/p>\n<p><strong>Las adicciones: <\/strong>Diego supo que el responsable era \u00e9l, nunca critic\u00f3 a una pareja al lado. Diego en Fujaira, cumplea\u00f1os, le digo no vayas. Pierde la final: tomando alcohol todo el d\u00eda. Diego en el alcohol ve\u00eda la parte negra, oscura. En Argentina era la pelea familiar, mandaba mensajes de audio, do\u00f1a Tota\u00bb. <\/p>\n<p><strong>As\u00ed lleg\u00f3 Luque:&nbsp;<\/strong>\u00abEst\u00e1bamos en Dubai, agarra Diego,&nbsp;busco el mejor especialista de cuestiones g\u00e1stricas, y aparece en Londres. Diego dijo no, &#8216;me opero en Colombia con un m\u00e9dico de Venezuela&#8217;. Cuando fuimos a la cl\u00ednica yo no pod\u00eda creer que estuviera en ese lugar. Ese era Maradona. Cuando vuelve de ese viaje de Venezuela ten\u00eda un reflujo, le agarraba algo cuando com\u00eda. Empiezan a buscar m\u00e9dicos. De toda esa camada va Luque, va con el hijo pegan onda, empiezan una relaci\u00f3n. \u00bfPor qu\u00e9 banqu\u00e9 a Luque? Porque tengo c\u00f3digos\u00bb.<\/p>\n<p><strong>La causa por defraudaci\u00f3n: <\/strong>\u00abTengo un audio en el que le digo a Ver\u00f3nica Ojeda que no me interesa la plata, yo ya ten\u00eda una estabilidad econ\u00f3mica. Lo nuestro con Diego era paralelo. Yo era socio, compart\u00edamos la cuenta en M\u00f3naco. Yo le cobraba un porcentaje y los dos crec\u00edamos. Lo que pasa es que yo no le regalaba casas a Roc\u00edo Oliva. \u00bfQui\u00e9n dice que me qued\u00e9 con plata? Las dos personas que fueron denunciadas por Diego por robo\u00bb.<\/p>\n<div class=\"entry-tags\">\n<h2>TEMAS QUE APARECEN EN ESTA NOTA<\/h2>\n<\/p><\/div>\n","protected":false},"excerpt":{"rendered":"<p>Mat\u00edas Morla, el \u00faltimo abogado de Diego Maradona, volvi\u00f3 a hablar. Dio su primera entrevista desde la muerte del Diez, ocurrida el 25 de noviembre. \u00abEl diablo no es tan malo, por lo que quieren hacer figurar soy el diablo. Soy el malo para un sector de los herederos, para la Justicia, no\u00bb, dijo. Morla [&hellip;]<\/p>\n","protected":false},"author":1,"featured_media":16936,"comment_status":"open","ping_status":"closed","sticky":false,"template":"","format":"standard","meta":[],"categories":[16],"tags":[],"_links":{"self":[{"href":"http:\/\/hoycordobaweb.com\/index.php\/wp-json\/wp\/v2\/posts\/16935"}],"collection":[{"href":"http:\/\/hoycordobaweb.com\/index.php\/wp-json\/wp\/v2\/posts"}],"about":[{"href":"http:\/\/hoycordobaweb.com\/index.php\/wp-json\/wp\/v2\/types\/post"}],"author":[{"embeddable":true,"href":"http:\/\/hoycordobaweb.com\/index.php\/wp-json\/wp\/v2\/users\/1"}],"replies":[{"embeddable":true,"href":"http:\/\/hoycordobaweb.com\/index.php\/wp-json\/wp\/v2\/comments?post=16935"}],"version-history":[{"count":0,"href":"http:\/\/hoycordobaweb.com\/index.php\/wp-json\/wp\/v2\/posts\/16935\/revisions"}],"wp:featuredmedia":[{"embeddable":true,"href":"http:\/\/hoycordobaweb.com\/index.php\/wp-json\/wp\/v2\/media\/16936"}],"wp:attachment":[{"href":"http:\/\/hoycordobaweb.com\/index.php\/wp-json\/wp\/v2\/media?parent=16935"}],"wp:term":[{"taxonomy":"category","embeddable":true,"href":"http:\/\/hoycordobaweb.com\/index.php\/wp-json\/wp\/v2\/categories?post=16935"},{"taxonomy":"post_tag","embeddable":true,"href":"http:\/\/hoycordobaweb.com\/index.php\/wp-json\/wp\/v2\/tags?post=16935"}],"curies":[{"name":"wp","href":"https:\/\/api.w.org\/{rel}","templated":true}]}}