{"id":1688,"date":"2020-09-15T15:44:00","date_gmt":"2020-09-15T15:44:00","guid":{"rendered":"http:\/\/hoycordobaweb.com\/index.php\/2020\/09\/15\/se-reanudo-el-juicio-por-presunto-direccionamiento-de-la-obra-publica-en-santa-cruz\/"},"modified":"2020-09-15T15:44:00","modified_gmt":"2020-09-15T15:44:00","slug":"se-reanudo-el-juicio-por-presunto-direccionamiento-de-la-obra-publica-en-santa-cruz","status":"publish","type":"post","link":"http:\/\/hoycordobaweb.com\/index.php\/2020\/09\/15\/se-reanudo-el-juicio-por-presunto-direccionamiento-de-la-obra-publica-en-santa-cruz\/","title":{"rendered":"Se reanud\u00f3 el juicio por presunto direccionamiento de la obra p\u00fablica en Santa Cruz"},"content":{"rendered":"<div><img src=\"http:\/\/hoycordobaweb.com\/wp-content\/uploads\/2020\/09\/se-reanudo-el-juicio-por-presunto-direccionamiento-de-la-obra-publica-en-santa-cruz.png\" class=\"ff-og-image-inserted\"><\/div>\n<p>Un funcionario de carrera del \u00e1rea de obra p\u00fablica nacional dijo hoy desconocer si existi\u00f3 alguna presi\u00f3n vinculada con empresas de Santa Cruz contratistas del Estado, al declarar en el juicio a la expresidenta y actual vicepresidenta Cristina Kirchner y otros procesados por presuntos delitos en esa provincia.<\/p>\n<p><strong>\u00abNo recuerdo, no conozco que haya habido alguna presi\u00f3n\u00bb, respondi\u00f3 Oscar D\u00e1vila<\/strong>, un contador que desarroll\u00f3 toda su carrera en el \u00e1rea de obra p\u00fablica nacional y fue director de Contabilidad y Finanzas en el ex Ministerio de Planificaci\u00f3n Federal en el kirchnerismo.<\/p>\n<p>El juicio por el presunto direccionamiento de la obra p\u00fablica en Santa Cruz a favor de empresas de L\u00e1zaro B\u00e1ez se reanud\u00f3 con su testimonio, luego que el Tribunal Oral Federal 2 resolvi\u00f3 posponer las citaciones de testigos considerados \u00abrelevantes\u00bb por la fiscal\u00eda para cuando las audiencias vuelvan a ser presenciales.<\/p>\n<p>Se trata de los exresponsables del \u00e1rea jur\u00eddica de Planificaci\u00f3n Rafael Llorens y Pablo Campi, cuyas citaciones se reiterar\u00e1n m\u00e1s adelante.<\/p>\n<p>Ante ello fue citado D\u00e1vila, propuesto por la defensa del acusado exsubsecretario de Coordinaci\u00f3n de Obra P\u00fablica Federal Carlos Kirchner.<\/p>\n<p>\u00abSiempre tuve cargos t\u00e9cnicos\u00bb, aclar\u00f3 D\u00e1vila en varias oportunidades y refiri\u00f3 que en la actualidad es director de Fondos Fiduciarios del Ministerio de Obras P\u00fablicas.<\/p>\n<p>El testigo dijo que no conoci\u00f3 al acusado L\u00e1zaro B\u00e1ez, due\u00f1o de Austral Construcciones, y que su funci\u00f3n era firmar \u00ab\u00f3rdenes de pago\u00bb para las diferentes empresas contratadas sin recordar ninguna en particular.<\/p>\n<p>Adem\u00e1s, sostuvo que hab\u00eda secretar\u00edas espec\u00edficas que se dedicaban al control de cada obra p\u00fablica emprendida.<\/p>\n<p>La segunda testigo de la jornada fue la actual jefa de Gabinete de Asesores del Ministerio de Ambiente, Mar\u00eda Soledad Cantero, quien trabaj\u00f3 en la Secretar\u00eda de Obra P\u00fablica que estuvo a cargo del detenido y tambi\u00e9n acusado en este juicio Jos\u00e9 L\u00f3pez.<\/p>\n<p>El testimonio fue pedido por la defensa de L\u00f3pez, condenado en otra causa penal por enriquecimiento il\u00edcito tras haber sido sorprendido cuando intent\u00f3 esconder bolsos con millones de d\u00f3lares en un monasterio de General Rodr\u00edguez.<\/p>\n<p><strong>\u00abJos\u00e9 L\u00f3pez era una persona muy intensa, muy exigente, lo que a uno le ha quedado es que la cultura del trabajo no es para cualquiera, viv\u00edamos para trabajar y era muy serio con lo que hac\u00eda\u00bb,<\/strong> refiri\u00f3 sobre su exjefe.<\/p>\n<p><strong>El juicio a la actual vicepresidenta, al exministro de Planificaci\u00f3n Julio De Vido, al detenido empresario L\u00e1zaro B\u00e1ez y otros procesados se reanud\u00f3 en agosto bajo modalidad semipresencial.<\/strong><\/p>\n<p>Los d\u00edas de audiencia, lunes y martes, los tres jueces del Tribunal Jorge Gorini, Rodrigo Gim\u00e9nez Uriburu y Andr\u00e9s Basso concurren a la sede de Comodoro Py 2002 al igual que los testigos convocados pero la fiscal\u00eda, querellas, abogados defensores y acusados que desean presenciar las audiencias lo hacen de manera remota a trav\u00e9s de la plataforma virtual Zoom.<\/p>\n<p>En el juicio se debate si hubo direccionamiento y presuntos sobreprecios e incumplimientos en la obra p\u00fablica nacional otorgada en Santa Cruz a la empresa de B\u00e1ez Austral Construcciones y otras vinculadas, durante los gobiernos de N\u00e9stor y Cristina Kirchner. <\/p>\n","protected":false},"excerpt":{"rendered":"<p>Un funcionario de carrera del \u00e1rea de obra p\u00fablica nacional dijo hoy desconocer si existi\u00f3 alguna presi\u00f3n vinculada con empresas de Santa Cruz contratistas del Estado, al declarar en el juicio a la expresidenta y actual vicepresidenta Cristina Kirchner y otros procesados por presuntos delitos en esa provincia. \u00abNo recuerdo, no conozco que haya habido [&hellip;]<\/p>\n","protected":false},"author":1,"featured_media":1689,"comment_status":"open","ping_status":"closed","sticky":false,"template":"","format":"standard","meta":[],"categories":[19],"tags":[],"_links":{"self":[{"href":"http:\/\/hoycordobaweb.com\/index.php\/wp-json\/wp\/v2\/posts\/1688"}],"collection":[{"href":"http:\/\/hoycordobaweb.com\/index.php\/wp-json\/wp\/v2\/posts"}],"about":[{"href":"http:\/\/hoycordobaweb.com\/index.php\/wp-json\/wp\/v2\/types\/post"}],"author":[{"embeddable":true,"href":"http:\/\/hoycordobaweb.com\/index.php\/wp-json\/wp\/v2\/users\/1"}],"replies":[{"embeddable":true,"href":"http:\/\/hoycordobaweb.com\/index.php\/wp-json\/wp\/v2\/comments?post=1688"}],"version-history":[{"count":0,"href":"http:\/\/hoycordobaweb.com\/index.php\/wp-json\/wp\/v2\/posts\/1688\/revisions"}],"wp:featuredmedia":[{"embeddable":true,"href":"http:\/\/hoycordobaweb.com\/index.php\/wp-json\/wp\/v2\/media\/1689"}],"wp:attachment":[{"href":"http:\/\/hoycordobaweb.com\/index.php\/wp-json\/wp\/v2\/media?parent=1688"}],"wp:term":[{"taxonomy":"category","embeddable":true,"href":"http:\/\/hoycordobaweb.com\/index.php\/wp-json\/wp\/v2\/categories?post=1688"},{"taxonomy":"post_tag","embeddable":true,"href":"http:\/\/hoycordobaweb.com\/index.php\/wp-json\/wp\/v2\/tags?post=1688"}],"curies":[{"name":"wp","href":"https:\/\/api.w.org\/{rel}","templated":true}]}}