{"id":16755,"date":"2021-04-03T22:44:12","date_gmt":"2021-04-03T22:44:12","guid":{"rendered":"http:\/\/ladecimaweb.com\/?p=9012"},"modified":"2021-04-03T22:44:12","modified_gmt":"2021-04-03T22:44:12","slug":"menos-del-02-de-las-personas-vacunadas-fueron-notificadas-como-casos-positivos","status":"publish","type":"post","link":"http:\/\/hoycordobaweb.com\/index.php\/2021\/04\/03\/menos-del-02-de-las-personas-vacunadas-fueron-notificadas-como-casos-positivos\/","title":{"rendered":"Menos del 0,2% de las personas vacunadas fueron notificadas como casos positivos"},"content":{"rendered":"<p><em>(Agencia T\u00e9lam)<\/em> Menos del 0,2% de las personas vacunadas con primera o segunda dosis fueron notificadas como casos de coronavirus transcurridos por lo menos 14 d\u00edas de aplicada la primera dosis, inform\u00f3 este s\u00e1bado el Ministerio de Salud.<\/p>\n<p>La cartera sanitaria elabor\u00f3 la informaci\u00f3n para evaluar la ocurrencia de Covid-19 en personas vacunadas en base al an\u00e1lisis preliminar de casos notificados en el\u00a0<strong>Sistema Nacional de Vigilancia en Salud<\/strong>\u00a0(SNVS) y los datos del\u00a0<strong>Registro Federal de Vacunaci\u00f3n Nominalizado<\/strong>\u00a0(NomiVac) al 26 de marzo 2021.<\/p>\n<p>Ese an\u00e1lisis arroj\u00f3 que menos del 0,2% de las personas vacunadas con primera o segunda dosis fueron notificadas como casos positivos despu\u00e9s de al menos 14 d\u00edas de aplicada la primera dosis.<\/p>\n<div class=\"js-code\">\n<div class=\"twitter-tweet twitter-tweet-rendered\"><iframe id=\"twitter-widget-0\" class=\"\" title=\"Twitter Tweet\" src=\"https:\/\/platform.twitter.com\/embed\/Tweet.html?creatorScreenName=agenciatelam&amp;dnt=false&amp;embedId=twitter-widget-0&amp;frame=false&amp;hideCard=false&amp;hideThread=false&amp;id=1378401547017728001&amp;lang=en&amp;origin=https%3A%2F%2Fwww.telam.com.ar%2Fnotas%2F202104%2F549540-ocurrencia-de-coronavirus-en-personas-vacunadas-con-primera-o-segunda-dosis.html&amp;siteScreenName=agenciatelam&amp;theme=light&amp;widgetsVersion=e1ffbdb%3A1614796141937&amp;width=550px\" frameborder=\"0\" scrolling=\"no\" allowfullscreen=\"allowfullscreen\" data-tweet-id=\"1378401547017728001\" data-mce-fragment=\"1\"><\/iframe><\/div>\n<div><\/div>\n<\/div>\n<div class=\"title-big clearfix\"><strong>Primera dosis<\/strong>Del total de 2.824.344 personas vacunadas con la primera dosis, 4.212 se notificaron como casos de coronavirus, tras al menos 14 d\u00edas de aplicaci\u00f3n, lo que representa un 0,15%.<\/p>\n<\/div>\n<p>Segunda dosis<\/p>\n<div class=\"title-big clearfix\">\n<p>En tanto, de las 650.071 personas vacunadas con ambas dosis, 1.003 se enfermaron luego de los 14 d\u00edas de la segunda dosis, lo que tambi\u00e9n significa un 0,15%.<\/p>\n<\/div>\n<p><strong>Fallecimientos<\/strong><\/p>\n<div class=\"title-big clearfix\">\n<p>Con respecto a los fallecidos, 15 personas de entre 61 y 94 a\u00f1os murieron luego de la primera dosis (0,0005%) y no se registraron decesos entre aquellas inmunizadas con dos dosis de la vacuna.<\/p>\n<\/div>\n<p><strong>&#8220;El Plan Estrat\u00e9gico para la vacunaci\u00f3n contra la Covid-19 en Argentina tiene por objetivo reducir las hospitalizaciones, las formas graves y la mortalidad causada por coronavirus&#8221;<\/strong>, asegur\u00f3 el Ministerio de Salud.<\/p>\n<p>&nbsp;<\/p>\n<div class=\"ubm_banner\"><a href=\"https:\/\/youtu.be\/4ekd0b3znLI\" target=\"_blank\" rel=\"dofollow noopener noreferrer\"><img src=\"http:\/\/hoycordobaweb.com\/wp-content\/uploads\/2021\/04\/menos-del-02-de-las-personas-vacunadas-fueron-notificadas-como-casos-positivos.gif\" alt=\"\"><\/a><\/div>\n<p>La entrada <a rel=\"nofollow\" href=\"https:\/\/ladecimaweb.com\/menos-del-02-de-las-personas-vacunadas-fueron-notificadas-como-casos-positivos\/\">Menos del 0,2% de las personas vacunadas fueron notificadas como casos positivos<\/a> se public\u00f3 primero en <a rel=\"nofollow\" href=\"https:\/\/ladecimaweb.com\">LaDecima<\/a>.<\/p>\n","protected":false},"excerpt":{"rendered":"<p>(Agencia T\u00e9lam) Menos del 0,2% de las personas vacunadas con primera o segunda dosis fueron notificadas como casos de coronavirus transcurridos por lo menos 14 d\u00edas de aplicada la primera dosis, inform\u00f3 este s\u00e1bado el Ministerio de Salud. La cartera sanitaria elabor\u00f3 la informaci\u00f3n para evaluar la ocurrencia de Covid-19 en personas vacunadas en base [&hellip;]<\/p>\n","protected":false},"author":1,"featured_media":16756,"comment_status":"closed","ping_status":"closed","sticky":false,"template":"","format":"standard","meta":[],"categories":[19],"tags":[],"_links":{"self":[{"href":"http:\/\/hoycordobaweb.com\/index.php\/wp-json\/wp\/v2\/posts\/16755"}],"collection":[{"href":"http:\/\/hoycordobaweb.com\/index.php\/wp-json\/wp\/v2\/posts"}],"about":[{"href":"http:\/\/hoycordobaweb.com\/index.php\/wp-json\/wp\/v2\/types\/post"}],"author":[{"embeddable":true,"href":"http:\/\/hoycordobaweb.com\/index.php\/wp-json\/wp\/v2\/users\/1"}],"replies":[{"embeddable":true,"href":"http:\/\/hoycordobaweb.com\/index.php\/wp-json\/wp\/v2\/comments?post=16755"}],"version-history":[{"count":0,"href":"http:\/\/hoycordobaweb.com\/index.php\/wp-json\/wp\/v2\/posts\/16755\/revisions"}],"wp:featuredmedia":[{"embeddable":true,"href":"http:\/\/hoycordobaweb.com\/index.php\/wp-json\/wp\/v2\/media\/16756"}],"wp:attachment":[{"href":"http:\/\/hoycordobaweb.com\/index.php\/wp-json\/wp\/v2\/media?parent=16755"}],"wp:term":[{"taxonomy":"category","embeddable":true,"href":"http:\/\/hoycordobaweb.com\/index.php\/wp-json\/wp\/v2\/categories?post=16755"},{"taxonomy":"post_tag","embeddable":true,"href":"http:\/\/hoycordobaweb.com\/index.php\/wp-json\/wp\/v2\/tags?post=16755"}],"curies":[{"name":"wp","href":"https:\/\/api.w.org\/{rel}","templated":true}]}}