{"id":16742,"date":"2021-04-03T14:54:00","date_gmt":"2021-04-03T14:54:00","guid":{"rendered":"https:\/\/fm-comunicar.com.ar\/contenido\/17330\/los-concejales-tomaron-la-palabra-tras-la-polemica-por-los-videos-de-la-expo-vin"},"modified":"2021-04-03T14:54:00","modified_gmt":"2021-04-03T14:54:00","slug":"los-concejales-tomaron-la-palabra-tras-la-polemica-por-los-videos-de-la-expo-vino","status":"publish","type":"post","link":"http:\/\/hoycordobaweb.com\/index.php\/2021\/04\/03\/los-concejales-tomaron-la-palabra-tras-la-polemica-por-los-videos-de-la-expo-vino\/","title":{"rendered":"Los concejales tomaron la palabra tras la pol\u00e9mica por los videos de la Expo Vino"},"content":{"rendered":"<p>La oposici\u00f3n present\u00f3 el pedido de informe para saber qu\u00e9 pas\u00f3 en ese evento. El debate dej\u00f3 frases de ambas partes. En la nota, todo lo que dijeron en la sesi\u00f3n virtual.<img src=\"http:\/\/hoycordobaweb.com\/wp-content\/uploads\/2021\/04\/los-concejales-tomaron-la-palabra-tras-la-polemica-por-los-videos-de-la-expo-vino.png\"><\/p>\n","protected":false},"excerpt":{"rendered":"<p>La oposici\u00f3n present\u00f3 el pedido de informe para saber qu\u00e9 pas\u00f3 en ese evento. El debate dej\u00f3 frases de ambas partes. En la nota, todo lo que dijeron en la sesi\u00f3n virtual.<\/p>\n","protected":false},"author":1,"featured_media":16743,"comment_status":"closed","ping_status":"closed","sticky":false,"template":"","format":"standard","meta":[],"categories":[18],"tags":[],"_links":{"self":[{"href":"http:\/\/hoycordobaweb.com\/index.php\/wp-json\/wp\/v2\/posts\/16742"}],"collection":[{"href":"http:\/\/hoycordobaweb.com\/index.php\/wp-json\/wp\/v2\/posts"}],"about":[{"href":"http:\/\/hoycordobaweb.com\/index.php\/wp-json\/wp\/v2\/types\/post"}],"author":[{"embeddable":true,"href":"http:\/\/hoycordobaweb.com\/index.php\/wp-json\/wp\/v2\/users\/1"}],"replies":[{"embeddable":true,"href":"http:\/\/hoycordobaweb.com\/index.php\/wp-json\/wp\/v2\/comments?post=16742"}],"version-history":[{"count":0,"href":"http:\/\/hoycordobaweb.com\/index.php\/wp-json\/wp\/v2\/posts\/16742\/revisions"}],"wp:featuredmedia":[{"embeddable":true,"href":"http:\/\/hoycordobaweb.com\/index.php\/wp-json\/wp\/v2\/media\/16743"}],"wp:attachment":[{"href":"http:\/\/hoycordobaweb.com\/index.php\/wp-json\/wp\/v2\/media?parent=16742"}],"wp:term":[{"taxonomy":"category","embeddable":true,"href":"http:\/\/hoycordobaweb.com\/index.php\/wp-json\/wp\/v2\/categories?post=16742"},{"taxonomy":"post_tag","embeddable":true,"href":"http:\/\/hoycordobaweb.com\/index.php\/wp-json\/wp\/v2\/tags?post=16742"}],"curies":[{"name":"wp","href":"https:\/\/api.w.org\/{rel}","templated":true}]}}