{"id":16640,"date":"2021-04-02T00:46:00","date_gmt":"2021-04-02T00:46:00","guid":{"rendered":"http:\/\/hoycordobaweb.com\/index.php\/2021\/04\/02\/el-senado-aplazo-para-el-domingo-la-votacion-de-la-ley-para-postergar-las-elecciones\/"},"modified":"2021-04-02T00:46:00","modified_gmt":"2021-04-02T00:46:00","slug":"el-senado-aplazo-para-el-domingo-la-votacion-de-la-ley-para-postergar-las-elecciones","status":"publish","type":"post","link":"http:\/\/hoycordobaweb.com\/index.php\/2021\/04\/02\/el-senado-aplazo-para-el-domingo-la-votacion-de-la-ley-para-postergar-las-elecciones\/","title":{"rendered":"El Senado aplaz\u00f3 para el domingo la votaci\u00f3n de la ley para postergar las elecciones"},"content":{"rendered":"<p><img src=\"http:\/\/hoycordobaweb.com\/wp-content\/uploads\/2021\/04\/el-senado-aplazo-para-el-domingo-la-votacion-de-la-ley-para-postergar-las-elecciones.jpg\"><\/p>\n<div class=\"image\" id=\"image\" readability=\"8\"> <img src=\"http:\/\/hoycordobaweb.com\/wp-content\/uploads\/2021\/04\/el-senado-aplazo-para-el-domingo-la-votacion-de-la-ley-para-postergar-las-elecciones-2.jpg\" alt=\"El Senado de Chile votar\u00e1 el proyecto de reforma constitucional que aplaza para mayo las elecciones.\" title=\"El Senado de Chile votar\u00e1 el proyecto de reforma constitucional que aplaza para mayo las elecciones.\"><\/p>\n<p>El Senado de Chile votar\u00e1 el proyecto de reforma constitucional que aplaza para mayo las elecciones.<\/p>\n<\/div>\n<p>El Senado de Chile votar\u00e1 este domingo el proyecto de reforma constitucional que aplaza para el 15 y el 16 de mayo pr\u00f3ximos las elecciones de convencionales constituyentes, gobernadores, alcaldes (intendentes) y concejales programadas en principio para el 10 y el 11 de este mes, debido al alza de casos de coronavirus que vive el pa\u00eds.<\/p>\n<p><strong>La iniciativa fue aprobada por la Comisi\u00f3n de Constituci\u00f3n de la c\u00e1mara alta y ahora debe pasar al pleno del Senado, <\/strong>donde se espera que sea debatida y votada el domingo, a propuesta de algunos senadores en la Comisi\u00f3n de Constituci\u00f3n.<\/p>\n<p><strong>El proyecto<\/strong>, que ya tiene media sanci\u00f3n de Diputados, <strong>busca que las elecciones, previstas inicialmente para el 10 y el 11 de abril, se realicen en mayo debido al importante avance de la pandemia en el pa\u00eds, que reporta un promedio de m\u00e1s de 7.000 casos y 100 fallecidos diarios en las \u00faltimas jornadas.<\/strong><\/p>\n<p>El debate y la votaci\u00f3n -e incluso la eventual promulgaci\u00f3n por parte del presidente Sebasti\u00e1n Pi\u00f1era- eran esperados en principio para hoy, pero los legisladores resolvieron aplazarlos para el domingo sin informar oficialmente las causas.<\/p>\n<p>Fuentes parlamentarias citadas por el diario La Tercera atribuyeron la decisi\u00f3n a que continuaban las negociaciones entre el oficialismo y la oposici\u00f3n, que exig\u00eda que \u00abel Ejecutivo tendr\u00eda que ceder en m\u00e1s restricciones de movilidad, m\u00e1s ayudas sociales y menos financiamiento a los candidatos\u00bb.<\/p>\n<p>No obstante, aunque a\u00fan falta un paso, <strong>el vicepresidente del Senado, el democristiano Jorge Pizarro, afirm\u00f3 que \u201cel proyecto se va a aprobar\u00bb y subray\u00f3 que no ten\u00eda ninguna \u00abduda\u00bb al respecto, pese a que anticip\u00f3 que no votar\u00e1 a favor.<\/strong><\/p>\n<p>\u00abNo me gusta el cambio de fecha porque es cambiar las reglas del juego muy encima\u00bb, explic\u00f3 el senador a la radio Cooperativa, y sostuvo que la modificaci\u00f3n de la fecha deber\u00eda haber sido resuelta \u00abhace m\u00e1s de un mes\u00bb.<\/p>\n<p>En el caso de sancionarse el proyecto de ley -que ya fue aprobado ayer por la C\u00e1mara de Diputados-, las elecciones que marcar\u00e1n el futuro pol\u00edtico del pa\u00eds a mediano y largo plazo se efectuar\u00e1n el 15 y el 16 de mayo.<\/p>\n<p>Qu\u00e9&nbsp; se elige<\/p>\n<p>Por una parte, se elegir\u00e1n los 155 convencionales constituyentes que tendr\u00e1n entre nueve y 12 meses para redactar una nueva Constituci\u00f3n que reemplazar\u00e1 a la actual, escrita en 1980 durante la dictadura del general Augusto Pinochet (1973-90).<\/p>\n<p>Tambi\u00e9n los chilenos elegir\u00e1n por primera vez a sus 16 gobernadores regionales, figura que reemplaza a los intendentes regionales, luego de aprobarse la ley sobre la materia en 2017.<\/p>\n<p>En la jornada electoral escoger\u00e1n adem\u00e1s a 345 alcaldes (intendentes) y a 2.240 concejales.<\/p>\n<p>Estas elecciones ser\u00e1n in\u00e9ditas en Chile, ya que por primera vez se votar\u00e1 en dos d\u00edas, medida promovida por los diferentes sectores pol\u00edticos con el fin de evitar aglomeraciones en centros electorales e impulsar la participaci\u00f3n de los ciudadanos.<\/p>\n<p>El cambio en la fecha de la elecci\u00f3n mover\u00eda otros eventos electorales que deben realizarse este a\u00f1o, como la segunda vuelta de las elecciones de gobernadores, fijadas para el 9 de mayo, y las primarias presidenciales (4 de julio).\u2028\u2028<\/p>\n<p><strong>El balotaje de las elecciones de gobernadores regionales quedar\u00eda para el 13 de junio y las elecciones primarias presidenciales ser\u00edan el 18 de julio.<\/strong><\/p>\n<p>Negociaciones para el cambio de fecha<\/p>\n<p>El proyecto para cambiar la fecha de las elecciones gener\u00f3 intensas negociaciones entre el gobierno y la oposici\u00f3n a poco m\u00e1s de una semana de la doble jornada electoral y uno de los puntos en discusi\u00f3n es la gratuidad del transporte p\u00fablico durante los comicios.<\/p>\n<p>De hecho, la reforma fue aprobada en Diputados con votos opositores, a cambio de que el Ejecutivo se comprometiera a mejorar y hacer m\u00e1s accesibles los actuales programas de ayudas sociales a los m\u00e1s afectados por la pandemia.<\/p>\n<p>Estos programas est\u00e1n enfocados en ayudar a todos los cesantes del pa\u00eds a causa del decreto de cuarentenas por el coronavirus.<\/p>\n<p>Igualmente, sectores de la oposici\u00f3n, tanto en Diputados como en el Senado, criticaron a Pi\u00f1era por haber presentado el proyecto de ley muy cerca de la fecha de la elecci\u00f3n, ya que los n\u00fameros de la pandemia hac\u00edan suponer que ser\u00eda necesaria la postergaci\u00f3n.<\/p>\n<p>Mientras se discut\u00eda la iniciativa en comisiones del Senado, el gobierno decidi\u00f3 cerrar nuevamente todas sus fronteras el pr\u00f3ximo lunes por 30 d\u00edas, restringir los viajes al extranjero y prohibir la entrada de extranjeros no residentes, luego de registrar un r\u00e9cord de 7.830 casos de coronavirus y sobrepasar el mill\u00f3n de contagiados totales pese a su exitosa campa\u00f1a de vacunaci\u00f3n.<\/p>\n<p>Chile sumaba desde el comienzo de la pandemia 1.003.406 contagiados, de los cuales 42.915 personas ten\u00edan la infecci\u00f3n activa y 23.328 fallecieron por la enfermedad, inform\u00f3 hoy el Ministerio de Salud, y de ese modo era el sexto pa\u00eds de Am\u00e9rica latina con m\u00e1s casos confirmados acumulados, seg\u00fan la Organizaci\u00f3n Mundial de la Salud (OMS). <\/p>\n","protected":false},"excerpt":{"rendered":"<p>El Senado de Chile votar\u00e1 el proyecto de reforma constitucional que aplaza para mayo las elecciones. El Senado de Chile votar\u00e1 este domingo el proyecto de reforma constitucional que aplaza para el 15 y el 16 de mayo pr\u00f3ximos las elecciones de convencionales constituyentes, gobernadores, alcaldes (intendentes) y concejales programadas en principio para el 10 [&hellip;]<\/p>\n","protected":false},"author":1,"featured_media":16641,"comment_status":"open","ping_status":"closed","sticky":false,"template":"","format":"standard","meta":[],"categories":[19],"tags":[],"_links":{"self":[{"href":"http:\/\/hoycordobaweb.com\/index.php\/wp-json\/wp\/v2\/posts\/16640"}],"collection":[{"href":"http:\/\/hoycordobaweb.com\/index.php\/wp-json\/wp\/v2\/posts"}],"about":[{"href":"http:\/\/hoycordobaweb.com\/index.php\/wp-json\/wp\/v2\/types\/post"}],"author":[{"embeddable":true,"href":"http:\/\/hoycordobaweb.com\/index.php\/wp-json\/wp\/v2\/users\/1"}],"replies":[{"embeddable":true,"href":"http:\/\/hoycordobaweb.com\/index.php\/wp-json\/wp\/v2\/comments?post=16640"}],"version-history":[{"count":0,"href":"http:\/\/hoycordobaweb.com\/index.php\/wp-json\/wp\/v2\/posts\/16640\/revisions"}],"wp:featuredmedia":[{"embeddable":true,"href":"http:\/\/hoycordobaweb.com\/index.php\/wp-json\/wp\/v2\/media\/16641"}],"wp:attachment":[{"href":"http:\/\/hoycordobaweb.com\/index.php\/wp-json\/wp\/v2\/media?parent=16640"}],"wp:term":[{"taxonomy":"category","embeddable":true,"href":"http:\/\/hoycordobaweb.com\/index.php\/wp-json\/wp\/v2\/categories?post=16640"},{"taxonomy":"post_tag","embeddable":true,"href":"http:\/\/hoycordobaweb.com\/index.php\/wp-json\/wp\/v2\/tags?post=16640"}],"curies":[{"name":"wp","href":"https:\/\/api.w.org\/{rel}","templated":true}]}}